{"id":7291,"date":"2026-04-29T09:05:09","date_gmt":"2026-04-29T13:05:09","guid":{"rendered":"https:\/\/bombazoinformativo.com\/?p=7291"},"modified":"2026-04-29T09:05:10","modified_gmt":"2026-04-29T13:05:10","slug":"ministro-de-energia-y-minas-afirma-que-la-busqueda-de-balance-entre-medioambiente-e-impacto-economico-debe-definir-el-futuro-de-la-mineria-en-el-pais","status":"publish","type":"post","link":"https:\/\/bombazoinformativo.com\/index.php\/2026\/04\/29\/ministro-de-energia-y-minas-afirma-que-la-busqueda-de-balance-entre-medioambiente-e-impacto-economico-debe-definir-el-futuro-de-la-mineria-en-el-pais\/","title":{"rendered":"Ministro de Energ\u00eda y Minas afirma que la b\u00fasqueda de balance entre medioambiente e impacto econ\u00f3mico debe definir el futuro de la miner\u00eda en el pa\u00eds"},"content":{"rendered":"\n<h2 class=\"wp-block-heading\">Indic\u00f3 que la decisi\u00f3n en San Juan debe estar sustentada en la ciencia, respeto al debido proceso y al di\u00e1logo<\/h2>\n\n\n\n<p>Santo Domingo.- El ministro de Energ\u00eda y Minas,&nbsp;<strong>Joel Santos<\/strong>, afirm\u00f3 este martes que el&nbsp;<strong>futuro de la miner\u00eda en el pa\u00eds<\/strong>&nbsp;debe definirse a partir de un&nbsp;<strong>balance real<\/strong>&nbsp;entre<strong>&nbsp;la protecci\u00f3n ambiental y el desarrollo econ\u00f3mico,<\/strong>&nbsp;al advertir que cualquier decisi\u00f3n sobre proyectos tiene que sustentarse en&nbsp;<strong>evidencia cient\u00edfica<\/strong>, el respeto al&nbsp;<strong>debido proceso&nbsp;<\/strong>y un&nbsp;<strong>di\u00e1logo transparente<\/strong>&nbsp;con las comunidades.<\/p>\n\n\n\n<p>Precis\u00f3, adem\u00e1s, que el&nbsp;<strong>debate<\/strong>&nbsp;sobre el&nbsp;<strong>desarrollo minero en San Juan de la Maguana<\/strong>&nbsp;se centra en la ecuaci\u00f3n de garantizar el&nbsp;<strong>crecimiento econ\u00f3mico sin comprometer los recursos naturales ni la estabilidad social<\/strong>&nbsp;de las comunidades.<\/p>\n\n\n\n<p>Santos sostuvo que cualquier decisi\u00f3n deber\u00e1 estar sustentada en&nbsp;<strong>criterios t\u00e9cnicos<\/strong>&nbsp;y en el respeto estricto del debido proceso, tras explicar que en la actualidad se desarrolla un&nbsp;<strong>estudio de impacto ambiental<\/strong>&nbsp;conforme a los lineamientos del&nbsp;<strong>Ministerio de Medio Ambiente y Recursos Naturales<\/strong>, elaborado por especialistas internacionales.<\/p>\n\n\n\n<p><em>\u201cEn Rep\u00fablica Dominicana las decisiones no pueden basarse en rumores. Se construyen con evidencia, con institucionalidad y con di\u00e1logo directo con la gente\u201d,<\/em>&nbsp;precis\u00f3.<\/p>\n\n\n\n<p>El titular de Energ\u00eda y Minas insisti\u00f3 en que&nbsp;<strong>el desarrollo minero sostenible no es incompatible con la protecci\u00f3n ambiental,<\/strong>&nbsp;pero recalc\u00f3 que la clave est\u00e1 en el balance.&nbsp;<em>\u201cNo se trata de elegir entre econom\u00eda o medio ambiente, sino de garantizar que ambos convivan bajo reglas claras y supervisi\u00f3n t\u00e9cnica rigurosa\u201d,<\/em>&nbsp;indic\u00f3.<\/p>\n\n\n\n<p>En ese contexto, reafirm\u00f3 que el&nbsp;<strong>rol del Gobierno&nbsp;<\/strong>no es promover proyectos a cualquier costo, sino actuar como&nbsp;<strong>garante del inter\u00e9s nacional<\/strong>.<em>&nbsp;\u201cEn una provincia con fuerte vocaci\u00f3n agr\u00edcola como San Juan, el enfoque debe ser responsable, respetando su identidad productiva y protegiendo sus recursos h\u00eddricos y suelos\u201d<\/em>, sostuvo.<\/p>\n\n\n\n<p>Santos agreg\u00f3 que la miner\u00eda mantiene&nbsp;<strong>niveles salariales competitivos<\/strong>, genera&nbsp;<strong>encadenamientos productivos<\/strong>&nbsp;relevantes y posee un car\u00e1cter contrac\u00edclico que le permite sostener su&nbsp;<strong>aporte<\/strong>, incluso, en contextos internacionales complejos, contribuyendo a la&nbsp;<strong>estabilidad econ\u00f3mica<\/strong>&nbsp;nacional.<\/p>\n\n\n\n<p>Tambi\u00e9n destac\u00f3&nbsp;<strong>el peso del sector en la econom\u00eda dominicana.<\/strong>&nbsp;Inform\u00f3 que la miner\u00eda registr\u00f3 un&nbsp;<strong>crecimiento de 7.7 %<\/strong>&nbsp;durante el primer trimestre de 2026, posicion\u00e1ndose como la actividad de mayor dinamismo, en un contexto donde la econom\u00eda nacional acumul\u00f3 una expansi\u00f3n de 4.1 %, seg\u00fan el Indicador Mensual de Actividad Econ\u00f3mica&nbsp;<strong>(IMAE) del Banco Central.<\/strong><\/p>\n\n\n\n<p>Explic\u00f3 que ese desempe\u00f1o estuvo impulsado por mayores vol\u00famenes de extracci\u00f3n de oro, plata y materiales de construcci\u00f3n, consolidando a&nbsp;<strong>la miner\u00eda como uno de los principales pilares exportadores del pa\u00eds<\/strong>. Record\u00f3 que en 2025 las exportaciones mineras superaron los&nbsp;<strong>USD 2,500 millones<\/strong>, con el oro como principal producto.<\/p>\n\n\n\n<p>Asimismo, subray\u00f3 el&nbsp;<strong>impacto fiscal<\/strong>&nbsp;del sector, cuyos aportes alcanzaron aproximadamente&nbsp;<strong>RD 45,000 millones el pasado a\u00f1o<\/strong>, fortaleciendo las finanzas p\u00fablicas y respaldando la inversi\u00f3n social del Estado.<\/p>\n\n\n\n<p>Como parte de la visi\u00f3n de futuro, el ministro anunci\u00f3 que el Gobierno impulsa un proyecto de ley orientado a la&nbsp;<strong>modernizaci\u00f3n del sector minero<\/strong>, que abarcar\u00e1 aspectos clave como la&nbsp;<strong>relaci\u00f3n con las comunidades<\/strong>, el&nbsp;<strong>r\u00e9gimen fiscal<\/strong>&nbsp;y el fortalecimiento de las&nbsp;<strong>normativas ambientales<\/strong>.<\/p>\n\n\n\n<p><em>\u201cEl objetivo es construir un marco m\u00e1s moderno, transparente y equilibrado, donde el desarrollo econ\u00f3mico avance sin comprometer el bienestar de la gente ni los recursos del pa\u00eds\u201d<\/em>, concluy\u00f3.<\/p>\n","protected":false},"excerpt":{"rendered":"<p>Indic\u00f3 que la decisi\u00f3n en San Juan debe estar sustentada en la ciencia, respeto al debido proceso y al di\u00e1logo Santo Domingo.- El ministro de Energ\u00eda y Minas,&nbsp;Joel Santos, afirm\u00f3 este martes que el&nbsp;futuro de la miner\u00eda en el pa\u00eds&nbsp;debe definirse a partir de un&nbsp;balance real&nbsp;entre&nbsp;la protecci\u00f3n ambiental y el desarrollo econ\u00f3mico,&nbsp;al advertir que cualquier&#8230;<\/p>\n","protected":false},"author":4,"featured_media":7292,"comment_status":"open","ping_status":"open","sticky":false,"template":"","format":"standard","meta":{"_jetpack_memberships_contains_paid_content":false,"footnotes":""},"categories":[24],"tags":[1973,1405,2942,2682],"class_list":["post-7291","post","type-post","status-publish","format-standard","has-post-thumbnail","hentry","category-nacionales","tag-balance","tag-energia-y-minas","tag-medioambiente","tag-mineria"],"yoast_head":"<!-- This site is optimized with the Yoast SEO plugin v27.5 - https:\/\/yoast.com\/product\/yoast-seo-wordpress\/ -->\n<title>Ministro de Energ\u00eda y Minas afirma que la b\u00fasqueda de balance entre medioambiente e impacto econ\u00f3mico debe definir el futuro de la miner\u00eda en el pa\u00eds - Bombazo Informativo<\/title>\n<meta name=\"description\" content=\"El ministro de Energ\u00eda y Minas,\u00a0Joel Santos, afirm\u00f3 este martes que el\u00a0futuro de la miner\u00eda en el pa\u00eds\u00a0debe definirse a partir de un\u00a0balance real\u00a0entre\u00a0la protecci\u00f3n ambiental y el desarrollo econ\u00f3mico,\u00a0al advertir que cualquier decisi\u00f3n sobre proyectos tiene que sustentarse en\u00a0evidencia cient\u00edfica, el respeto al\u00a0debido proceso\u00a0y un\u00a0di\u00e1logo transparente\u00a0con las comunidades.\" \/>\n<meta name=\"robots\" content=\"index, follow, max-snippet:-1, max-image-preview:large, max-video-preview:-1\" \/>\n<link rel=\"canonical\" href=\"https:\/\/bombazoinformativo.com\/index.php\/2026\/04\/29\/ministro-de-energia-y-minas-afirma-que-la-busqueda-de-balance-entre-medioambiente-e-impacto-economico-debe-definir-el-futuro-de-la-mineria-en-el-pais\/\" \/>\n<meta property=\"og:locale\" content=\"es_ES\" \/>\n<meta property=\"og:type\" content=\"article\" \/>\n<meta property=\"og:title\" content=\"Ministro de Energ\u00eda y Minas afirma que la b\u00fasqueda de balance entre medioambiente e impacto econ\u00f3mico debe definir el futuro de la miner\u00eda en el pa\u00eds - Bombazo Informativo\" \/>\n<meta property=\"og:description\" content=\"El ministro de Energ\u00eda y Minas,\u00a0Joel Santos, afirm\u00f3 este martes que el\u00a0futuro de la miner\u00eda en el pa\u00eds\u00a0debe definirse a partir de un\u00a0balance real\u00a0entre\u00a0la protecci\u00f3n ambiental y el desarrollo econ\u00f3mico,\u00a0al advertir que cualquier decisi\u00f3n sobre proyectos tiene que sustentarse en\u00a0evidencia cient\u00edfica, el respeto al\u00a0debido proceso\u00a0y un\u00a0di\u00e1logo transparente\u00a0con las comunidades.\" \/>\n<meta property=\"og:url\" content=\"https:\/\/bombazoinformativo.com\/index.php\/2026\/04\/29\/ministro-de-energia-y-minas-afirma-que-la-busqueda-de-balance-entre-medioambiente-e-impacto-economico-debe-definir-el-futuro-de-la-mineria-en-el-pais\/\" \/>\n<meta property=\"og:site_name\" content=\"Bombazo Informativo\" \/>\n<meta property=\"article:published_time\" content=\"2026-04-29T13:05:09+00:00\" \/>\n<meta property=\"article:modified_time\" content=\"2026-04-29T13:05:10+00:00\" \/>\n<meta property=\"og:image\" content=\"https:\/\/bombazoinformativo.com\/wp-content\/uploads\/2026\/04\/WhatsApp-Image-2026-04-28-at-1.37.19-PM.jpeg\" \/>\n\t<meta property=\"og:image:width\" content=\"1300\" \/>\n\t<meta property=\"og:image:height\" content=\"731\" \/>\n\t<meta property=\"og:image:type\" content=\"image\/jpeg\" \/>\n<meta name=\"author\" content=\"Bombazo Informativo\" \/>\n<meta name=\"twitter:card\" content=\"summary_large_image\" \/>\n<meta name=\"twitter:label1\" content=\"Written by\" \/>\n\t<meta name=\"twitter:data1\" content=\"Bombazo Informativo\" \/>\n\t<meta name=\"twitter:label2\" content=\"Est. reading time\" \/>\n\t<meta name=\"twitter:data2\" content=\"3 minutos\" \/>\n<script type=\"application\/ld+json\" class=\"yoast-schema-graph\">{\"@context\":\"https:\\\/\\\/schema.org\",\"@graph\":[{\"@type\":\"Article\",\"@id\":\"https:\\\/\\\/bombazoinformativo.com\\\/index.php\\\/2026\\\/04\\\/29\\\/ministro-de-energia-y-minas-afirma-que-la-busqueda-de-balance-entre-medioambiente-e-impacto-economico-debe-definir-el-futuro-de-la-mineria-en-el-pais\\\/#article\",\"isPartOf\":{\"@id\":\"https:\\\/\\\/bombazoinformativo.com\\\/index.php\\\/2026\\\/04\\\/29\\\/ministro-de-energia-y-minas-afirma-que-la-busqueda-de-balance-entre-medioambiente-e-impacto-economico-debe-definir-el-futuro-de-la-mineria-en-el-pais\\\/\"},\"author\":{\"name\":\"Bombazo Informativo\",\"@id\":\"https:\\\/\\\/bombazoinformativo.com\\\/#\\\/schema\\\/person\\\/8a14f30019ce669c2ff632f56c95babc\"},\"headline\":\"Ministro de Energ\u00eda y Minas afirma que la b\u00fasqueda de balance entre medioambiente e impacto econ\u00f3mico debe definir el futuro de la miner\u00eda en el pa\u00eds\",\"datePublished\":\"2026-04-29T13:05:09+00:00\",\"dateModified\":\"2026-04-29T13:05:10+00:00\",\"mainEntityOfPage\":{\"@id\":\"https:\\\/\\\/bombazoinformativo.com\\\/index.php\\\/2026\\\/04\\\/29\\\/ministro-de-energia-y-minas-afirma-que-la-busqueda-de-balance-entre-medioambiente-e-impacto-economico-debe-definir-el-futuro-de-la-mineria-en-el-pais\\\/\"},\"wordCount\":669,\"commentCount\":0,\"publisher\":{\"@id\":\"https:\\\/\\\/bombazoinformativo.com\\\/#organization\"},\"image\":{\"@id\":\"https:\\\/\\\/bombazoinformativo.com\\\/index.php\\\/2026\\\/04\\\/29\\\/ministro-de-energia-y-minas-afirma-que-la-busqueda-de-balance-entre-medioambiente-e-impacto-economico-debe-definir-el-futuro-de-la-mineria-en-el-pais\\\/#primaryimage\"},\"thumbnailUrl\":\"https:\\\/\\\/bombazoinformativo.com\\\/wp-content\\\/uploads\\\/2026\\\/04\\\/WhatsApp-Image-2026-04-28-at-1.37.19-PM.jpeg\",\"keywords\":[\"Balance\",\"Energ\u00eda y Minas\",\"Medioambiente\",\"Miner\u00eda\"],\"articleSection\":[\"Nacionales\"],\"inLanguage\":\"es-DO\",\"potentialAction\":[{\"@type\":\"CommentAction\",\"name\":\"Comment\",\"target\":[\"https:\\\/\\\/bombazoinformativo.com\\\/index.php\\\/2026\\\/04\\\/29\\\/ministro-de-energia-y-minas-afirma-que-la-busqueda-de-balance-entre-medioambiente-e-impacto-economico-debe-definir-el-futuro-de-la-mineria-en-el-pais\\\/#respond\"]}]},{\"@type\":\"WebPage\",\"@id\":\"https:\\\/\\\/bombazoinformativo.com\\\/index.php\\\/2026\\\/04\\\/29\\\/ministro-de-energia-y-minas-afirma-que-la-busqueda-de-balance-entre-medioambiente-e-impacto-economico-debe-definir-el-futuro-de-la-mineria-en-el-pais\\\/\",\"url\":\"https:\\\/\\\/bombazoinformativo.com\\\/index.php\\\/2026\\\/04\\\/29\\\/ministro-de-energia-y-minas-afirma-que-la-busqueda-de-balance-entre-medioambiente-e-impacto-economico-debe-definir-el-futuro-de-la-mineria-en-el-pais\\\/\",\"name\":\"Ministro de Energ\u00eda y Minas afirma que la b\u00fasqueda de balance entre medioambiente e impacto econ\u00f3mico debe definir el futuro de la miner\u00eda en el pa\u00eds - Bombazo Informativo\",\"isPartOf\":{\"@id\":\"https:\\\/\\\/bombazoinformativo.com\\\/#website\"},\"primaryImageOfPage\":{\"@id\":\"https:\\\/\\\/bombazoinformativo.com\\\/index.php\\\/2026\\\/04\\\/29\\\/ministro-de-energia-y-minas-afirma-que-la-busqueda-de-balance-entre-medioambiente-e-impacto-economico-debe-definir-el-futuro-de-la-mineria-en-el-pais\\\/#primaryimage\"},\"image\":{\"@id\":\"https:\\\/\\\/bombazoinformativo.com\\\/index.php\\\/2026\\\/04\\\/29\\\/ministro-de-energia-y-minas-afirma-que-la-busqueda-de-balance-entre-medioambiente-e-impacto-economico-debe-definir-el-futuro-de-la-mineria-en-el-pais\\\/#primaryimage\"},\"thumbnailUrl\":\"https:\\\/\\\/bombazoinformativo.com\\\/wp-content\\\/uploads\\\/2026\\\/04\\\/WhatsApp-Image-2026-04-28-at-1.37.19-PM.jpeg\",\"datePublished\":\"2026-04-29T13:05:09+00:00\",\"dateModified\":\"2026-04-29T13:05:10+00:00\",\"description\":\"El ministro de Energ\u00eda y Minas,\u00a0Joel Santos, afirm\u00f3 este martes que el\u00a0futuro de la miner\u00eda en el pa\u00eds\u00a0debe definirse a partir de un\u00a0balance real\u00a0entre\u00a0la protecci\u00f3n ambiental y el desarrollo econ\u00f3mico,\u00a0al advertir que cualquier decisi\u00f3n sobre proyectos tiene que sustentarse en\u00a0evidencia cient\u00edfica, el respeto al\u00a0debido proceso\u00a0y un\u00a0di\u00e1logo transparente\u00a0con las comunidades.\",\"breadcrumb\":{\"@id\":\"https:\\\/\\\/bombazoinformativo.com\\\/index.php\\\/2026\\\/04\\\/29\\\/ministro-de-energia-y-minas-afirma-que-la-busqueda-de-balance-entre-medioambiente-e-impacto-economico-debe-definir-el-futuro-de-la-mineria-en-el-pais\\\/#breadcrumb\"},\"inLanguage\":\"es-DO\",\"potentialAction\":[{\"@type\":\"ReadAction\",\"target\":[\"https:\\\/\\\/bombazoinformativo.com\\\/index.php\\\/2026\\\/04\\\/29\\\/ministro-de-energia-y-minas-afirma-que-la-busqueda-de-balance-entre-medioambiente-e-impacto-economico-debe-definir-el-futuro-de-la-mineria-en-el-pais\\\/\"]}]},{\"@type\":\"ImageObject\",\"inLanguage\":\"es-DO\",\"@id\":\"https:\\\/\\\/bombazoinformativo.com\\\/index.php\\\/2026\\\/04\\\/29\\\/ministro-de-energia-y-minas-afirma-que-la-busqueda-de-balance-entre-medioambiente-e-impacto-economico-debe-definir-el-futuro-de-la-mineria-en-el-pais\\\/#primaryimage\",\"url\":\"https:\\\/\\\/bombazoinformativo.com\\\/wp-content\\\/uploads\\\/2026\\\/04\\\/WhatsApp-Image-2026-04-28-at-1.37.19-PM.jpeg\",\"contentUrl\":\"https:\\\/\\\/bombazoinformativo.com\\\/wp-content\\\/uploads\\\/2026\\\/04\\\/WhatsApp-Image-2026-04-28-at-1.37.19-PM.jpeg\",\"width\":1300,\"height\":731},{\"@type\":\"BreadcrumbList\",\"@id\":\"https:\\\/\\\/bombazoinformativo.com\\\/index.php\\\/2026\\\/04\\\/29\\\/ministro-de-energia-y-minas-afirma-que-la-busqueda-de-balance-entre-medioambiente-e-impacto-economico-debe-definir-el-futuro-de-la-mineria-en-el-pais\\\/#breadcrumb\",\"itemListElement\":[{\"@type\":\"ListItem\",\"position\":1,\"name\":\"Home\",\"item\":\"https:\\\/\\\/bombazoinformativo.com\\\/\"},{\"@type\":\"ListItem\",\"position\":2,\"name\":\"Ministro de Energ\u00eda y Minas afirma que la b\u00fasqueda de balance entre medioambiente e impacto econ\u00f3mico debe definir el futuro de la miner\u00eda en el pa\u00eds\"}]},{\"@type\":\"WebSite\",\"@id\":\"https:\\\/\\\/bombazoinformativo.com\\\/#website\",\"url\":\"https:\\\/\\\/bombazoinformativo.com\\\/\",\"name\":\"Bombazo Informativo\",\"description\":\"En el Bombazo Informativo tenemos el objetivo de brindarte informaciones veraces, con claridad y objetividad.\",\"publisher\":{\"@id\":\"https:\\\/\\\/bombazoinformativo.com\\\/#organization\"},\"potentialAction\":[{\"@type\":\"SearchAction\",\"target\":{\"@type\":\"EntryPoint\",\"urlTemplate\":\"https:\\\/\\\/bombazoinformativo.com\\\/?s={search_term_string}\"},\"query-input\":{\"@type\":\"PropertyValueSpecification\",\"valueRequired\":true,\"valueName\":\"search_term_string\"}}],\"inLanguage\":\"es-DO\"},{\"@type\":\"Organization\",\"@id\":\"https:\\\/\\\/bombazoinformativo.com\\\/#organization\",\"name\":\"Bombazo Informativo\",\"url\":\"https:\\\/\\\/bombazoinformativo.com\\\/\",\"logo\":{\"@type\":\"ImageObject\",\"inLanguage\":\"es-DO\",\"@id\":\"https:\\\/\\\/bombazoinformativo.com\\\/#\\\/schema\\\/logo\\\/image\\\/\",\"url\":\"https:\\\/\\\/bombazoinformativo.com\\\/wp-content\\\/uploads\\\/2024\\\/11\\\/cropped-WhatsApp-Image-2024-11-29-at-12.01.48-PM.jpeg\",\"contentUrl\":\"https:\\\/\\\/bombazoinformativo.com\\\/wp-content\\\/uploads\\\/2024\\\/11\\\/cropped-WhatsApp-Image-2024-11-29-at-12.01.48-PM.jpeg\",\"width\":1599,\"height\":315,\"caption\":\"Bombazo Informativo\"},\"image\":{\"@id\":\"https:\\\/\\\/bombazoinformativo.com\\\/#\\\/schema\\\/logo\\\/image\\\/\"}},{\"@type\":\"Person\",\"@id\":\"https:\\\/\\\/bombazoinformativo.com\\\/#\\\/schema\\\/person\\\/8a14f30019ce669c2ff632f56c95babc\",\"name\":\"Bombazo Informativo\",\"image\":{\"@type\":\"ImageObject\",\"inLanguage\":\"es-DO\",\"@id\":\"https:\\\/\\\/bombazoinformativo.com\\\/wp-content\\\/litespeed\\\/avatar\\\/b076bbe918e43ad70d1f99495fbecd83.jpg?ver=1777262154\",\"url\":\"https:\\\/\\\/bombazoinformativo.com\\\/wp-content\\\/litespeed\\\/avatar\\\/b076bbe918e43ad70d1f99495fbecd83.jpg?ver=1777262154\",\"contentUrl\":\"https:\\\/\\\/bombazoinformativo.com\\\/wp-content\\\/litespeed\\\/avatar\\\/b076bbe918e43ad70d1f99495fbecd83.jpg?ver=1777262154\",\"caption\":\"Bombazo Informativo\"},\"url\":\"https:\\\/\\\/bombazoinformativo.com\\\/index.php\\\/author\\\/bombazo-informativo\\\/\"}]}<\/script>\n<!-- \/ Yoast SEO plugin. -->","yoast_head_json":{"title":"Ministro de Energ\u00eda y Minas afirma que la b\u00fasqueda de balance entre medioambiente e impacto econ\u00f3mico debe definir el futuro de la miner\u00eda en el pa\u00eds - Bombazo Informativo","description":"El ministro de Energ\u00eda y Minas,\u00a0Joel Santos, afirm\u00f3 este martes que el\u00a0futuro de la miner\u00eda en el pa\u00eds\u00a0debe definirse a partir de un\u00a0balance real\u00a0entre\u00a0la protecci\u00f3n ambiental y el desarrollo econ\u00f3mico,\u00a0al advertir que cualquier decisi\u00f3n sobre proyectos tiene que sustentarse en\u00a0evidencia cient\u00edfica, el respeto al\u00a0debido proceso\u00a0y un\u00a0di\u00e1logo transparente\u00a0con las comunidades.","robots":{"index":"index","follow":"follow","max-snippet":"max-snippet:-1","max-image-preview":"max-image-preview:large","max-video-preview":"max-video-preview:-1"},"canonical":"https:\/\/bombazoinformativo.com\/index.php\/2026\/04\/29\/ministro-de-energia-y-minas-afirma-que-la-busqueda-de-balance-entre-medioambiente-e-impacto-economico-debe-definir-el-futuro-de-la-mineria-en-el-pais\/","og_locale":"es_ES","og_type":"article","og_title":"Ministro de Energ\u00eda y Minas afirma que la b\u00fasqueda de balance entre medioambiente e impacto econ\u00f3mico debe definir el futuro de la miner\u00eda en el pa\u00eds - Bombazo Informativo","og_description":"El ministro de Energ\u00eda y Minas,\u00a0Joel Santos, afirm\u00f3 este martes que el\u00a0futuro de la miner\u00eda en el pa\u00eds\u00a0debe definirse a partir de un\u00a0balance real\u00a0entre\u00a0la protecci\u00f3n ambiental y el desarrollo econ\u00f3mico,\u00a0al advertir que cualquier decisi\u00f3n sobre proyectos tiene que sustentarse en\u00a0evidencia cient\u00edfica, el respeto al\u00a0debido proceso\u00a0y un\u00a0di\u00e1logo transparente\u00a0con las comunidades.","og_url":"https:\/\/bombazoinformativo.com\/index.php\/2026\/04\/29\/ministro-de-energia-y-minas-afirma-que-la-busqueda-de-balance-entre-medioambiente-e-impacto-economico-debe-definir-el-futuro-de-la-mineria-en-el-pais\/","og_site_name":"Bombazo Informativo","article_published_time":"2026-04-29T13:05:09+00:00","article_modified_time":"2026-04-29T13:05:10+00:00","og_image":[{"width":1300,"height":731,"url":"https:\/\/bombazoinformativo.com\/wp-content\/uploads\/2026\/04\/WhatsApp-Image-2026-04-28-at-1.37.19-PM.jpeg","type":"image\/jpeg"}],"author":"Bombazo Informativo","twitter_card":"summary_large_image","twitter_misc":{"Written by":"Bombazo Informativo","Est. reading time":"3 minutos"},"schema":{"@context":"https:\/\/schema.org","@graph":[{"@type":"Article","@id":"https:\/\/bombazoinformativo.com\/index.php\/2026\/04\/29\/ministro-de-energia-y-minas-afirma-que-la-busqueda-de-balance-entre-medioambiente-e-impacto-economico-debe-definir-el-futuro-de-la-mineria-en-el-pais\/#article","isPartOf":{"@id":"https:\/\/bombazoinformativo.com\/index.php\/2026\/04\/29\/ministro-de-energia-y-minas-afirma-que-la-busqueda-de-balance-entre-medioambiente-e-impacto-economico-debe-definir-el-futuro-de-la-mineria-en-el-pais\/"},"author":{"name":"Bombazo Informativo","@id":"https:\/\/bombazoinformativo.com\/#\/schema\/person\/8a14f30019ce669c2ff632f56c95babc"},"headline":"Ministro de Energ\u00eda y Minas afirma que la b\u00fasqueda de balance entre medioambiente e impacto econ\u00f3mico debe definir el futuro de la miner\u00eda en el pa\u00eds","datePublished":"2026-04-29T13:05:09+00:00","dateModified":"2026-04-29T13:05:10+00:00","mainEntityOfPage":{"@id":"https:\/\/bombazoinformativo.com\/index.php\/2026\/04\/29\/ministro-de-energia-y-minas-afirma-que-la-busqueda-de-balance-entre-medioambiente-e-impacto-economico-debe-definir-el-futuro-de-la-mineria-en-el-pais\/"},"wordCount":669,"commentCount":0,"publisher":{"@id":"https:\/\/bombazoinformativo.com\/#organization"},"image":{"@id":"https:\/\/bombazoinformativo.com\/index.php\/2026\/04\/29\/ministro-de-energia-y-minas-afirma-que-la-busqueda-de-balance-entre-medioambiente-e-impacto-economico-debe-definir-el-futuro-de-la-mineria-en-el-pais\/#primaryimage"},"thumbnailUrl":"https:\/\/bombazoinformativo.com\/wp-content\/uploads\/2026\/04\/WhatsApp-Image-2026-04-28-at-1.37.19-PM.jpeg","keywords":["Balance","Energ\u00eda y Minas","Medioambiente","Miner\u00eda"],"articleSection":["Nacionales"],"inLanguage":"es-DO","potentialAction":[{"@type":"CommentAction","name":"Comment","target":["https:\/\/bombazoinformativo.com\/index.php\/2026\/04\/29\/ministro-de-energia-y-minas-afirma-que-la-busqueda-de-balance-entre-medioambiente-e-impacto-economico-debe-definir-el-futuro-de-la-mineria-en-el-pais\/#respond"]}]},{"@type":"WebPage","@id":"https:\/\/bombazoinformativo.com\/index.php\/2026\/04\/29\/ministro-de-energia-y-minas-afirma-que-la-busqueda-de-balance-entre-medioambiente-e-impacto-economico-debe-definir-el-futuro-de-la-mineria-en-el-pais\/","url":"https:\/\/bombazoinformativo.com\/index.php\/2026\/04\/29\/ministro-de-energia-y-minas-afirma-que-la-busqueda-de-balance-entre-medioambiente-e-impacto-economico-debe-definir-el-futuro-de-la-mineria-en-el-pais\/","name":"Ministro de Energ\u00eda y Minas afirma que la b\u00fasqueda de balance entre medioambiente e impacto econ\u00f3mico debe definir el futuro de la miner\u00eda en el pa\u00eds - Bombazo Informativo","isPartOf":{"@id":"https:\/\/bombazoinformativo.com\/#website"},"primaryImageOfPage":{"@id":"https:\/\/bombazoinformativo.com\/index.php\/2026\/04\/29\/ministro-de-energia-y-minas-afirma-que-la-busqueda-de-balance-entre-medioambiente-e-impacto-economico-debe-definir-el-futuro-de-la-mineria-en-el-pais\/#primaryimage"},"image":{"@id":"https:\/\/bombazoinformativo.com\/index.php\/2026\/04\/29\/ministro-de-energia-y-minas-afirma-que-la-busqueda-de-balance-entre-medioambiente-e-impacto-economico-debe-definir-el-futuro-de-la-mineria-en-el-pais\/#primaryimage"},"thumbnailUrl":"https:\/\/bombazoinformativo.com\/wp-content\/uploads\/2026\/04\/WhatsApp-Image-2026-04-28-at-1.37.19-PM.jpeg","datePublished":"2026-04-29T13:05:09+00:00","dateModified":"2026-04-29T13:05:10+00:00","description":"El ministro de Energ\u00eda y Minas,\u00a0Joel Santos, afirm\u00f3 este martes que el\u00a0futuro de la miner\u00eda en el pa\u00eds\u00a0debe definirse a partir de un\u00a0balance real\u00a0entre\u00a0la protecci\u00f3n ambiental y el desarrollo econ\u00f3mico,\u00a0al advertir que cualquier decisi\u00f3n sobre proyectos tiene que sustentarse en\u00a0evidencia cient\u00edfica, el respeto al\u00a0debido proceso\u00a0y un\u00a0di\u00e1logo transparente\u00a0con las comunidades.","breadcrumb":{"@id":"https:\/\/bombazoinformativo.com\/index.php\/2026\/04\/29\/ministro-de-energia-y-minas-afirma-que-la-busqueda-de-balance-entre-medioambiente-e-impacto-economico-debe-definir-el-futuro-de-la-mineria-en-el-pais\/#breadcrumb"},"inLanguage":"es-DO","potentialAction":[{"@type":"ReadAction","target":["https:\/\/bombazoinformativo.com\/index.php\/2026\/04\/29\/ministro-de-energia-y-minas-afirma-que-la-busqueda-de-balance-entre-medioambiente-e-impacto-economico-debe-definir-el-futuro-de-la-mineria-en-el-pais\/"]}]},{"@type":"ImageObject","inLanguage":"es-DO","@id":"https:\/\/bombazoinformativo.com\/index.php\/2026\/04\/29\/ministro-de-energia-y-minas-afirma-que-la-busqueda-de-balance-entre-medioambiente-e-impacto-economico-debe-definir-el-futuro-de-la-mineria-en-el-pais\/#primaryimage","url":"https:\/\/bombazoinformativo.com\/wp-content\/uploads\/2026\/04\/WhatsApp-Image-2026-04-28-at-1.37.19-PM.jpeg","contentUrl":"https:\/\/bombazoinformativo.com\/wp-content\/uploads\/2026\/04\/WhatsApp-Image-2026-04-28-at-1.37.19-PM.jpeg","width":1300,"height":731},{"@type":"BreadcrumbList","@id":"https:\/\/bombazoinformativo.com\/index.php\/2026\/04\/29\/ministro-de-energia-y-minas-afirma-que-la-busqueda-de-balance-entre-medioambiente-e-impacto-economico-debe-definir-el-futuro-de-la-mineria-en-el-pais\/#breadcrumb","itemListElement":[{"@type":"ListItem","position":1,"name":"Home","item":"https:\/\/bombazoinformativo.com\/"},{"@type":"ListItem","position":2,"name":"Ministro de Energ\u00eda y Minas afirma que la b\u00fasqueda de balance entre medioambiente e impacto econ\u00f3mico debe definir el futuro de la miner\u00eda en el pa\u00eds"}]},{"@type":"WebSite","@id":"https:\/\/bombazoinformativo.com\/#website","url":"https:\/\/bombazoinformativo.com\/","name":"Bombazo Informativo","description":"En el Bombazo Informativo tenemos el objetivo de brindarte informaciones veraces, con claridad y objetividad.","publisher":{"@id":"https:\/\/bombazoinformativo.com\/#organization"},"potentialAction":[{"@type":"SearchAction","target":{"@type":"EntryPoint","urlTemplate":"https:\/\/bombazoinformativo.com\/?s={search_term_string}"},"query-input":{"@type":"PropertyValueSpecification","valueRequired":true,"valueName":"search_term_string"}}],"inLanguage":"es-DO"},{"@type":"Organization","@id":"https:\/\/bombazoinformativo.com\/#organization","name":"Bombazo Informativo","url":"https:\/\/bombazoinformativo.com\/","logo":{"@type":"ImageObject","inLanguage":"es-DO","@id":"https:\/\/bombazoinformativo.com\/#\/schema\/logo\/image\/","url":"https:\/\/bombazoinformativo.com\/wp-content\/uploads\/2024\/11\/cropped-WhatsApp-Image-2024-11-29-at-12.01.48-PM.jpeg","contentUrl":"https:\/\/bombazoinformativo.com\/wp-content\/uploads\/2024\/11\/cropped-WhatsApp-Image-2024-11-29-at-12.01.48-PM.jpeg","width":1599,"height":315,"caption":"Bombazo Informativo"},"image":{"@id":"https:\/\/bombazoinformativo.com\/#\/schema\/logo\/image\/"}},{"@type":"Person","@id":"https:\/\/bombazoinformativo.com\/#\/schema\/person\/8a14f30019ce669c2ff632f56c95babc","name":"Bombazo Informativo","image":{"@type":"ImageObject","inLanguage":"es-DO","@id":"https:\/\/bombazoinformativo.com\/wp-content\/litespeed\/avatar\/b076bbe918e43ad70d1f99495fbecd83.jpg?ver=1777262154","url":"https:\/\/bombazoinformativo.com\/wp-content\/litespeed\/avatar\/b076bbe918e43ad70d1f99495fbecd83.jpg?ver=1777262154","contentUrl":"https:\/\/bombazoinformativo.com\/wp-content\/litespeed\/avatar\/b076bbe918e43ad70d1f99495fbecd83.jpg?ver=1777262154","caption":"Bombazo Informativo"},"url":"https:\/\/bombazoinformativo.com\/index.php\/author\/bombazo-informativo\/"}]}},"jetpack_featured_media_url":"https:\/\/bombazoinformativo.com\/wp-content\/uploads\/2026\/04\/WhatsApp-Image-2026-04-28-at-1.37.19-PM.jpeg","jetpack_sharing_enabled":true,"_links":{"self":[{"href":"https:\/\/bombazoinformativo.com\/index.php\/wp-json\/wp\/v2\/posts\/7291","targetHints":{"allow":["GET"]}}],"collection":[{"href":"https:\/\/bombazoinformativo.com\/index.php\/wp-json\/wp\/v2\/posts"}],"about":[{"href":"https:\/\/bombazoinformativo.com\/index.php\/wp-json\/wp\/v2\/types\/post"}],"author":[{"embeddable":true,"href":"https:\/\/bombazoinformativo.com\/index.php\/wp-json\/wp\/v2\/users\/4"}],"replies":[{"embeddable":true,"href":"https:\/\/bombazoinformativo.com\/index.php\/wp-json\/wp\/v2\/comments?post=7291"}],"version-history":[{"count":1,"href":"https:\/\/bombazoinformativo.com\/index.php\/wp-json\/wp\/v2\/posts\/7291\/revisions"}],"predecessor-version":[{"id":7293,"href":"https:\/\/bombazoinformativo.com\/index.php\/wp-json\/wp\/v2\/posts\/7291\/revisions\/7293"}],"wp:featuredmedia":[{"embeddable":true,"href":"https:\/\/bombazoinformativo.com\/index.php\/wp-json\/wp\/v2\/media\/7292"}],"wp:attachment":[{"href":"https:\/\/bombazoinformativo.com\/index.php\/wp-json\/wp\/v2\/media?parent=7291"}],"wp:term":[{"taxonomy":"category","embeddable":true,"href":"https:\/\/bombazoinformativo.com\/index.php\/wp-json\/wp\/v2\/categories?post=7291"},{"taxonomy":"post_tag","embeddable":true,"href":"https:\/\/bombazoinformativo.com\/index.php\/wp-json\/wp\/v2\/tags?post=7291"}],"curies":[{"name":"wp","href":"https:\/\/api.w.org\/{rel}","templated":true}]}}