{"id":7287,"date":"2026-04-28T10:58:29","date_gmt":"2026-04-28T14:58:29","guid":{"rendered":"https:\/\/bombazoinformativo.com\/?p=7287"},"modified":"2026-04-28T10:58:30","modified_gmt":"2026-04-28T14:58:30","slug":"comandante-general-del-ejercito-refuerza-supervision-y-presencia-en-la-linea-fronteriza","status":"publish","type":"post","link":"https:\/\/bombazoinformativo.com\/index.php\/2026\/04\/28\/comandante-general-del-ejercito-refuerza-supervision-y-presencia-en-la-linea-fronteriza\/","title":{"rendered":"Comandante General del Ej\u00e9rcito refuerza supervisi\u00f3n y presencia en la l\u00ednea fronteriza"},"content":{"rendered":"\n<p>El Comandante General del Ej\u00e9rcito de Rep\u00fablica Dominicana, Mayor General Jorge Iv\u00e1n Camino P\u00e9rez, ERD, realiz\u00f3 un extenso recorrido por diversos puntos fronterizos de las provincias Independencia, El\u00edas Pi\u00f1a y Dajab\u00f3n, abarcando m\u00faltiples destacamentos, compa\u00f1\u00edas y puestos estrat\u00e9gicos, reafirmando la presencia operativa del Ej\u00e9rcito en la zona fronteriza y el compromiso institucional con la seguridad territorial.<\/p>\n\n\n\n<p>La jornada inici\u00f3 en la comunidad de Jiman\u00ed, donde visit\u00f3 la Fortaleza El Rodeo, asiento del 14to. Batall\u00f3n de Infanter\u00eda. Desde all\u00ed se traslad\u00f3 al destacamento La 240, continuando hacia la Pir\u00e1mide 243.<\/p>\n\n\n\n<p>Posteriormente, inspeccion\u00f3 el destacamento de Tierra Nueva y el puesto Las Lajas. M\u00e1s adelante, visit\u00f3 el reci\u00e9n construido destacamento de Tierra Virgen, seguido por el destacamento Cacique Enriquillo.<\/p>\n\n\n\n<p>El recorrido continu\u00f3 hacia la 25ta. Compa\u00f1\u00eda de Infanter\u00eda, con asiento en el municipio de Pedro Santana, provincia El\u00edas Pi\u00f1a, desde donde inspeccion\u00f3 el puente sobre el r\u00edo Artibonito, punto que marca el inicio de la carretera internacional en direcci\u00f3n sur\u2013norte.<\/p>\n\n\n\n<p>Luego, se traslad\u00f3 al puesto El Fort\u00edn, desde donde visit\u00f3 el puente sobre el r\u00edo Lib\u00f3n, en el municipio de Restauraci\u00f3n, provincia Dajab\u00f3n, punto de partida de la carretera internacional en direcci\u00f3n norte\u2013sur.<\/p>\n\n\n\n<p>El trayecto incluy\u00f3 adem\u00e1s un recorrido aproximado de 10 kil\u00f3metros de esta v\u00eda, abarcando las comunidades de Tilory y Villa Anacaona. Durante este tramo, inspeccion\u00f3 el destacamento de Villa Anacaona y el puesto Los Algodones, concluyendo en el puesto avanzado de Guayajayuco.<\/p>\n\n\n\n<p>La jornada culmin\u00f3 con una visita a la Fortaleza Beller, asiento del 10mo. Batall\u00f3n de Infanter\u00eda, en la provincia Dajab\u00f3n, donde el Comandante General se dirigi\u00f3 a las tropas en formaci\u00f3n, exhort\u00e1ndoles a fortalecer la vigilancia y a mantenerse apegados al cumplimiento estricto de sus tareas, garantizando la protecci\u00f3n del territorio nacional y la seguridad de las comunidades fronterizas.<\/p>\n\n\n\n<p>Acompa\u00f1aron al Mayor General Camino P\u00e9rez, el General de Brigada Rafael Antonio N\u00fa\u00f1ez Veloz, Inspector General del Ej\u00e9rcito; el General de Brigada Freddy Soto Thormann, Comandante de la 5ta. Brigada de Infanter\u00eda; y el General de Brigada Jos\u00e9 Manuel Dur\u00e1n Infante, Comandante de la 4ta. Brigada de Infanter\u00eda, junto a otros oficiales del Estado Mayor del Ej\u00e9rcito.<\/p>\n","protected":false},"excerpt":{"rendered":"<p>El Comandante General del Ej\u00e9rcito de Rep\u00fablica Dominicana, Mayor General Jorge Iv\u00e1n Camino P\u00e9rez, ERD, realiz\u00f3 un extenso recorrido por diversos puntos fronterizos de las provincias Independencia, El\u00edas Pi\u00f1a y Dajab\u00f3n, abarcando m\u00faltiples destacamentos, compa\u00f1\u00edas y puestos estrat\u00e9gicos, reafirmando la presencia operativa del Ej\u00e9rcito en la zona fronteriza y el compromiso institucional con la seguridad&#8230;<\/p>\n","protected":false},"author":4,"featured_media":7288,"comment_status":"open","ping_status":"open","sticky":false,"template":"","format":"standard","meta":{"_jetpack_memberships_contains_paid_content":false,"footnotes":""},"categories":[41],"tags":[3049,2182],"class_list":["post-7287","post","type-post","status-publish","format-standard","has-post-thumbnail","hentry","category-regionales","tag-linea-fronteriza","tag-supervision"],"yoast_head":"<!-- This site is optimized with the Yoast SEO plugin v27.4 - https:\/\/yoast.com\/product\/yoast-seo-wordpress\/ -->\n<title>Comandante General del Ej\u00e9rcito refuerza supervisi\u00f3n y presencia en la l\u00ednea fronteriza - Bombazo Informativo<\/title>\n<meta name=\"description\" content=\"El Comandante General del Ej\u00e9rcito de Rep\u00fablica Dominicana, Mayor General Jorge Iv\u00e1n Camino P\u00e9rez, ERD, realiz\u00f3 un extenso recorrido por diversos puntos fronterizos de las provincias Independencia, El\u00edas Pi\u00f1a y Dajab\u00f3n, abarcando m\u00faltiples destacamentos, compa\u00f1\u00edas y puestos estrat\u00e9gicos, reafirmando la presencia operativa del Ej\u00e9rcito en la zona fronteriza\" \/>\n<meta name=\"robots\" content=\"index, follow, max-snippet:-1, max-image-preview:large, max-video-preview:-1\" \/>\n<link rel=\"canonical\" href=\"https:\/\/bombazoinformativo.com\/index.php\/2026\/04\/28\/comandante-general-del-ejercito-refuerza-supervision-y-presencia-en-la-linea-fronteriza\/\" \/>\n<meta property=\"og:locale\" content=\"es_ES\" \/>\n<meta property=\"og:type\" content=\"article\" \/>\n<meta property=\"og:title\" content=\"Comandante General del Ej\u00e9rcito refuerza supervisi\u00f3n y presencia en la l\u00ednea fronteriza - Bombazo Informativo\" \/>\n<meta property=\"og:description\" content=\"El Comandante General del Ej\u00e9rcito de Rep\u00fablica Dominicana, Mayor General Jorge Iv\u00e1n Camino P\u00e9rez, ERD, realiz\u00f3 un extenso recorrido por diversos puntos fronterizos de las provincias Independencia, El\u00edas Pi\u00f1a y Dajab\u00f3n, abarcando m\u00faltiples destacamentos, compa\u00f1\u00edas y puestos estrat\u00e9gicos, reafirmando la presencia operativa del Ej\u00e9rcito en la zona fronteriza\" \/>\n<meta property=\"og:url\" content=\"https:\/\/bombazoinformativo.com\/index.php\/2026\/04\/28\/comandante-general-del-ejercito-refuerza-supervision-y-presencia-en-la-linea-fronteriza\/\" \/>\n<meta property=\"og:site_name\" content=\"Bombazo Informativo\" \/>\n<meta property=\"article:published_time\" content=\"2026-04-28T14:58:29+00:00\" \/>\n<meta property=\"article:modified_time\" content=\"2026-04-28T14:58:30+00:00\" \/>\n<meta property=\"og:image\" content=\"https:\/\/bombazoinformativo.com\/wp-content\/uploads\/2026\/04\/904-x-540-WEB-2026-04-28T094734.463-768x459-1.png\" \/>\n\t<meta property=\"og:image:width\" content=\"768\" \/>\n\t<meta property=\"og:image:height\" content=\"459\" \/>\n\t<meta property=\"og:image:type\" content=\"image\/png\" \/>\n<meta name=\"author\" content=\"Bombazo Informativo\" \/>\n<meta name=\"twitter:card\" content=\"summary_large_image\" \/>\n<meta name=\"twitter:label1\" content=\"Written by\" \/>\n\t<meta name=\"twitter:data1\" content=\"Bombazo Informativo\" \/>\n\t<meta name=\"twitter:label2\" content=\"Est. reading time\" \/>\n\t<meta name=\"twitter:data2\" content=\"2 minutos\" \/>\n<script type=\"application\/ld+json\" class=\"yoast-schema-graph\">{\"@context\":\"https:\\\/\\\/schema.org\",\"@graph\":[{\"@type\":\"Article\",\"@id\":\"https:\\\/\\\/bombazoinformativo.com\\\/index.php\\\/2026\\\/04\\\/28\\\/comandante-general-del-ejercito-refuerza-supervision-y-presencia-en-la-linea-fronteriza\\\/#article\",\"isPartOf\":{\"@id\":\"https:\\\/\\\/bombazoinformativo.com\\\/index.php\\\/2026\\\/04\\\/28\\\/comandante-general-del-ejercito-refuerza-supervision-y-presencia-en-la-linea-fronteriza\\\/\"},\"author\":{\"name\":\"Bombazo Informativo\",\"@id\":\"https:\\\/\\\/bombazoinformativo.com\\\/#\\\/schema\\\/person\\\/8a14f30019ce669c2ff632f56c95babc\"},\"headline\":\"Comandante General del Ej\u00e9rcito refuerza supervisi\u00f3n y presencia en la l\u00ednea fronteriza\",\"datePublished\":\"2026-04-28T14:58:29+00:00\",\"dateModified\":\"2026-04-28T14:58:30+00:00\",\"mainEntityOfPage\":{\"@id\":\"https:\\\/\\\/bombazoinformativo.com\\\/index.php\\\/2026\\\/04\\\/28\\\/comandante-general-del-ejercito-refuerza-supervision-y-presencia-en-la-linea-fronteriza\\\/\"},\"wordCount\":408,\"commentCount\":0,\"publisher\":{\"@id\":\"https:\\\/\\\/bombazoinformativo.com\\\/#organization\"},\"image\":{\"@id\":\"https:\\\/\\\/bombazoinformativo.com\\\/index.php\\\/2026\\\/04\\\/28\\\/comandante-general-del-ejercito-refuerza-supervision-y-presencia-en-la-linea-fronteriza\\\/#primaryimage\"},\"thumbnailUrl\":\"https:\\\/\\\/bombazoinformativo.com\\\/wp-content\\\/uploads\\\/2026\\\/04\\\/904-x-540-WEB-2026-04-28T094734.463-768x459-1.png\",\"keywords\":[\"L\u00ednea fronteriza\",\"Supervisi\u00f3n\"],\"articleSection\":[\"Regionales\"],\"inLanguage\":\"es-DO\",\"potentialAction\":[{\"@type\":\"CommentAction\",\"name\":\"Comment\",\"target\":[\"https:\\\/\\\/bombazoinformativo.com\\\/index.php\\\/2026\\\/04\\\/28\\\/comandante-general-del-ejercito-refuerza-supervision-y-presencia-en-la-linea-fronteriza\\\/#respond\"]}]},{\"@type\":\"WebPage\",\"@id\":\"https:\\\/\\\/bombazoinformativo.com\\\/index.php\\\/2026\\\/04\\\/28\\\/comandante-general-del-ejercito-refuerza-supervision-y-presencia-en-la-linea-fronteriza\\\/\",\"url\":\"https:\\\/\\\/bombazoinformativo.com\\\/index.php\\\/2026\\\/04\\\/28\\\/comandante-general-del-ejercito-refuerza-supervision-y-presencia-en-la-linea-fronteriza\\\/\",\"name\":\"Comandante General del Ej\u00e9rcito refuerza supervisi\u00f3n y presencia en la l\u00ednea fronteriza - Bombazo Informativo\",\"isPartOf\":{\"@id\":\"https:\\\/\\\/bombazoinformativo.com\\\/#website\"},\"primaryImageOfPage\":{\"@id\":\"https:\\\/\\\/bombazoinformativo.com\\\/index.php\\\/2026\\\/04\\\/28\\\/comandante-general-del-ejercito-refuerza-supervision-y-presencia-en-la-linea-fronteriza\\\/#primaryimage\"},\"image\":{\"@id\":\"https:\\\/\\\/bombazoinformativo.com\\\/index.php\\\/2026\\\/04\\\/28\\\/comandante-general-del-ejercito-refuerza-supervision-y-presencia-en-la-linea-fronteriza\\\/#primaryimage\"},\"thumbnailUrl\":\"https:\\\/\\\/bombazoinformativo.com\\\/wp-content\\\/uploads\\\/2026\\\/04\\\/904-x-540-WEB-2026-04-28T094734.463-768x459-1.png\",\"datePublished\":\"2026-04-28T14:58:29+00:00\",\"dateModified\":\"2026-04-28T14:58:30+00:00\",\"description\":\"El Comandante General del Ej\u00e9rcito de Rep\u00fablica Dominicana, Mayor General Jorge Iv\u00e1n Camino P\u00e9rez, ERD, realiz\u00f3 un extenso recorrido por diversos puntos fronterizos de las provincias Independencia, El\u00edas Pi\u00f1a y Dajab\u00f3n, abarcando m\u00faltiples destacamentos, compa\u00f1\u00edas y puestos estrat\u00e9gicos, reafirmando la presencia operativa del Ej\u00e9rcito en la zona fronteriza\",\"breadcrumb\":{\"@id\":\"https:\\\/\\\/bombazoinformativo.com\\\/index.php\\\/2026\\\/04\\\/28\\\/comandante-general-del-ejercito-refuerza-supervision-y-presencia-en-la-linea-fronteriza\\\/#breadcrumb\"},\"inLanguage\":\"es-DO\",\"potentialAction\":[{\"@type\":\"ReadAction\",\"target\":[\"https:\\\/\\\/bombazoinformativo.com\\\/index.php\\\/2026\\\/04\\\/28\\\/comandante-general-del-ejercito-refuerza-supervision-y-presencia-en-la-linea-fronteriza\\\/\"]}]},{\"@type\":\"ImageObject\",\"inLanguage\":\"es-DO\",\"@id\":\"https:\\\/\\\/bombazoinformativo.com\\\/index.php\\\/2026\\\/04\\\/28\\\/comandante-general-del-ejercito-refuerza-supervision-y-presencia-en-la-linea-fronteriza\\\/#primaryimage\",\"url\":\"https:\\\/\\\/bombazoinformativo.com\\\/wp-content\\\/uploads\\\/2026\\\/04\\\/904-x-540-WEB-2026-04-28T094734.463-768x459-1.png\",\"contentUrl\":\"https:\\\/\\\/bombazoinformativo.com\\\/wp-content\\\/uploads\\\/2026\\\/04\\\/904-x-540-WEB-2026-04-28T094734.463-768x459-1.png\",\"width\":768,\"height\":459},{\"@type\":\"BreadcrumbList\",\"@id\":\"https:\\\/\\\/bombazoinformativo.com\\\/index.php\\\/2026\\\/04\\\/28\\\/comandante-general-del-ejercito-refuerza-supervision-y-presencia-en-la-linea-fronteriza\\\/#breadcrumb\",\"itemListElement\":[{\"@type\":\"ListItem\",\"position\":1,\"name\":\"Home\",\"item\":\"https:\\\/\\\/bombazoinformativo.com\\\/\"},{\"@type\":\"ListItem\",\"position\":2,\"name\":\"Comandante General del Ej\u00e9rcito refuerza supervisi\u00f3n y presencia en la l\u00ednea fronteriza\"}]},{\"@type\":\"WebSite\",\"@id\":\"https:\\\/\\\/bombazoinformativo.com\\\/#website\",\"url\":\"https:\\\/\\\/bombazoinformativo.com\\\/\",\"name\":\"Bombazo Informativo\",\"description\":\"En el Bombazo Informativo tenemos el objetivo de brindarte informaciones veraces, con claridad y objetividad.\",\"publisher\":{\"@id\":\"https:\\\/\\\/bombazoinformativo.com\\\/#organization\"},\"potentialAction\":[{\"@type\":\"SearchAction\",\"target\":{\"@type\":\"EntryPoint\",\"urlTemplate\":\"https:\\\/\\\/bombazoinformativo.com\\\/?s={search_term_string}\"},\"query-input\":{\"@type\":\"PropertyValueSpecification\",\"valueRequired\":true,\"valueName\":\"search_term_string\"}}],\"inLanguage\":\"es-DO\"},{\"@type\":\"Organization\",\"@id\":\"https:\\\/\\\/bombazoinformativo.com\\\/#organization\",\"name\":\"Bombazo Informativo\",\"url\":\"https:\\\/\\\/bombazoinformativo.com\\\/\",\"logo\":{\"@type\":\"ImageObject\",\"inLanguage\":\"es-DO\",\"@id\":\"https:\\\/\\\/bombazoinformativo.com\\\/#\\\/schema\\\/logo\\\/image\\\/\",\"url\":\"https:\\\/\\\/bombazoinformativo.com\\\/wp-content\\\/uploads\\\/2024\\\/11\\\/cropped-WhatsApp-Image-2024-11-29-at-12.01.48-PM.jpeg\",\"contentUrl\":\"https:\\\/\\\/bombazoinformativo.com\\\/wp-content\\\/uploads\\\/2024\\\/11\\\/cropped-WhatsApp-Image-2024-11-29-at-12.01.48-PM.jpeg\",\"width\":1599,\"height\":315,\"caption\":\"Bombazo Informativo\"},\"image\":{\"@id\":\"https:\\\/\\\/bombazoinformativo.com\\\/#\\\/schema\\\/logo\\\/image\\\/\"}},{\"@type\":\"Person\",\"@id\":\"https:\\\/\\\/bombazoinformativo.com\\\/#\\\/schema\\\/person\\\/8a14f30019ce669c2ff632f56c95babc\",\"name\":\"Bombazo Informativo\",\"image\":{\"@type\":\"ImageObject\",\"inLanguage\":\"es-DO\",\"@id\":\"https:\\\/\\\/bombazoinformativo.com\\\/wp-content\\\/litespeed\\\/avatar\\\/b076bbe918e43ad70d1f99495fbecd83.jpg?ver=1777262154\",\"url\":\"https:\\\/\\\/bombazoinformativo.com\\\/wp-content\\\/litespeed\\\/avatar\\\/b076bbe918e43ad70d1f99495fbecd83.jpg?ver=1777262154\",\"contentUrl\":\"https:\\\/\\\/bombazoinformativo.com\\\/wp-content\\\/litespeed\\\/avatar\\\/b076bbe918e43ad70d1f99495fbecd83.jpg?ver=1777262154\",\"caption\":\"Bombazo Informativo\"},\"url\":\"https:\\\/\\\/bombazoinformativo.com\\\/index.php\\\/author\\\/bombazo-informativo\\\/\"}]}<\/script>\n<!-- \/ Yoast SEO plugin. -->","yoast_head_json":{"title":"Comandante General del Ej\u00e9rcito refuerza supervisi\u00f3n y presencia en la l\u00ednea fronteriza - Bombazo Informativo","description":"El Comandante General del Ej\u00e9rcito de Rep\u00fablica Dominicana, Mayor General Jorge Iv\u00e1n Camino P\u00e9rez, ERD, realiz\u00f3 un extenso recorrido por diversos puntos fronterizos de las provincias Independencia, El\u00edas Pi\u00f1a y Dajab\u00f3n, abarcando m\u00faltiples destacamentos, compa\u00f1\u00edas y puestos estrat\u00e9gicos, reafirmando la presencia operativa del Ej\u00e9rcito en la zona fronteriza","robots":{"index":"index","follow":"follow","max-snippet":"max-snippet:-1","max-image-preview":"max-image-preview:large","max-video-preview":"max-video-preview:-1"},"canonical":"https:\/\/bombazoinformativo.com\/index.php\/2026\/04\/28\/comandante-general-del-ejercito-refuerza-supervision-y-presencia-en-la-linea-fronteriza\/","og_locale":"es_ES","og_type":"article","og_title":"Comandante General del Ej\u00e9rcito refuerza supervisi\u00f3n y presencia en la l\u00ednea fronteriza - Bombazo Informativo","og_description":"El Comandante General del Ej\u00e9rcito de Rep\u00fablica Dominicana, Mayor General Jorge Iv\u00e1n Camino P\u00e9rez, ERD, realiz\u00f3 un extenso recorrido por diversos puntos fronterizos de las provincias Independencia, El\u00edas Pi\u00f1a y Dajab\u00f3n, abarcando m\u00faltiples destacamentos, compa\u00f1\u00edas y puestos estrat\u00e9gicos, reafirmando la presencia operativa del Ej\u00e9rcito en la zona fronteriza","og_url":"https:\/\/bombazoinformativo.com\/index.php\/2026\/04\/28\/comandante-general-del-ejercito-refuerza-supervision-y-presencia-en-la-linea-fronteriza\/","og_site_name":"Bombazo Informativo","article_published_time":"2026-04-28T14:58:29+00:00","article_modified_time":"2026-04-28T14:58:30+00:00","og_image":[{"width":768,"height":459,"url":"https:\/\/bombazoinformativo.com\/wp-content\/uploads\/2026\/04\/904-x-540-WEB-2026-04-28T094734.463-768x459-1.png","type":"image\/png"}],"author":"Bombazo Informativo","twitter_card":"summary_large_image","twitter_misc":{"Written by":"Bombazo Informativo","Est. reading time":"2 minutos"},"schema":{"@context":"https:\/\/schema.org","@graph":[{"@type":"Article","@id":"https:\/\/bombazoinformativo.com\/index.php\/2026\/04\/28\/comandante-general-del-ejercito-refuerza-supervision-y-presencia-en-la-linea-fronteriza\/#article","isPartOf":{"@id":"https:\/\/bombazoinformativo.com\/index.php\/2026\/04\/28\/comandante-general-del-ejercito-refuerza-supervision-y-presencia-en-la-linea-fronteriza\/"},"author":{"name":"Bombazo Informativo","@id":"https:\/\/bombazoinformativo.com\/#\/schema\/person\/8a14f30019ce669c2ff632f56c95babc"},"headline":"Comandante General del Ej\u00e9rcito refuerza supervisi\u00f3n y presencia en la l\u00ednea fronteriza","datePublished":"2026-04-28T14:58:29+00:00","dateModified":"2026-04-28T14:58:30+00:00","mainEntityOfPage":{"@id":"https:\/\/bombazoinformativo.com\/index.php\/2026\/04\/28\/comandante-general-del-ejercito-refuerza-supervision-y-presencia-en-la-linea-fronteriza\/"},"wordCount":408,"commentCount":0,"publisher":{"@id":"https:\/\/bombazoinformativo.com\/#organization"},"image":{"@id":"https:\/\/bombazoinformativo.com\/index.php\/2026\/04\/28\/comandante-general-del-ejercito-refuerza-supervision-y-presencia-en-la-linea-fronteriza\/#primaryimage"},"thumbnailUrl":"https:\/\/bombazoinformativo.com\/wp-content\/uploads\/2026\/04\/904-x-540-WEB-2026-04-28T094734.463-768x459-1.png","keywords":["L\u00ednea fronteriza","Supervisi\u00f3n"],"articleSection":["Regionales"],"inLanguage":"es-DO","potentialAction":[{"@type":"CommentAction","name":"Comment","target":["https:\/\/bombazoinformativo.com\/index.php\/2026\/04\/28\/comandante-general-del-ejercito-refuerza-supervision-y-presencia-en-la-linea-fronteriza\/#respond"]}]},{"@type":"WebPage","@id":"https:\/\/bombazoinformativo.com\/index.php\/2026\/04\/28\/comandante-general-del-ejercito-refuerza-supervision-y-presencia-en-la-linea-fronteriza\/","url":"https:\/\/bombazoinformativo.com\/index.php\/2026\/04\/28\/comandante-general-del-ejercito-refuerza-supervision-y-presencia-en-la-linea-fronteriza\/","name":"Comandante General del Ej\u00e9rcito refuerza supervisi\u00f3n y presencia en la l\u00ednea fronteriza - Bombazo Informativo","isPartOf":{"@id":"https:\/\/bombazoinformativo.com\/#website"},"primaryImageOfPage":{"@id":"https:\/\/bombazoinformativo.com\/index.php\/2026\/04\/28\/comandante-general-del-ejercito-refuerza-supervision-y-presencia-en-la-linea-fronteriza\/#primaryimage"},"image":{"@id":"https:\/\/bombazoinformativo.com\/index.php\/2026\/04\/28\/comandante-general-del-ejercito-refuerza-supervision-y-presencia-en-la-linea-fronteriza\/#primaryimage"},"thumbnailUrl":"https:\/\/bombazoinformativo.com\/wp-content\/uploads\/2026\/04\/904-x-540-WEB-2026-04-28T094734.463-768x459-1.png","datePublished":"2026-04-28T14:58:29+00:00","dateModified":"2026-04-28T14:58:30+00:00","description":"El Comandante General del Ej\u00e9rcito de Rep\u00fablica Dominicana, Mayor General Jorge Iv\u00e1n Camino P\u00e9rez, ERD, realiz\u00f3 un extenso recorrido por diversos puntos fronterizos de las provincias Independencia, El\u00edas Pi\u00f1a y Dajab\u00f3n, abarcando m\u00faltiples destacamentos, compa\u00f1\u00edas y puestos estrat\u00e9gicos, reafirmando la presencia operativa del Ej\u00e9rcito en la zona fronteriza","breadcrumb":{"@id":"https:\/\/bombazoinformativo.com\/index.php\/2026\/04\/28\/comandante-general-del-ejercito-refuerza-supervision-y-presencia-en-la-linea-fronteriza\/#breadcrumb"},"inLanguage":"es-DO","potentialAction":[{"@type":"ReadAction","target":["https:\/\/bombazoinformativo.com\/index.php\/2026\/04\/28\/comandante-general-del-ejercito-refuerza-supervision-y-presencia-en-la-linea-fronteriza\/"]}]},{"@type":"ImageObject","inLanguage":"es-DO","@id":"https:\/\/bombazoinformativo.com\/index.php\/2026\/04\/28\/comandante-general-del-ejercito-refuerza-supervision-y-presencia-en-la-linea-fronteriza\/#primaryimage","url":"https:\/\/bombazoinformativo.com\/wp-content\/uploads\/2026\/04\/904-x-540-WEB-2026-04-28T094734.463-768x459-1.png","contentUrl":"https:\/\/bombazoinformativo.com\/wp-content\/uploads\/2026\/04\/904-x-540-WEB-2026-04-28T094734.463-768x459-1.png","width":768,"height":459},{"@type":"BreadcrumbList","@id":"https:\/\/bombazoinformativo.com\/index.php\/2026\/04\/28\/comandante-general-del-ejercito-refuerza-supervision-y-presencia-en-la-linea-fronteriza\/#breadcrumb","itemListElement":[{"@type":"ListItem","position":1,"name":"Home","item":"https:\/\/bombazoinformativo.com\/"},{"@type":"ListItem","position":2,"name":"Comandante General del Ej\u00e9rcito refuerza supervisi\u00f3n y presencia en la l\u00ednea fronteriza"}]},{"@type":"WebSite","@id":"https:\/\/bombazoinformativo.com\/#website","url":"https:\/\/bombazoinformativo.com\/","name":"Bombazo Informativo","description":"En el Bombazo Informativo tenemos el objetivo de brindarte informaciones veraces, con claridad y objetividad.","publisher":{"@id":"https:\/\/bombazoinformativo.com\/#organization"},"potentialAction":[{"@type":"SearchAction","target":{"@type":"EntryPoint","urlTemplate":"https:\/\/bombazoinformativo.com\/?s={search_term_string}"},"query-input":{"@type":"PropertyValueSpecification","valueRequired":true,"valueName":"search_term_string"}}],"inLanguage":"es-DO"},{"@type":"Organization","@id":"https:\/\/bombazoinformativo.com\/#organization","name":"Bombazo Informativo","url":"https:\/\/bombazoinformativo.com\/","logo":{"@type":"ImageObject","inLanguage":"es-DO","@id":"https:\/\/bombazoinformativo.com\/#\/schema\/logo\/image\/","url":"https:\/\/bombazoinformativo.com\/wp-content\/uploads\/2024\/11\/cropped-WhatsApp-Image-2024-11-29-at-12.01.48-PM.jpeg","contentUrl":"https:\/\/bombazoinformativo.com\/wp-content\/uploads\/2024\/11\/cropped-WhatsApp-Image-2024-11-29-at-12.01.48-PM.jpeg","width":1599,"height":315,"caption":"Bombazo Informativo"},"image":{"@id":"https:\/\/bombazoinformativo.com\/#\/schema\/logo\/image\/"}},{"@type":"Person","@id":"https:\/\/bombazoinformativo.com\/#\/schema\/person\/8a14f30019ce669c2ff632f56c95babc","name":"Bombazo Informativo","image":{"@type":"ImageObject","inLanguage":"es-DO","@id":"https:\/\/bombazoinformativo.com\/wp-content\/litespeed\/avatar\/b076bbe918e43ad70d1f99495fbecd83.jpg?ver=1777262154","url":"https:\/\/bombazoinformativo.com\/wp-content\/litespeed\/avatar\/b076bbe918e43ad70d1f99495fbecd83.jpg?ver=1777262154","contentUrl":"https:\/\/bombazoinformativo.com\/wp-content\/litespeed\/avatar\/b076bbe918e43ad70d1f99495fbecd83.jpg?ver=1777262154","caption":"Bombazo Informativo"},"url":"https:\/\/bombazoinformativo.com\/index.php\/author\/bombazo-informativo\/"}]}},"jetpack_featured_media_url":"https:\/\/bombazoinformativo.com\/wp-content\/uploads\/2026\/04\/904-x-540-WEB-2026-04-28T094734.463-768x459-1.png","jetpack_sharing_enabled":true,"_links":{"self":[{"href":"https:\/\/bombazoinformativo.com\/index.php\/wp-json\/wp\/v2\/posts\/7287","targetHints":{"allow":["GET"]}}],"collection":[{"href":"https:\/\/bombazoinformativo.com\/index.php\/wp-json\/wp\/v2\/posts"}],"about":[{"href":"https:\/\/bombazoinformativo.com\/index.php\/wp-json\/wp\/v2\/types\/post"}],"author":[{"embeddable":true,"href":"https:\/\/bombazoinformativo.com\/index.php\/wp-json\/wp\/v2\/users\/4"}],"replies":[{"embeddable":true,"href":"https:\/\/bombazoinformativo.com\/index.php\/wp-json\/wp\/v2\/comments?post=7287"}],"version-history":[{"count":1,"href":"https:\/\/bombazoinformativo.com\/index.php\/wp-json\/wp\/v2\/posts\/7287\/revisions"}],"predecessor-version":[{"id":7289,"href":"https:\/\/bombazoinformativo.com\/index.php\/wp-json\/wp\/v2\/posts\/7287\/revisions\/7289"}],"wp:featuredmedia":[{"embeddable":true,"href":"https:\/\/bombazoinformativo.com\/index.php\/wp-json\/wp\/v2\/media\/7288"}],"wp:attachment":[{"href":"https:\/\/bombazoinformativo.com\/index.php\/wp-json\/wp\/v2\/media?parent=7287"}],"wp:term":[{"taxonomy":"category","embeddable":true,"href":"https:\/\/bombazoinformativo.com\/index.php\/wp-json\/wp\/v2\/categories?post=7287"},{"taxonomy":"post_tag","embeddable":true,"href":"https:\/\/bombazoinformativo.com\/index.php\/wp-json\/wp\/v2\/tags?post=7287"}],"curies":[{"name":"wp","href":"https:\/\/api.w.org\/{rel}","templated":true}]}}