{"id":7281,"date":"2026-04-28T10:03:00","date_gmt":"2026-04-28T14:03:00","guid":{"rendered":"https:\/\/bombazoinformativo.com\/?p=7281"},"modified":"2026-04-28T10:03:01","modified_gmt":"2026-04-28T14:03:01","slug":"asi-se-ve-la-nueva-plaza-de-vendedores-en-playa-de-sosua","status":"publish","type":"post","link":"https:\/\/bombazoinformativo.com\/index.php\/2026\/04\/28\/asi-se-ve-la-nueva-plaza-de-vendedores-en-playa-de-sosua\/","title":{"rendered":"As\u00ed se ve la nueva plaza de vendedores en playa de Sos\u00faa"},"content":{"rendered":"\n<p>Puerto\u00a0Plata.-\u00a0<strong>El presidente Luis\u00a0<\/strong><strong>Abinader<\/strong>\u00a0entreg\u00f3 este lunes las\u00a0<strong>obras renovadas<\/strong>\u00a0y la\u00a0<strong>nueva plaza de vendedores en playa\u00a0<\/strong><strong>Sos\u00faa<\/strong>, marcando el inicio de una transformaci\u00f3n integral orientada a posicionar este destino como\u00a0<strong>referente del turismo en la Rep\u00fablica Dominicana<\/strong>, mediante un plan estatal que combina\u00a0<strong>inversi\u00f3n, ordenamiento y desarrollo sostenible.<\/strong>\u00a0<\/p>\n\n\n\n<p>Durante el acto, el mandatario resalt\u00f3 el&nbsp;<strong>valor<\/strong>&nbsp;<strong>hist\u00f3rico, social y tur\u00edstico<\/strong>&nbsp;de&nbsp;Sos\u00faa, al tiempo que evoc\u00f3 su v\u00ednculo personal con la zona desde la infancia, describi\u00e9ndola como una de las&nbsp;<strong>playas m\u00e1s emblem\u00e1ticas<\/strong>&nbsp;del pa\u00eds. Subray\u00f3 que este proyecto representa<em>&nbsp;\u201cun renacer\u201d<\/em>&nbsp;para el destino, tras&nbsp;<strong>a\u00f1os de desorden urban\u00edstico y deterioro<\/strong>&nbsp;en su imagen.&nbsp;<\/p>\n\n\n\n<p>Explic\u00f3 que la intervenci\u00f3n no solo contempla la&nbsp;<strong>reorganizaci\u00f3n del frente costero y la dignificaci\u00f3n<\/strong>&nbsp;de los espacios de venta, sino tambi\u00e9n un enfoque integral que incluye&nbsp;<strong>saneamiento ambiental,<\/strong>&nbsp;recuperaci\u00f3n de \u00e1reas p\u00fablicas y&nbsp;<strong>fortalecimiento de la oferta tur\u00edstica<\/strong>. En ese sentido, asegur\u00f3 que el objetivo es convertir a&nbsp;Sos\u00faa&nbsp;en un destino&nbsp;<strong>familiar, seguro y sostenible.<\/strong>&nbsp;<\/p>\n\n\n\n<p>El jefe de Estado enfatiz\u00f3 que el desarrollo tur\u00edstico debe impactar directamente a todos los sectores, desde vendedores y turoperadores hasta inversionistas y trabajadores locales.<em>&nbsp;\u201cEste es un modelo donde ganamos todos\u201d,<\/em>&nbsp;afirm\u00f3, al destacar que la transformaci\u00f3n permitir\u00e1&nbsp;<strong>aumentar la llegada de visitantes y dinamizar la econom\u00eda<\/strong>&nbsp;de la zona.&nbsp;<\/p>\n\n\n\n<figure class=\"wp-block-image\"><img decoding=\"async\" src=\"https:\/\/www.presidencia.gob.do\/sites\/default\/files\/inline-images\/Dise%C3%B1o%20sin%20t%C3%ADtulo%20%2833%29.png\" alt=\"\"\/><\/figure>\n\n\n\n<p>Como parte de la estrategia de relanzamiento, mencion\u00f3 proyectos complementarios como el desarrollo de&nbsp;<strong>Punta Bergant\u00edn<\/strong>, orientado a atraer marcas hoteleras internacionales y fortalecer la promoci\u00f3n del destino en mercados globales. Asimismo, valor\u00f3 la renovaci\u00f3n de infraestructuras hoteleras existentes, lo que contribuir\u00e1 a&nbsp;<strong>elevar los est\u00e1ndares de calidad<\/strong>&nbsp;en la oferta tur\u00edstica.&nbsp;<\/p>\n\n\n\n<p>En el \u00e1mbito de la salud, anunci\u00f3 la construcci\u00f3n de un&nbsp;<strong>hospital traumatol\u00f3gico en&nbsp;<\/strong><strong>Sos\u00faa<\/strong>, cuya entrega est\u00e1 prevista para noviembre de este a\u00f1o. Este centro brindar\u00e1 atenci\u00f3n especializada en emergencias y accidentes, beneficiando a toda la regi\u00f3n Norte.&nbsp;<\/p>\n\n\n\n<p>Tambi\u00e9n adelant\u00f3 nuevas iniciativas en infraestructura, incluyendo proyectos en proceso de adjudicaci\u00f3n de la&nbsp;<strong>carretera del \u00c1mbar y la modernizaci\u00f3n del telef\u00e9rico<\/strong>. Adem\u00e1s, inform\u00f3 sobre el pr\u00f3ximo lanzamiento de un plan integral para el relanzamiento de&nbsp;<strong>Boca Chica.<\/strong>&nbsp;<\/p>\n\n\n\n<p>El presidente&nbsp;Abinader&nbsp;destac\u00f3 la importancia de la articulaci\u00f3n entre el&nbsp;<strong>Gobierno, el sector privado y las comunidades<\/strong>&nbsp;para lograr resultados sostenibles. Enfatiz\u00f3 que el progreso del pa\u00eds depende de la capacidad de alcanzar consensos y ejecutar&nbsp;<strong>pol\u00edticas p\u00fablicas<\/strong>&nbsp;que combinen&nbsp;<strong>orden con justicia social.<\/strong>&nbsp;<\/p>\n\n\n\n<figure class=\"wp-block-image\"><img decoding=\"async\" src=\"https:\/\/www.presidencia.gob.do\/sites\/default\/files\/inline-images\/Dise%C3%B1o%20sin%20t%C3%ADtulo%20%2835%29.png\" alt=\"\"\/><\/figure>\n\n\n\n<p>Al concluir, agradeci\u00f3 el respaldo de autoridades locales, empresarios, trabajadores del sector tur\u00edstico y residentes, y expres\u00f3 su confianza en que&nbsp;Sos\u00faa&nbsp;se consolide como un&nbsp;<strong>referente del turismo dominicano renovado.<\/strong>&nbsp;<\/p>\n\n\n\n<p><strong>Cumplimiento de un proyecto anhelado por d\u00e9cadas<\/strong>&nbsp;<\/p>\n\n\n\n<p>Por su parte, el ministro de la Presidencia,&nbsp;<strong>Jos\u00e9 Ignacio Paliza<\/strong>, destac\u00f3 el valor&nbsp;<strong>hist\u00f3rico y emocional<\/strong>&nbsp;de playa&nbsp;Sos\u00faa, resaltando que este destino ha sido parte esencial de la vida y los recuerdos de generaciones de dominicanos. Asimismo, reconoci\u00f3 la dedicaci\u00f3n de los hombres y mujeres que han mantenido viva su actividad y esencia a lo largo del tiempo.&nbsp;<\/p>\n\n\n\n<p>Afirm\u00f3 que el relanzamiento representa el cumplimiento de un proyecto anhelado por d\u00e9cadas, logrado gracias al impulso del&nbsp;<strong>gobierno del presidente Luis&nbsp;<\/strong><strong>Abinader<\/strong>&nbsp;y al trabajo coordinado con el ministro de Turismo,&nbsp;<strong>David Collado,<\/strong>&nbsp;quienes apostaron por devolverle a&nbsp;Sos\u00faa&nbsp;su esplendor mediante una intervenci\u00f3n&nbsp;<strong>planificada y sostenible<\/strong>.&nbsp;<\/p>\n\n\n\n<p>Paliza defini\u00f3 esta transformaci\u00f3n como un renacer y un reencuentro para el pa\u00eds, subrayando que&nbsp;Sos\u00faa&nbsp;reafirma su identidad como&nbsp;<strong>punto de encuentro de culturas y destino emblem\u00e1tico,<\/strong>&nbsp;celebrando este momento como el regreso al&nbsp;Sos\u00faa&nbsp;so\u00f1ado por toda la comunidad y por quienes visitan este importante polo tur\u00edstico.&nbsp;<\/p>\n\n\n\n<figure class=\"wp-block-image\"><img decoding=\"async\" src=\"https:\/\/www.presidencia.gob.do\/sites\/default\/files\/inline-images\/Dise%C3%B1o%20sin%20t%C3%ADtulo%20%2834%29_0.png\" alt=\"\"\/><\/figure>\n\n\n\n<p><strong>Turismo m\u00e1s inclusivo y ordenado<\/strong>&nbsp;<\/p>\n\n\n\n<p>El ministro de Turismo,&nbsp;<strong>David Collado,<\/strong>&nbsp;afirm\u00f3 que el relanzamiento de&nbsp;Sos\u00faa&nbsp;responde a una visi\u00f3n de rescatar espacios p\u00fablicos y ponerlos al servicio de la gente, promoviendo un&nbsp;<strong>turismo m\u00e1s inclusivo y ordenado.<\/strong>&nbsp;<\/p>\n\n\n\n<p>Destac\u00f3 que el proyecto, con una inversi\u00f3n cercana a los&nbsp;<strong>10 millones de d\u00f3lares,<\/strong>&nbsp;equivalentes a unos&nbsp;<strong>RD 568 millones<\/strong>, permiti\u00f3 recuperar el entorno, dignificar a los vendedores y fortalecer la oferta tur\u00edstica, garantizando&nbsp;<strong>mejores condiciones y oportunidades<\/strong>&nbsp;para quienes dependen de esta actividad.&nbsp;<\/p>\n\n\n\n<p>Indic\u00f3 que estas acciones forman parte de un plan nacional que ha impactado playas y malecones en todo el pa\u00eds, con m\u00e1s de&nbsp;<strong>RD 2,000 millones<\/strong>&nbsp;invertidos en&nbsp;<strong>Puerto Plata,&nbsp;<\/strong>como parte del compromiso con el desarrollo del destino.&nbsp;<\/p>\n\n\n\n<p>Asimismo, asegur\u00f3 que la Rep\u00fablica Dominicana vive un&nbsp;<strong>momento hist\u00f3rico en turismo,&nbsp;<\/strong>con cifras r\u00e9cord de visitantes y nuevas rutas a\u00e9reas, respaldadas por la estabilidad y la&nbsp;<strong>alianza p\u00fablico-privada.<\/strong>&nbsp;<\/p>\n\n\n\n<p>El proyecto incorpora&nbsp;<strong>79 locales comerciales<\/strong>: 57 destinados a la preparaci\u00f3n y venta de alimentos, 16 a la comercializaci\u00f3n de artesan\u00eda y regalos, adem\u00e1s de 2 bares y 4 quioscos, buscando&nbsp;<strong>diversificar la experiencia<\/strong>&nbsp;<strong>del visitante<\/strong>&nbsp;y fortalecer la econom\u00eda local.&nbsp;<\/p>\n\n\n\n<figure class=\"wp-block-image\"><img decoding=\"async\" src=\"https:\/\/www.presidencia.gob.do\/sites\/default\/files\/inline-images\/Dise%C3%B1o%20sin%20t%C3%ADtulo%20%2837%29_0.png\" alt=\"\"\/><\/figure>\n\n\n\n<p>Adem\u00e1s de la oferta comercial, incluye un parque comunitario, gimnasio al aire libre, ba\u00f1os p\u00fablicos y \u00e1reas de esparcimiento, promoviendo su uso tanto por residentes como por visitantes.&nbsp;<\/p>\n\n\n\n<p>Los locales&nbsp;<strong>fueron entregados equipados<\/strong>&nbsp;con estufas, refrigeradores, extractores y fregaderos, mientras que las \u00e1reas comunes cuentan con mobiliario urbano, sistemas de seguridad y manejo de desechos, garantizando&nbsp;<strong>condiciones \u00f3ptimas de operaci\u00f3n y sostenibilidad.<\/strong>&nbsp;<\/p>\n\n\n\n<p>Representantes de la asociaci\u00f3n de vendedores valoraron la ejecuci\u00f3n de la obra, destacando su impacto positivo en la&nbsp;<strong>organizaci\u00f3n del comercio y el desarrollo tur\u00edstico,&nbsp;<\/strong>as\u00ed como la&nbsp;<strong>transparencia del proceso.<\/strong>&nbsp;<\/p>\n\n\n\n<p><strong>Entrega de reconocimiento<\/strong>&nbsp;<\/p>\n\n\n\n<p>La&nbsp;<strong>Asociaci\u00f3n de Playa&nbsp;<\/strong><strong>Sos\u00faa<\/strong>&nbsp;otorg\u00f3 un reconocimiento al presidente Luis&nbsp;Abinader, destacando su&nbsp;<strong>compromiso y visi\u00f3n<\/strong>&nbsp;para el desarrollo del destino tur\u00edstico.&nbsp;<\/p>\n\n\n\n<p>Seg\u00fan el texto de la placa, la distinci\u00f3n resalta el impulso a la construcci\u00f3n de una nueva plaza destinada a los trabajadores playeros, as\u00ed como las acciones orientadas a fortalecer el&nbsp;<strong>turismo, la econom\u00eda local y el bienestar<\/strong>&nbsp;de las familias de&nbsp;Sos\u00faa.&nbsp;<\/p>\n\n\n\n<p>El reconocimiento tambi\u00e9n expresa que estas iniciativas dejan una huella significativa en el&nbsp;<strong>progreso y la dignidad<\/strong>&nbsp;de la comunidad, valorando el&nbsp;<strong>impacto social&nbsp;<\/strong>de las obras ejecutadas en la zona.&nbsp;<\/p>\n\n\n\n<p>La entrega fue realizada como muestra de gratitud y respeto por los&nbsp;<strong>aportes realizados&nbsp;<\/strong>en favor del desarrollo integral del destino.&nbsp;<\/p>\n\n\n\n<p>Estuvieron presentes en el acto la gobernadora&nbsp;<strong>Claritza&nbsp;<\/strong><strong>Rochtte<\/strong><strong>&nbsp;Peralta<\/strong>; la senadora&nbsp;<strong>Ginette<\/strong><strong>&nbsp;<\/strong><strong>Bournigal<\/strong>; el alcalde&nbsp;<strong>Wilfredo&nbsp;<\/strong><strong>Olivences<\/strong>; el presidente de la Direcci\u00f3n Nacional de Control de Drogas (DNCD),&nbsp;<strong>vicealmirante Jos\u00e9 Manuel Cabrera Ulloa<\/strong>; el director de la Polic\u00eda Tur\u00edstica (Politur),&nbsp;<strong>general&nbsp;<\/strong><strong>Minoru<\/strong><strong>&nbsp;<\/strong><strong>Matsunaga<\/strong>; la fiscal&nbsp;<strong>Hilda Patricia&nbsp;<\/strong><strong>Lagombra<\/strong><strong>&nbsp;Polanco<\/strong>; el alcalde de Puerto Plata,&nbsp;<strong>Di\u00f3medes<\/strong><strong>&nbsp;Roque<\/strong>, y los diputados&nbsp;<strong>Fiordaliza<\/strong><strong>&nbsp;Est\u00e9vez, Lidia P\u00e9rez,&nbsp;<\/strong><strong>Jhonny<\/strong><strong>&nbsp;Medina y Emil Dur\u00e1n<\/strong>, as\u00ed como el pastor&nbsp;<strong>Hip\u00f3lito Chalas,&nbsp;<\/strong>entre otras personalidades.&nbsp;<\/p>\n","protected":false},"excerpt":{"rendered":"<p>Puerto\u00a0Plata.-\u00a0El presidente Luis\u00a0Abinader\u00a0entreg\u00f3 este lunes las\u00a0obras renovadas\u00a0y la\u00a0nueva plaza de vendedores en playa\u00a0Sos\u00faa, marcando el inicio de una transformaci\u00f3n integral orientada a posicionar este destino como\u00a0referente del turismo en la Rep\u00fablica Dominicana, mediante un plan estatal que combina\u00a0inversi\u00f3n, ordenamiento y desarrollo sostenible.\u00a0 Durante el acto, el mandatario resalt\u00f3 el&nbsp;valor&nbsp;hist\u00f3rico, social y tur\u00edstico&nbsp;de&nbsp;Sos\u00faa, al tiempo que&#8230;<\/p>\n","protected":false},"author":4,"featured_media":7282,"comment_status":"open","ping_status":"open","sticky":false,"template":"","format":"standard","meta":{"_jetpack_memberships_contains_paid_content":false,"footnotes":""},"categories":[24],"tags":[1125,3047,3048],"class_list":["post-7281","post","type-post","status-publish","format-standard","has-post-thumbnail","hentry","category-nacionales","tag-plaza","tag-sosua","tag-vendedores"],"yoast_head":"<!-- This site is optimized with the Yoast SEO plugin v27.4 - https:\/\/yoast.com\/product\/yoast-seo-wordpress\/ -->\n<title>As\u00ed se ve la nueva plaza de vendedores en playa de Sos\u00faa - Bombazo Informativo<\/title>\n<meta name=\"description\" content=\"El presidente Luis\u00a0Abinader\u00a0entreg\u00f3 este lunes las\u00a0obras renovadas\u00a0y la\u00a0nueva plaza de vendedores en playa\u00a0Sos\u00faa, marcando el inicio de una transformaci\u00f3n integral orientada a posicionar este destino como\u00a0referente del turismo en la Rep\u00fablica Dominicana\" \/>\n<meta name=\"robots\" content=\"index, follow, max-snippet:-1, max-image-preview:large, max-video-preview:-1\" \/>\n<link rel=\"canonical\" href=\"https:\/\/bombazoinformativo.com\/index.php\/2026\/04\/28\/asi-se-ve-la-nueva-plaza-de-vendedores-en-playa-de-sosua\/\" \/>\n<meta property=\"og:locale\" content=\"es_ES\" \/>\n<meta property=\"og:type\" content=\"article\" \/>\n<meta property=\"og:title\" content=\"As\u00ed se ve la nueva plaza de vendedores en playa de Sos\u00faa - Bombazo Informativo\" \/>\n<meta property=\"og:description\" content=\"El presidente Luis\u00a0Abinader\u00a0entreg\u00f3 este lunes las\u00a0obras renovadas\u00a0y la\u00a0nueva plaza de vendedores en playa\u00a0Sos\u00faa, marcando el inicio de una transformaci\u00f3n integral orientada a posicionar este destino como\u00a0referente del turismo en la Rep\u00fablica Dominicana\" \/>\n<meta property=\"og:url\" content=\"https:\/\/bombazoinformativo.com\/index.php\/2026\/04\/28\/asi-se-ve-la-nueva-plaza-de-vendedores-en-playa-de-sosua\/\" \/>\n<meta property=\"og:site_name\" content=\"Bombazo Informativo\" \/>\n<meta property=\"article:published_time\" content=\"2026-04-28T14:03:00+00:00\" \/>\n<meta property=\"article:modified_time\" content=\"2026-04-28T14:03:01+00:00\" \/>\n<meta property=\"og:image\" content=\"https:\/\/bombazoinformativo.com\/wp-content\/uploads\/2026\/04\/Diseno-sin-titulo-36.png\" \/>\n\t<meta property=\"og:image:width\" content=\"1300\" \/>\n\t<meta property=\"og:image:height\" content=\"731\" \/>\n\t<meta property=\"og:image:type\" content=\"image\/png\" \/>\n<meta name=\"author\" content=\"Bombazo Informativo\" \/>\n<meta name=\"twitter:card\" content=\"summary_large_image\" \/>\n<meta name=\"twitter:label1\" content=\"Written by\" \/>\n\t<meta name=\"twitter:data1\" content=\"Bombazo Informativo\" \/>\n\t<meta name=\"twitter:label2\" content=\"Est. reading time\" \/>\n\t<meta name=\"twitter:data2\" content=\"6 minutos\" \/>\n<script type=\"application\/ld+json\" class=\"yoast-schema-graph\">{\"@context\":\"https:\\\/\\\/schema.org\",\"@graph\":[{\"@type\":\"Article\",\"@id\":\"https:\\\/\\\/bombazoinformativo.com\\\/index.php\\\/2026\\\/04\\\/28\\\/asi-se-ve-la-nueva-plaza-de-vendedores-en-playa-de-sosua\\\/#article\",\"isPartOf\":{\"@id\":\"https:\\\/\\\/bombazoinformativo.com\\\/index.php\\\/2026\\\/04\\\/28\\\/asi-se-ve-la-nueva-plaza-de-vendedores-en-playa-de-sosua\\\/\"},\"author\":{\"name\":\"Bombazo Informativo\",\"@id\":\"https:\\\/\\\/bombazoinformativo.com\\\/#\\\/schema\\\/person\\\/8a14f30019ce669c2ff632f56c95babc\"},\"headline\":\"As\u00ed se ve la nueva plaza de vendedores en playa de Sos\u00faa\",\"datePublished\":\"2026-04-28T14:03:00+00:00\",\"dateModified\":\"2026-04-28T14:03:01+00:00\",\"mainEntityOfPage\":{\"@id\":\"https:\\\/\\\/bombazoinformativo.com\\\/index.php\\\/2026\\\/04\\\/28\\\/asi-se-ve-la-nueva-plaza-de-vendedores-en-playa-de-sosua\\\/\"},\"wordCount\":1332,\"commentCount\":0,\"publisher\":{\"@id\":\"https:\\\/\\\/bombazoinformativo.com\\\/#organization\"},\"image\":{\"@id\":\"https:\\\/\\\/bombazoinformativo.com\\\/index.php\\\/2026\\\/04\\\/28\\\/asi-se-ve-la-nueva-plaza-de-vendedores-en-playa-de-sosua\\\/#primaryimage\"},\"thumbnailUrl\":\"https:\\\/\\\/bombazoinformativo.com\\\/wp-content\\\/uploads\\\/2026\\\/04\\\/Diseno-sin-titulo-36.png\",\"keywords\":[\"Plaza\",\"Sos\u00faa\",\"vendedores\"],\"articleSection\":[\"Nacionales\"],\"inLanguage\":\"es-DO\",\"potentialAction\":[{\"@type\":\"CommentAction\",\"name\":\"Comment\",\"target\":[\"https:\\\/\\\/bombazoinformativo.com\\\/index.php\\\/2026\\\/04\\\/28\\\/asi-se-ve-la-nueva-plaza-de-vendedores-en-playa-de-sosua\\\/#respond\"]}]},{\"@type\":\"WebPage\",\"@id\":\"https:\\\/\\\/bombazoinformativo.com\\\/index.php\\\/2026\\\/04\\\/28\\\/asi-se-ve-la-nueva-plaza-de-vendedores-en-playa-de-sosua\\\/\",\"url\":\"https:\\\/\\\/bombazoinformativo.com\\\/index.php\\\/2026\\\/04\\\/28\\\/asi-se-ve-la-nueva-plaza-de-vendedores-en-playa-de-sosua\\\/\",\"name\":\"As\u00ed se ve la nueva plaza de vendedores en playa de Sos\u00faa - Bombazo Informativo\",\"isPartOf\":{\"@id\":\"https:\\\/\\\/bombazoinformativo.com\\\/#website\"},\"primaryImageOfPage\":{\"@id\":\"https:\\\/\\\/bombazoinformativo.com\\\/index.php\\\/2026\\\/04\\\/28\\\/asi-se-ve-la-nueva-plaza-de-vendedores-en-playa-de-sosua\\\/#primaryimage\"},\"image\":{\"@id\":\"https:\\\/\\\/bombazoinformativo.com\\\/index.php\\\/2026\\\/04\\\/28\\\/asi-se-ve-la-nueva-plaza-de-vendedores-en-playa-de-sosua\\\/#primaryimage\"},\"thumbnailUrl\":\"https:\\\/\\\/bombazoinformativo.com\\\/wp-content\\\/uploads\\\/2026\\\/04\\\/Diseno-sin-titulo-36.png\",\"datePublished\":\"2026-04-28T14:03:00+00:00\",\"dateModified\":\"2026-04-28T14:03:01+00:00\",\"description\":\"El presidente Luis\u00a0Abinader\u00a0entreg\u00f3 este lunes las\u00a0obras renovadas\u00a0y la\u00a0nueva plaza de vendedores en playa\u00a0Sos\u00faa, marcando el inicio de una transformaci\u00f3n integral orientada a posicionar este destino como\u00a0referente del turismo en la Rep\u00fablica Dominicana\",\"breadcrumb\":{\"@id\":\"https:\\\/\\\/bombazoinformativo.com\\\/index.php\\\/2026\\\/04\\\/28\\\/asi-se-ve-la-nueva-plaza-de-vendedores-en-playa-de-sosua\\\/#breadcrumb\"},\"inLanguage\":\"es-DO\",\"potentialAction\":[{\"@type\":\"ReadAction\",\"target\":[\"https:\\\/\\\/bombazoinformativo.com\\\/index.php\\\/2026\\\/04\\\/28\\\/asi-se-ve-la-nueva-plaza-de-vendedores-en-playa-de-sosua\\\/\"]}]},{\"@type\":\"ImageObject\",\"inLanguage\":\"es-DO\",\"@id\":\"https:\\\/\\\/bombazoinformativo.com\\\/index.php\\\/2026\\\/04\\\/28\\\/asi-se-ve-la-nueva-plaza-de-vendedores-en-playa-de-sosua\\\/#primaryimage\",\"url\":\"https:\\\/\\\/bombazoinformativo.com\\\/wp-content\\\/uploads\\\/2026\\\/04\\\/Diseno-sin-titulo-36.png\",\"contentUrl\":\"https:\\\/\\\/bombazoinformativo.com\\\/wp-content\\\/uploads\\\/2026\\\/04\\\/Diseno-sin-titulo-36.png\",\"width\":1300,\"height\":731},{\"@type\":\"BreadcrumbList\",\"@id\":\"https:\\\/\\\/bombazoinformativo.com\\\/index.php\\\/2026\\\/04\\\/28\\\/asi-se-ve-la-nueva-plaza-de-vendedores-en-playa-de-sosua\\\/#breadcrumb\",\"itemListElement\":[{\"@type\":\"ListItem\",\"position\":1,\"name\":\"Home\",\"item\":\"https:\\\/\\\/bombazoinformativo.com\\\/\"},{\"@type\":\"ListItem\",\"position\":2,\"name\":\"As\u00ed se ve la nueva plaza de vendedores en playa de Sos\u00faa\"}]},{\"@type\":\"WebSite\",\"@id\":\"https:\\\/\\\/bombazoinformativo.com\\\/#website\",\"url\":\"https:\\\/\\\/bombazoinformativo.com\\\/\",\"name\":\"Bombazo Informativo\",\"description\":\"En el Bombazo Informativo tenemos el objetivo de brindarte informaciones veraces, con claridad y objetividad.\",\"publisher\":{\"@id\":\"https:\\\/\\\/bombazoinformativo.com\\\/#organization\"},\"potentialAction\":[{\"@type\":\"SearchAction\",\"target\":{\"@type\":\"EntryPoint\",\"urlTemplate\":\"https:\\\/\\\/bombazoinformativo.com\\\/?s={search_term_string}\"},\"query-input\":{\"@type\":\"PropertyValueSpecification\",\"valueRequired\":true,\"valueName\":\"search_term_string\"}}],\"inLanguage\":\"es-DO\"},{\"@type\":\"Organization\",\"@id\":\"https:\\\/\\\/bombazoinformativo.com\\\/#organization\",\"name\":\"Bombazo Informativo\",\"url\":\"https:\\\/\\\/bombazoinformativo.com\\\/\",\"logo\":{\"@type\":\"ImageObject\",\"inLanguage\":\"es-DO\",\"@id\":\"https:\\\/\\\/bombazoinformativo.com\\\/#\\\/schema\\\/logo\\\/image\\\/\",\"url\":\"https:\\\/\\\/bombazoinformativo.com\\\/wp-content\\\/uploads\\\/2024\\\/11\\\/cropped-WhatsApp-Image-2024-11-29-at-12.01.48-PM.jpeg\",\"contentUrl\":\"https:\\\/\\\/bombazoinformativo.com\\\/wp-content\\\/uploads\\\/2024\\\/11\\\/cropped-WhatsApp-Image-2024-11-29-at-12.01.48-PM.jpeg\",\"width\":1599,\"height\":315,\"caption\":\"Bombazo Informativo\"},\"image\":{\"@id\":\"https:\\\/\\\/bombazoinformativo.com\\\/#\\\/schema\\\/logo\\\/image\\\/\"}},{\"@type\":\"Person\",\"@id\":\"https:\\\/\\\/bombazoinformativo.com\\\/#\\\/schema\\\/person\\\/8a14f30019ce669c2ff632f56c95babc\",\"name\":\"Bombazo Informativo\",\"image\":{\"@type\":\"ImageObject\",\"inLanguage\":\"es-DO\",\"@id\":\"https:\\\/\\\/bombazoinformativo.com\\\/wp-content\\\/litespeed\\\/avatar\\\/b076bbe918e43ad70d1f99495fbecd83.jpg?ver=1777262154\",\"url\":\"https:\\\/\\\/bombazoinformativo.com\\\/wp-content\\\/litespeed\\\/avatar\\\/b076bbe918e43ad70d1f99495fbecd83.jpg?ver=1777262154\",\"contentUrl\":\"https:\\\/\\\/bombazoinformativo.com\\\/wp-content\\\/litespeed\\\/avatar\\\/b076bbe918e43ad70d1f99495fbecd83.jpg?ver=1777262154\",\"caption\":\"Bombazo Informativo\"},\"url\":\"https:\\\/\\\/bombazoinformativo.com\\\/index.php\\\/author\\\/bombazo-informativo\\\/\"}]}<\/script>\n<!-- \/ Yoast SEO plugin. -->","yoast_head_json":{"title":"As\u00ed se ve la nueva plaza de vendedores en playa de Sos\u00faa - Bombazo Informativo","description":"El presidente Luis\u00a0Abinader\u00a0entreg\u00f3 este lunes las\u00a0obras renovadas\u00a0y la\u00a0nueva plaza de vendedores en playa\u00a0Sos\u00faa, marcando el inicio de una transformaci\u00f3n integral orientada a posicionar este destino como\u00a0referente del turismo en la Rep\u00fablica Dominicana","robots":{"index":"index","follow":"follow","max-snippet":"max-snippet:-1","max-image-preview":"max-image-preview:large","max-video-preview":"max-video-preview:-1"},"canonical":"https:\/\/bombazoinformativo.com\/index.php\/2026\/04\/28\/asi-se-ve-la-nueva-plaza-de-vendedores-en-playa-de-sosua\/","og_locale":"es_ES","og_type":"article","og_title":"As\u00ed se ve la nueva plaza de vendedores en playa de Sos\u00faa - Bombazo Informativo","og_description":"El presidente Luis\u00a0Abinader\u00a0entreg\u00f3 este lunes las\u00a0obras renovadas\u00a0y la\u00a0nueva plaza de vendedores en playa\u00a0Sos\u00faa, marcando el inicio de una transformaci\u00f3n integral orientada a posicionar este destino como\u00a0referente del turismo en la Rep\u00fablica Dominicana","og_url":"https:\/\/bombazoinformativo.com\/index.php\/2026\/04\/28\/asi-se-ve-la-nueva-plaza-de-vendedores-en-playa-de-sosua\/","og_site_name":"Bombazo Informativo","article_published_time":"2026-04-28T14:03:00+00:00","article_modified_time":"2026-04-28T14:03:01+00:00","og_image":[{"width":1300,"height":731,"url":"https:\/\/bombazoinformativo.com\/wp-content\/uploads\/2026\/04\/Diseno-sin-titulo-36.png","type":"image\/png"}],"author":"Bombazo Informativo","twitter_card":"summary_large_image","twitter_misc":{"Written by":"Bombazo Informativo","Est. reading time":"6 minutos"},"schema":{"@context":"https:\/\/schema.org","@graph":[{"@type":"Article","@id":"https:\/\/bombazoinformativo.com\/index.php\/2026\/04\/28\/asi-se-ve-la-nueva-plaza-de-vendedores-en-playa-de-sosua\/#article","isPartOf":{"@id":"https:\/\/bombazoinformativo.com\/index.php\/2026\/04\/28\/asi-se-ve-la-nueva-plaza-de-vendedores-en-playa-de-sosua\/"},"author":{"name":"Bombazo Informativo","@id":"https:\/\/bombazoinformativo.com\/#\/schema\/person\/8a14f30019ce669c2ff632f56c95babc"},"headline":"As\u00ed se ve la nueva plaza de vendedores en playa de Sos\u00faa","datePublished":"2026-04-28T14:03:00+00:00","dateModified":"2026-04-28T14:03:01+00:00","mainEntityOfPage":{"@id":"https:\/\/bombazoinformativo.com\/index.php\/2026\/04\/28\/asi-se-ve-la-nueva-plaza-de-vendedores-en-playa-de-sosua\/"},"wordCount":1332,"commentCount":0,"publisher":{"@id":"https:\/\/bombazoinformativo.com\/#organization"},"image":{"@id":"https:\/\/bombazoinformativo.com\/index.php\/2026\/04\/28\/asi-se-ve-la-nueva-plaza-de-vendedores-en-playa-de-sosua\/#primaryimage"},"thumbnailUrl":"https:\/\/bombazoinformativo.com\/wp-content\/uploads\/2026\/04\/Diseno-sin-titulo-36.png","keywords":["Plaza","Sos\u00faa","vendedores"],"articleSection":["Nacionales"],"inLanguage":"es-DO","potentialAction":[{"@type":"CommentAction","name":"Comment","target":["https:\/\/bombazoinformativo.com\/index.php\/2026\/04\/28\/asi-se-ve-la-nueva-plaza-de-vendedores-en-playa-de-sosua\/#respond"]}]},{"@type":"WebPage","@id":"https:\/\/bombazoinformativo.com\/index.php\/2026\/04\/28\/asi-se-ve-la-nueva-plaza-de-vendedores-en-playa-de-sosua\/","url":"https:\/\/bombazoinformativo.com\/index.php\/2026\/04\/28\/asi-se-ve-la-nueva-plaza-de-vendedores-en-playa-de-sosua\/","name":"As\u00ed se ve la nueva plaza de vendedores en playa de Sos\u00faa - Bombazo Informativo","isPartOf":{"@id":"https:\/\/bombazoinformativo.com\/#website"},"primaryImageOfPage":{"@id":"https:\/\/bombazoinformativo.com\/index.php\/2026\/04\/28\/asi-se-ve-la-nueva-plaza-de-vendedores-en-playa-de-sosua\/#primaryimage"},"image":{"@id":"https:\/\/bombazoinformativo.com\/index.php\/2026\/04\/28\/asi-se-ve-la-nueva-plaza-de-vendedores-en-playa-de-sosua\/#primaryimage"},"thumbnailUrl":"https:\/\/bombazoinformativo.com\/wp-content\/uploads\/2026\/04\/Diseno-sin-titulo-36.png","datePublished":"2026-04-28T14:03:00+00:00","dateModified":"2026-04-28T14:03:01+00:00","description":"El presidente Luis\u00a0Abinader\u00a0entreg\u00f3 este lunes las\u00a0obras renovadas\u00a0y la\u00a0nueva plaza de vendedores en playa\u00a0Sos\u00faa, marcando el inicio de una transformaci\u00f3n integral orientada a posicionar este destino como\u00a0referente del turismo en la Rep\u00fablica Dominicana","breadcrumb":{"@id":"https:\/\/bombazoinformativo.com\/index.php\/2026\/04\/28\/asi-se-ve-la-nueva-plaza-de-vendedores-en-playa-de-sosua\/#breadcrumb"},"inLanguage":"es-DO","potentialAction":[{"@type":"ReadAction","target":["https:\/\/bombazoinformativo.com\/index.php\/2026\/04\/28\/asi-se-ve-la-nueva-plaza-de-vendedores-en-playa-de-sosua\/"]}]},{"@type":"ImageObject","inLanguage":"es-DO","@id":"https:\/\/bombazoinformativo.com\/index.php\/2026\/04\/28\/asi-se-ve-la-nueva-plaza-de-vendedores-en-playa-de-sosua\/#primaryimage","url":"https:\/\/bombazoinformativo.com\/wp-content\/uploads\/2026\/04\/Diseno-sin-titulo-36.png","contentUrl":"https:\/\/bombazoinformativo.com\/wp-content\/uploads\/2026\/04\/Diseno-sin-titulo-36.png","width":1300,"height":731},{"@type":"BreadcrumbList","@id":"https:\/\/bombazoinformativo.com\/index.php\/2026\/04\/28\/asi-se-ve-la-nueva-plaza-de-vendedores-en-playa-de-sosua\/#breadcrumb","itemListElement":[{"@type":"ListItem","position":1,"name":"Home","item":"https:\/\/bombazoinformativo.com\/"},{"@type":"ListItem","position":2,"name":"As\u00ed se ve la nueva plaza de vendedores en playa de Sos\u00faa"}]},{"@type":"WebSite","@id":"https:\/\/bombazoinformativo.com\/#website","url":"https:\/\/bombazoinformativo.com\/","name":"Bombazo Informativo","description":"En el Bombazo Informativo tenemos el objetivo de brindarte informaciones veraces, con claridad y objetividad.","publisher":{"@id":"https:\/\/bombazoinformativo.com\/#organization"},"potentialAction":[{"@type":"SearchAction","target":{"@type":"EntryPoint","urlTemplate":"https:\/\/bombazoinformativo.com\/?s={search_term_string}"},"query-input":{"@type":"PropertyValueSpecification","valueRequired":true,"valueName":"search_term_string"}}],"inLanguage":"es-DO"},{"@type":"Organization","@id":"https:\/\/bombazoinformativo.com\/#organization","name":"Bombazo Informativo","url":"https:\/\/bombazoinformativo.com\/","logo":{"@type":"ImageObject","inLanguage":"es-DO","@id":"https:\/\/bombazoinformativo.com\/#\/schema\/logo\/image\/","url":"https:\/\/bombazoinformativo.com\/wp-content\/uploads\/2024\/11\/cropped-WhatsApp-Image-2024-11-29-at-12.01.48-PM.jpeg","contentUrl":"https:\/\/bombazoinformativo.com\/wp-content\/uploads\/2024\/11\/cropped-WhatsApp-Image-2024-11-29-at-12.01.48-PM.jpeg","width":1599,"height":315,"caption":"Bombazo Informativo"},"image":{"@id":"https:\/\/bombazoinformativo.com\/#\/schema\/logo\/image\/"}},{"@type":"Person","@id":"https:\/\/bombazoinformativo.com\/#\/schema\/person\/8a14f30019ce669c2ff632f56c95babc","name":"Bombazo Informativo","image":{"@type":"ImageObject","inLanguage":"es-DO","@id":"https:\/\/bombazoinformativo.com\/wp-content\/litespeed\/avatar\/b076bbe918e43ad70d1f99495fbecd83.jpg?ver=1777262154","url":"https:\/\/bombazoinformativo.com\/wp-content\/litespeed\/avatar\/b076bbe918e43ad70d1f99495fbecd83.jpg?ver=1777262154","contentUrl":"https:\/\/bombazoinformativo.com\/wp-content\/litespeed\/avatar\/b076bbe918e43ad70d1f99495fbecd83.jpg?ver=1777262154","caption":"Bombazo Informativo"},"url":"https:\/\/bombazoinformativo.com\/index.php\/author\/bombazo-informativo\/"}]}},"jetpack_featured_media_url":"https:\/\/bombazoinformativo.com\/wp-content\/uploads\/2026\/04\/Diseno-sin-titulo-36.png","jetpack_sharing_enabled":true,"_links":{"self":[{"href":"https:\/\/bombazoinformativo.com\/index.php\/wp-json\/wp\/v2\/posts\/7281","targetHints":{"allow":["GET"]}}],"collection":[{"href":"https:\/\/bombazoinformativo.com\/index.php\/wp-json\/wp\/v2\/posts"}],"about":[{"href":"https:\/\/bombazoinformativo.com\/index.php\/wp-json\/wp\/v2\/types\/post"}],"author":[{"embeddable":true,"href":"https:\/\/bombazoinformativo.com\/index.php\/wp-json\/wp\/v2\/users\/4"}],"replies":[{"embeddable":true,"href":"https:\/\/bombazoinformativo.com\/index.php\/wp-json\/wp\/v2\/comments?post=7281"}],"version-history":[{"count":1,"href":"https:\/\/bombazoinformativo.com\/index.php\/wp-json\/wp\/v2\/posts\/7281\/revisions"}],"predecessor-version":[{"id":7283,"href":"https:\/\/bombazoinformativo.com\/index.php\/wp-json\/wp\/v2\/posts\/7281\/revisions\/7283"}],"wp:featuredmedia":[{"embeddable":true,"href":"https:\/\/bombazoinformativo.com\/index.php\/wp-json\/wp\/v2\/media\/7282"}],"wp:attachment":[{"href":"https:\/\/bombazoinformativo.com\/index.php\/wp-json\/wp\/v2\/media?parent=7281"}],"wp:term":[{"taxonomy":"category","embeddable":true,"href":"https:\/\/bombazoinformativo.com\/index.php\/wp-json\/wp\/v2\/categories?post=7281"},{"taxonomy":"post_tag","embeddable":true,"href":"https:\/\/bombazoinformativo.com\/index.php\/wp-json\/wp\/v2\/tags?post=7281"}],"curies":[{"name":"wp","href":"https:\/\/api.w.org\/{rel}","templated":true}]}}