{"id":7278,"date":"2026-04-27T15:27:50","date_gmt":"2026-04-27T19:27:50","guid":{"rendered":"https:\/\/bombazoinformativo.com\/?p=7278"},"modified":"2026-04-27T15:27:51","modified_gmt":"2026-04-27T19:27:51","slug":"trump-dice-no-estaba-preocupado-durante-tiroteo-en-cena-de-corresponsales","status":"publish","type":"post","link":"https:\/\/bombazoinformativo.com\/index.php\/2026\/04\/27\/trump-dice-no-estaba-preocupado-durante-tiroteo-en-cena-de-corresponsales\/","title":{"rendered":"Trump dice \u201cno estaba preocupado\u201d durante tiroteo en cena de corresponsales"},"content":{"rendered":"\n<p>El presidente de Estados Unidos, Donald Trump, rest\u00f3 importancia al tiroteo ocurrido durante la cena de corresponsales en Washington y asegur\u00f3 que \u201cno estaba preocupado\u201d, seg\u00fan report\u00f3 The Economic Times.<\/p>\n\n\n\n<p>De acuerdo con ese medio, el mandatario sostuvo que la situaci\u00f3n no represent\u00f3 una amenaza directa y plante\u00f3 que el evento podr\u00eda reprogramarse en un plazo cercano.<\/p>\n\n\n\n<p>En la misma l\u00ednea, el diario El Financiero recoge que Trump expres\u00f3 que \u201cvivimos en un mundo loco\u201d al referirse al incidente, reiterando que no sinti\u00f3 preocupaci\u00f3n durante los hechos. Tambi\u00e9n indic\u00f3 que, en un primer momento, se pens\u00f3 que los ruidos correspond\u00edan a algo menor, como la ca\u00edda de objetos, antes de confirmarse que se trataba de disparos.<\/p>\n\n\n\n<p>Ambos medios coinciden en que el presidente centr\u00f3 su reacci\u00f3n en restar gravedad al suceso y en la posibilidad de retomar la actividad, m\u00e1s que en enfatizar el riesgo generado por el tiroteo.<\/p>\n","protected":false},"excerpt":{"rendered":"<p>El presidente de Estados Unidos, Donald Trump, rest\u00f3 importancia al tiroteo ocurrido durante la cena de corresponsales en Washington y asegur\u00f3 que \u201cno estaba preocupado\u201d, seg\u00fan report\u00f3 The Economic Times. De acuerdo con ese medio, el mandatario sostuvo que la situaci\u00f3n no represent\u00f3 una amenaza directa y plante\u00f3 que el evento podr\u00eda reprogramarse en un&#8230;<\/p>\n","protected":false},"author":4,"featured_media":7279,"comment_status":"open","ping_status":"open","sticky":false,"template":"","format":"standard","meta":{"_jetpack_memberships_contains_paid_content":false,"footnotes":""},"categories":[15],"tags":[3045,3046,910,415],"class_list":["post-7278","post","type-post","status-publish","format-standard","has-post-thumbnail","hentry","category-internacionales","tag-cena","tag-corresponsales","tag-donald-trump","tag-tiroteo"],"yoast_head":"<!-- This site is optimized with the Yoast SEO plugin v27.4 - https:\/\/yoast.com\/product\/yoast-seo-wordpress\/ -->\n<title>Trump dice \u201cno estaba preocupado\u201d durante tiroteo en cena de corresponsales - Bombazo Informativo<\/title>\n<meta name=\"description\" content=\"El presidente de Estados Unidos, Donald Trump, rest\u00f3 importancia al tiroteo ocurrido durante la cena de corresponsales en Washington y asegur\u00f3 que \u201cno estaba preocupado\u201d, seg\u00fan report\u00f3 The Economic Times.\" \/>\n<meta name=\"robots\" content=\"index, follow, max-snippet:-1, max-image-preview:large, max-video-preview:-1\" \/>\n<link rel=\"canonical\" href=\"https:\/\/bombazoinformativo.com\/index.php\/2026\/04\/27\/trump-dice-no-estaba-preocupado-durante-tiroteo-en-cena-de-corresponsales\/\" \/>\n<meta property=\"og:locale\" content=\"es_ES\" \/>\n<meta property=\"og:type\" content=\"article\" \/>\n<meta property=\"og:title\" content=\"Trump dice \u201cno estaba preocupado\u201d durante tiroteo en cena de corresponsales - Bombazo Informativo\" \/>\n<meta property=\"og:description\" content=\"El presidente de Estados Unidos, Donald Trump, rest\u00f3 importancia al tiroteo ocurrido durante la cena de corresponsales en Washington y asegur\u00f3 que \u201cno estaba preocupado\u201d, seg\u00fan report\u00f3 The Economic Times.\" \/>\n<meta property=\"og:url\" content=\"https:\/\/bombazoinformativo.com\/index.php\/2026\/04\/27\/trump-dice-no-estaba-preocupado-durante-tiroteo-en-cena-de-corresponsales\/\" \/>\n<meta property=\"og:site_name\" content=\"Bombazo Informativo\" \/>\n<meta property=\"article:published_time\" content=\"2026-04-27T19:27:50+00:00\" \/>\n<meta property=\"article:modified_time\" content=\"2026-04-27T19:27:51+00:00\" \/>\n<meta property=\"og:image\" content=\"https:\/\/bombazoinformativo.com\/wp-content\/uploads\/2026\/04\/904-x-540-WEB-114-768x459-1.png\" \/>\n\t<meta property=\"og:image:width\" content=\"768\" \/>\n\t<meta property=\"og:image:height\" content=\"459\" \/>\n\t<meta property=\"og:image:type\" content=\"image\/png\" \/>\n<meta name=\"author\" content=\"Bombazo Informativo\" \/>\n<meta name=\"twitter:card\" content=\"summary_large_image\" \/>\n<meta name=\"twitter:label1\" content=\"Written by\" \/>\n\t<meta name=\"twitter:data1\" content=\"Bombazo Informativo\" \/>\n\t<meta name=\"twitter:label2\" content=\"Est. reading time\" \/>\n\t<meta name=\"twitter:data2\" content=\"1 minuto\" \/>\n<script type=\"application\/ld+json\" class=\"yoast-schema-graph\">{\"@context\":\"https:\\\/\\\/schema.org\",\"@graph\":[{\"@type\":\"Article\",\"@id\":\"https:\\\/\\\/bombazoinformativo.com\\\/index.php\\\/2026\\\/04\\\/27\\\/trump-dice-no-estaba-preocupado-durante-tiroteo-en-cena-de-corresponsales\\\/#article\",\"isPartOf\":{\"@id\":\"https:\\\/\\\/bombazoinformativo.com\\\/index.php\\\/2026\\\/04\\\/27\\\/trump-dice-no-estaba-preocupado-durante-tiroteo-en-cena-de-corresponsales\\\/\"},\"author\":{\"name\":\"Bombazo Informativo\",\"@id\":\"https:\\\/\\\/bombazoinformativo.com\\\/#\\\/schema\\\/person\\\/8a14f30019ce669c2ff632f56c95babc\"},\"headline\":\"Trump dice \u201cno estaba preocupado\u201d durante tiroteo en cena de corresponsales\",\"datePublished\":\"2026-04-27T19:27:50+00:00\",\"dateModified\":\"2026-04-27T19:27:51+00:00\",\"mainEntityOfPage\":{\"@id\":\"https:\\\/\\\/bombazoinformativo.com\\\/index.php\\\/2026\\\/04\\\/27\\\/trump-dice-no-estaba-preocupado-durante-tiroteo-en-cena-de-corresponsales\\\/\"},\"wordCount\":170,\"commentCount\":0,\"publisher\":{\"@id\":\"https:\\\/\\\/bombazoinformativo.com\\\/#organization\"},\"image\":{\"@id\":\"https:\\\/\\\/bombazoinformativo.com\\\/index.php\\\/2026\\\/04\\\/27\\\/trump-dice-no-estaba-preocupado-durante-tiroteo-en-cena-de-corresponsales\\\/#primaryimage\"},\"thumbnailUrl\":\"https:\\\/\\\/bombazoinformativo.com\\\/wp-content\\\/uploads\\\/2026\\\/04\\\/904-x-540-WEB-114-768x459-1.png\",\"keywords\":[\"Cena\",\"Corresponsales\",\"Donald Trump\",\"Tiroteo\"],\"articleSection\":[\"Internacionales\"],\"inLanguage\":\"es-DO\",\"potentialAction\":[{\"@type\":\"CommentAction\",\"name\":\"Comment\",\"target\":[\"https:\\\/\\\/bombazoinformativo.com\\\/index.php\\\/2026\\\/04\\\/27\\\/trump-dice-no-estaba-preocupado-durante-tiroteo-en-cena-de-corresponsales\\\/#respond\"]}]},{\"@type\":\"WebPage\",\"@id\":\"https:\\\/\\\/bombazoinformativo.com\\\/index.php\\\/2026\\\/04\\\/27\\\/trump-dice-no-estaba-preocupado-durante-tiroteo-en-cena-de-corresponsales\\\/\",\"url\":\"https:\\\/\\\/bombazoinformativo.com\\\/index.php\\\/2026\\\/04\\\/27\\\/trump-dice-no-estaba-preocupado-durante-tiroteo-en-cena-de-corresponsales\\\/\",\"name\":\"Trump dice \u201cno estaba preocupado\u201d durante tiroteo en cena de corresponsales - Bombazo Informativo\",\"isPartOf\":{\"@id\":\"https:\\\/\\\/bombazoinformativo.com\\\/#website\"},\"primaryImageOfPage\":{\"@id\":\"https:\\\/\\\/bombazoinformativo.com\\\/index.php\\\/2026\\\/04\\\/27\\\/trump-dice-no-estaba-preocupado-durante-tiroteo-en-cena-de-corresponsales\\\/#primaryimage\"},\"image\":{\"@id\":\"https:\\\/\\\/bombazoinformativo.com\\\/index.php\\\/2026\\\/04\\\/27\\\/trump-dice-no-estaba-preocupado-durante-tiroteo-en-cena-de-corresponsales\\\/#primaryimage\"},\"thumbnailUrl\":\"https:\\\/\\\/bombazoinformativo.com\\\/wp-content\\\/uploads\\\/2026\\\/04\\\/904-x-540-WEB-114-768x459-1.png\",\"datePublished\":\"2026-04-27T19:27:50+00:00\",\"dateModified\":\"2026-04-27T19:27:51+00:00\",\"description\":\"El presidente de Estados Unidos, Donald Trump, rest\u00f3 importancia al tiroteo ocurrido durante la cena de corresponsales en Washington y asegur\u00f3 que \u201cno estaba preocupado\u201d, seg\u00fan report\u00f3 The Economic Times.\",\"breadcrumb\":{\"@id\":\"https:\\\/\\\/bombazoinformativo.com\\\/index.php\\\/2026\\\/04\\\/27\\\/trump-dice-no-estaba-preocupado-durante-tiroteo-en-cena-de-corresponsales\\\/#breadcrumb\"},\"inLanguage\":\"es-DO\",\"potentialAction\":[{\"@type\":\"ReadAction\",\"target\":[\"https:\\\/\\\/bombazoinformativo.com\\\/index.php\\\/2026\\\/04\\\/27\\\/trump-dice-no-estaba-preocupado-durante-tiroteo-en-cena-de-corresponsales\\\/\"]}]},{\"@type\":\"ImageObject\",\"inLanguage\":\"es-DO\",\"@id\":\"https:\\\/\\\/bombazoinformativo.com\\\/index.php\\\/2026\\\/04\\\/27\\\/trump-dice-no-estaba-preocupado-durante-tiroteo-en-cena-de-corresponsales\\\/#primaryimage\",\"url\":\"https:\\\/\\\/bombazoinformativo.com\\\/wp-content\\\/uploads\\\/2026\\\/04\\\/904-x-540-WEB-114-768x459-1.png\",\"contentUrl\":\"https:\\\/\\\/bombazoinformativo.com\\\/wp-content\\\/uploads\\\/2026\\\/04\\\/904-x-540-WEB-114-768x459-1.png\",\"width\":768,\"height\":459},{\"@type\":\"BreadcrumbList\",\"@id\":\"https:\\\/\\\/bombazoinformativo.com\\\/index.php\\\/2026\\\/04\\\/27\\\/trump-dice-no-estaba-preocupado-durante-tiroteo-en-cena-de-corresponsales\\\/#breadcrumb\",\"itemListElement\":[{\"@type\":\"ListItem\",\"position\":1,\"name\":\"Home\",\"item\":\"https:\\\/\\\/bombazoinformativo.com\\\/\"},{\"@type\":\"ListItem\",\"position\":2,\"name\":\"Trump dice \u201cno estaba preocupado\u201d durante tiroteo en cena de corresponsales\"}]},{\"@type\":\"WebSite\",\"@id\":\"https:\\\/\\\/bombazoinformativo.com\\\/#website\",\"url\":\"https:\\\/\\\/bombazoinformativo.com\\\/\",\"name\":\"Bombazo Informativo\",\"description\":\"En el Bombazo Informativo tenemos el objetivo de brindarte informaciones veraces, con claridad y objetividad.\",\"publisher\":{\"@id\":\"https:\\\/\\\/bombazoinformativo.com\\\/#organization\"},\"potentialAction\":[{\"@type\":\"SearchAction\",\"target\":{\"@type\":\"EntryPoint\",\"urlTemplate\":\"https:\\\/\\\/bombazoinformativo.com\\\/?s={search_term_string}\"},\"query-input\":{\"@type\":\"PropertyValueSpecification\",\"valueRequired\":true,\"valueName\":\"search_term_string\"}}],\"inLanguage\":\"es-DO\"},{\"@type\":\"Organization\",\"@id\":\"https:\\\/\\\/bombazoinformativo.com\\\/#organization\",\"name\":\"Bombazo Informativo\",\"url\":\"https:\\\/\\\/bombazoinformativo.com\\\/\",\"logo\":{\"@type\":\"ImageObject\",\"inLanguage\":\"es-DO\",\"@id\":\"https:\\\/\\\/bombazoinformativo.com\\\/#\\\/schema\\\/logo\\\/image\\\/\",\"url\":\"https:\\\/\\\/bombazoinformativo.com\\\/wp-content\\\/uploads\\\/2024\\\/11\\\/cropped-WhatsApp-Image-2024-11-29-at-12.01.48-PM.jpeg\",\"contentUrl\":\"https:\\\/\\\/bombazoinformativo.com\\\/wp-content\\\/uploads\\\/2024\\\/11\\\/cropped-WhatsApp-Image-2024-11-29-at-12.01.48-PM.jpeg\",\"width\":1599,\"height\":315,\"caption\":\"Bombazo Informativo\"},\"image\":{\"@id\":\"https:\\\/\\\/bombazoinformativo.com\\\/#\\\/schema\\\/logo\\\/image\\\/\"}},{\"@type\":\"Person\",\"@id\":\"https:\\\/\\\/bombazoinformativo.com\\\/#\\\/schema\\\/person\\\/8a14f30019ce669c2ff632f56c95babc\",\"name\":\"Bombazo Informativo\",\"image\":{\"@type\":\"ImageObject\",\"inLanguage\":\"es-DO\",\"@id\":\"https:\\\/\\\/bombazoinformativo.com\\\/wp-content\\\/litespeed\\\/avatar\\\/b076bbe918e43ad70d1f99495fbecd83.jpg?ver=1777262154\",\"url\":\"https:\\\/\\\/bombazoinformativo.com\\\/wp-content\\\/litespeed\\\/avatar\\\/b076bbe918e43ad70d1f99495fbecd83.jpg?ver=1777262154\",\"contentUrl\":\"https:\\\/\\\/bombazoinformativo.com\\\/wp-content\\\/litespeed\\\/avatar\\\/b076bbe918e43ad70d1f99495fbecd83.jpg?ver=1777262154\",\"caption\":\"Bombazo Informativo\"},\"url\":\"https:\\\/\\\/bombazoinformativo.com\\\/index.php\\\/author\\\/bombazo-informativo\\\/\"}]}<\/script>\n<!-- \/ Yoast SEO plugin. -->","yoast_head_json":{"title":"Trump dice \u201cno estaba preocupado\u201d durante tiroteo en cena de corresponsales - Bombazo Informativo","description":"El presidente de Estados Unidos, Donald Trump, rest\u00f3 importancia al tiroteo ocurrido durante la cena de corresponsales en Washington y asegur\u00f3 que \u201cno estaba preocupado\u201d, seg\u00fan report\u00f3 The Economic Times.","robots":{"index":"index","follow":"follow","max-snippet":"max-snippet:-1","max-image-preview":"max-image-preview:large","max-video-preview":"max-video-preview:-1"},"canonical":"https:\/\/bombazoinformativo.com\/index.php\/2026\/04\/27\/trump-dice-no-estaba-preocupado-durante-tiroteo-en-cena-de-corresponsales\/","og_locale":"es_ES","og_type":"article","og_title":"Trump dice \u201cno estaba preocupado\u201d durante tiroteo en cena de corresponsales - Bombazo Informativo","og_description":"El presidente de Estados Unidos, Donald Trump, rest\u00f3 importancia al tiroteo ocurrido durante la cena de corresponsales en Washington y asegur\u00f3 que \u201cno estaba preocupado\u201d, seg\u00fan report\u00f3 The Economic Times.","og_url":"https:\/\/bombazoinformativo.com\/index.php\/2026\/04\/27\/trump-dice-no-estaba-preocupado-durante-tiroteo-en-cena-de-corresponsales\/","og_site_name":"Bombazo Informativo","article_published_time":"2026-04-27T19:27:50+00:00","article_modified_time":"2026-04-27T19:27:51+00:00","og_image":[{"width":768,"height":459,"url":"https:\/\/bombazoinformativo.com\/wp-content\/uploads\/2026\/04\/904-x-540-WEB-114-768x459-1.png","type":"image\/png"}],"author":"Bombazo Informativo","twitter_card":"summary_large_image","twitter_misc":{"Written by":"Bombazo Informativo","Est. reading time":"1 minuto"},"schema":{"@context":"https:\/\/schema.org","@graph":[{"@type":"Article","@id":"https:\/\/bombazoinformativo.com\/index.php\/2026\/04\/27\/trump-dice-no-estaba-preocupado-durante-tiroteo-en-cena-de-corresponsales\/#article","isPartOf":{"@id":"https:\/\/bombazoinformativo.com\/index.php\/2026\/04\/27\/trump-dice-no-estaba-preocupado-durante-tiroteo-en-cena-de-corresponsales\/"},"author":{"name":"Bombazo Informativo","@id":"https:\/\/bombazoinformativo.com\/#\/schema\/person\/8a14f30019ce669c2ff632f56c95babc"},"headline":"Trump dice \u201cno estaba preocupado\u201d durante tiroteo en cena de corresponsales","datePublished":"2026-04-27T19:27:50+00:00","dateModified":"2026-04-27T19:27:51+00:00","mainEntityOfPage":{"@id":"https:\/\/bombazoinformativo.com\/index.php\/2026\/04\/27\/trump-dice-no-estaba-preocupado-durante-tiroteo-en-cena-de-corresponsales\/"},"wordCount":170,"commentCount":0,"publisher":{"@id":"https:\/\/bombazoinformativo.com\/#organization"},"image":{"@id":"https:\/\/bombazoinformativo.com\/index.php\/2026\/04\/27\/trump-dice-no-estaba-preocupado-durante-tiroteo-en-cena-de-corresponsales\/#primaryimage"},"thumbnailUrl":"https:\/\/bombazoinformativo.com\/wp-content\/uploads\/2026\/04\/904-x-540-WEB-114-768x459-1.png","keywords":["Cena","Corresponsales","Donald Trump","Tiroteo"],"articleSection":["Internacionales"],"inLanguage":"es-DO","potentialAction":[{"@type":"CommentAction","name":"Comment","target":["https:\/\/bombazoinformativo.com\/index.php\/2026\/04\/27\/trump-dice-no-estaba-preocupado-durante-tiroteo-en-cena-de-corresponsales\/#respond"]}]},{"@type":"WebPage","@id":"https:\/\/bombazoinformativo.com\/index.php\/2026\/04\/27\/trump-dice-no-estaba-preocupado-durante-tiroteo-en-cena-de-corresponsales\/","url":"https:\/\/bombazoinformativo.com\/index.php\/2026\/04\/27\/trump-dice-no-estaba-preocupado-durante-tiroteo-en-cena-de-corresponsales\/","name":"Trump dice \u201cno estaba preocupado\u201d durante tiroteo en cena de corresponsales - Bombazo Informativo","isPartOf":{"@id":"https:\/\/bombazoinformativo.com\/#website"},"primaryImageOfPage":{"@id":"https:\/\/bombazoinformativo.com\/index.php\/2026\/04\/27\/trump-dice-no-estaba-preocupado-durante-tiroteo-en-cena-de-corresponsales\/#primaryimage"},"image":{"@id":"https:\/\/bombazoinformativo.com\/index.php\/2026\/04\/27\/trump-dice-no-estaba-preocupado-durante-tiroteo-en-cena-de-corresponsales\/#primaryimage"},"thumbnailUrl":"https:\/\/bombazoinformativo.com\/wp-content\/uploads\/2026\/04\/904-x-540-WEB-114-768x459-1.png","datePublished":"2026-04-27T19:27:50+00:00","dateModified":"2026-04-27T19:27:51+00:00","description":"El presidente de Estados Unidos, Donald Trump, rest\u00f3 importancia al tiroteo ocurrido durante la cena de corresponsales en Washington y asegur\u00f3 que \u201cno estaba preocupado\u201d, seg\u00fan report\u00f3 The Economic Times.","breadcrumb":{"@id":"https:\/\/bombazoinformativo.com\/index.php\/2026\/04\/27\/trump-dice-no-estaba-preocupado-durante-tiroteo-en-cena-de-corresponsales\/#breadcrumb"},"inLanguage":"es-DO","potentialAction":[{"@type":"ReadAction","target":["https:\/\/bombazoinformativo.com\/index.php\/2026\/04\/27\/trump-dice-no-estaba-preocupado-durante-tiroteo-en-cena-de-corresponsales\/"]}]},{"@type":"ImageObject","inLanguage":"es-DO","@id":"https:\/\/bombazoinformativo.com\/index.php\/2026\/04\/27\/trump-dice-no-estaba-preocupado-durante-tiroteo-en-cena-de-corresponsales\/#primaryimage","url":"https:\/\/bombazoinformativo.com\/wp-content\/uploads\/2026\/04\/904-x-540-WEB-114-768x459-1.png","contentUrl":"https:\/\/bombazoinformativo.com\/wp-content\/uploads\/2026\/04\/904-x-540-WEB-114-768x459-1.png","width":768,"height":459},{"@type":"BreadcrumbList","@id":"https:\/\/bombazoinformativo.com\/index.php\/2026\/04\/27\/trump-dice-no-estaba-preocupado-durante-tiroteo-en-cena-de-corresponsales\/#breadcrumb","itemListElement":[{"@type":"ListItem","position":1,"name":"Home","item":"https:\/\/bombazoinformativo.com\/"},{"@type":"ListItem","position":2,"name":"Trump dice \u201cno estaba preocupado\u201d durante tiroteo en cena de corresponsales"}]},{"@type":"WebSite","@id":"https:\/\/bombazoinformativo.com\/#website","url":"https:\/\/bombazoinformativo.com\/","name":"Bombazo Informativo","description":"En el Bombazo Informativo tenemos el objetivo de brindarte informaciones veraces, con claridad y objetividad.","publisher":{"@id":"https:\/\/bombazoinformativo.com\/#organization"},"potentialAction":[{"@type":"SearchAction","target":{"@type":"EntryPoint","urlTemplate":"https:\/\/bombazoinformativo.com\/?s={search_term_string}"},"query-input":{"@type":"PropertyValueSpecification","valueRequired":true,"valueName":"search_term_string"}}],"inLanguage":"es-DO"},{"@type":"Organization","@id":"https:\/\/bombazoinformativo.com\/#organization","name":"Bombazo Informativo","url":"https:\/\/bombazoinformativo.com\/","logo":{"@type":"ImageObject","inLanguage":"es-DO","@id":"https:\/\/bombazoinformativo.com\/#\/schema\/logo\/image\/","url":"https:\/\/bombazoinformativo.com\/wp-content\/uploads\/2024\/11\/cropped-WhatsApp-Image-2024-11-29-at-12.01.48-PM.jpeg","contentUrl":"https:\/\/bombazoinformativo.com\/wp-content\/uploads\/2024\/11\/cropped-WhatsApp-Image-2024-11-29-at-12.01.48-PM.jpeg","width":1599,"height":315,"caption":"Bombazo Informativo"},"image":{"@id":"https:\/\/bombazoinformativo.com\/#\/schema\/logo\/image\/"}},{"@type":"Person","@id":"https:\/\/bombazoinformativo.com\/#\/schema\/person\/8a14f30019ce669c2ff632f56c95babc","name":"Bombazo Informativo","image":{"@type":"ImageObject","inLanguage":"es-DO","@id":"https:\/\/bombazoinformativo.com\/wp-content\/litespeed\/avatar\/b076bbe918e43ad70d1f99495fbecd83.jpg?ver=1777262154","url":"https:\/\/bombazoinformativo.com\/wp-content\/litespeed\/avatar\/b076bbe918e43ad70d1f99495fbecd83.jpg?ver=1777262154","contentUrl":"https:\/\/bombazoinformativo.com\/wp-content\/litespeed\/avatar\/b076bbe918e43ad70d1f99495fbecd83.jpg?ver=1777262154","caption":"Bombazo Informativo"},"url":"https:\/\/bombazoinformativo.com\/index.php\/author\/bombazo-informativo\/"}]}},"jetpack_featured_media_url":"https:\/\/bombazoinformativo.com\/wp-content\/uploads\/2026\/04\/904-x-540-WEB-114-768x459-1.png","jetpack_sharing_enabled":true,"_links":{"self":[{"href":"https:\/\/bombazoinformativo.com\/index.php\/wp-json\/wp\/v2\/posts\/7278","targetHints":{"allow":["GET"]}}],"collection":[{"href":"https:\/\/bombazoinformativo.com\/index.php\/wp-json\/wp\/v2\/posts"}],"about":[{"href":"https:\/\/bombazoinformativo.com\/index.php\/wp-json\/wp\/v2\/types\/post"}],"author":[{"embeddable":true,"href":"https:\/\/bombazoinformativo.com\/index.php\/wp-json\/wp\/v2\/users\/4"}],"replies":[{"embeddable":true,"href":"https:\/\/bombazoinformativo.com\/index.php\/wp-json\/wp\/v2\/comments?post=7278"}],"version-history":[{"count":1,"href":"https:\/\/bombazoinformativo.com\/index.php\/wp-json\/wp\/v2\/posts\/7278\/revisions"}],"predecessor-version":[{"id":7280,"href":"https:\/\/bombazoinformativo.com\/index.php\/wp-json\/wp\/v2\/posts\/7278\/revisions\/7280"}],"wp:featuredmedia":[{"embeddable":true,"href":"https:\/\/bombazoinformativo.com\/index.php\/wp-json\/wp\/v2\/media\/7279"}],"wp:attachment":[{"href":"https:\/\/bombazoinformativo.com\/index.php\/wp-json\/wp\/v2\/media?parent=7278"}],"wp:term":[{"taxonomy":"category","embeddable":true,"href":"https:\/\/bombazoinformativo.com\/index.php\/wp-json\/wp\/v2\/categories?post=7278"},{"taxonomy":"post_tag","embeddable":true,"href":"https:\/\/bombazoinformativo.com\/index.php\/wp-json\/wp\/v2\/tags?post=7278"}],"curies":[{"name":"wp","href":"https:\/\/api.w.org\/{rel}","templated":true}]}}