{"id":7266,"date":"2026-04-27T10:48:34","date_gmt":"2026-04-27T14:48:34","guid":{"rendered":"https:\/\/bombazoinformativo.com\/?p=7266"},"modified":"2026-04-27T10:48:35","modified_gmt":"2026-04-27T14:48:35","slug":"presidente-abinader-entrega-circuito-vial-bajo-yuna-y-transforma-la-vida-de-mas-de-30000-personas-en-el-nordeste","status":"publish","type":"post","link":"https:\/\/bombazoinformativo.com\/index.php\/2026\/04\/27\/presidente-abinader-entrega-circuito-vial-bajo-yuna-y-transforma-la-vida-de-mas-de-30000-personas-en-el-nordeste\/","title":{"rendered":"Presidente Abinader entrega Circuito Vial Bajo Yuna y transforma la vida de m\u00e1s de 30,000 personas en el nordeste"},"content":{"rendered":"\n<h2 class=\"wp-block-heading\">Se trata de un circuito de unos 49 km de extensi\u00f3n, entre los que se incluyen 6.2 km de v\u00edas internas que conectan con la principal<\/h2>\n\n\n\n<p>Duarte.-&nbsp;<strong>El presidente Luis Abinader<\/strong>&nbsp;encabez\u00f3 la&nbsp;<strong>inauguraci\u00f3n del Circuito Vial Bajo Yuna,<\/strong>&nbsp;que supera los&nbsp;<strong>49 kil\u00f3metros<\/strong>&nbsp;y crea una conexi\u00f3n entre las provincias&nbsp;<strong>Duarte y Mar\u00eda Trinidad S\u00e1nchez<\/strong>, adem\u00e1s de ampliar la&nbsp;<strong>movilidad<\/strong>&nbsp;entre comunidades aisladas, fortalece el&nbsp;<strong>intercambio comercial<\/strong>&nbsp;de importantes rubros como&nbsp;<strong>el arroz y el cacao.<\/strong><\/p>\n\n\n\n<p>Con una extensi\u00f3n de&nbsp;<strong>42.8 kil\u00f3metros<\/strong>, este circuito vial transforma la conectividad del nordeste, al habilitar un&nbsp;<strong>camino seguro<\/strong>&nbsp;para las comunidades La Reforma, Las Coles, La Jagua, El Jobo, Jobo Afuera, Molenillo y La Garza, y conectar de manera directa con la&nbsp;<strong>autopista Juan Pablo Segundo y la carretera Nagua\u2013Saman\u00e1.<\/strong><\/p>\n\n\n\n<p>Adicional a esto, se asfaltaron&nbsp;<strong>6.2 kil\u00f3metros de v\u00edas internas<\/strong>.<\/p>\n\n\n\n<p>Al trasladarse al lugar, el jefe de Estado reiter\u00f3 que&nbsp;<strong>nunca antes se hab\u00edan construido tantas carreteras como en la actualidad<\/strong>, y se contin\u00faan acortando distancias entre comunidades de todo el pa\u00eds, citando al respecto la v\u00eda que se construye para unir&nbsp;<strong>Las Gu\u00e1ranas con Pimentel<\/strong>, en esta misma provincia.<\/p>\n\n\n\n<figure class=\"wp-block-image\"><img decoding=\"async\" src=\"https:\/\/www.presidencia.gob.do\/sites\/default\/files\/inline-images\/1001569540.jpg\" alt=\"\"\/><\/figure>\n\n\n\n<p>Destac\u00f3 tambi\u00e9n la&nbsp;<strong>alta calidad<\/strong>&nbsp;con que se realizan estos trabajos,&nbsp;<strong>priorizando la asignaci\u00f3n de recursos para llevar progreso a la poblaci\u00f3n<\/strong>. En este sentido inform\u00f3 a los presentes que dar\u00e1&nbsp;<strong>respuesta a otras necesidades<\/strong>&nbsp;de la zona, como una&nbsp;<strong>funeraria, cementerio y m\u00e1s asfaltado.<\/strong><\/p>\n\n\n\n<p>Construido por el&nbsp;<strong>Ministerio de Obras P\u00fablicas y Comunicaciones<\/strong>, el Circuito Vial Bajo Yuna acerca tambi\u00e9n estas comunidades a&nbsp;<strong>servicios b\u00e1sicos de salud y educaci\u00f3n que sol\u00edan ser de limitado acceso<\/strong>, lo cual mejora las condiciones de vida de&nbsp;<strong>m\u00e1s de 20,000 personas de forma directa y m\u00e1s de 30,000 de manera indirecta<\/strong>. &nbsp;<\/p>\n\n\n\n<p>De su lado, el ministro&nbsp;<strong>Eduardo Estrella<\/strong>&nbsp;subray\u00f3 que el circuito llega en un&nbsp;<strong>momento clave<\/strong>, con el&nbsp;<strong>aumento de la producci\u00f3n de arroz<\/strong>, eliminando trabas para su transporte.<\/p>\n\n\n\n<p><em>\"Estamos llenos de v\u00edas que comunican unas comunidades con otras y mejoran la calidad de vida de la gente\".<\/em><\/p>\n\n\n\n<figure class=\"wp-block-image\"><img decoding=\"async\" src=\"https:\/\/www.presidencia.gob.do\/sites\/default\/files\/inline-images\/1001569536.jpg\" alt=\"\"\/><\/figure>\n\n\n\n<p>Con entusiasmo, Estrella agreg\u00f3 que los hechos hablan por s\u00ed solos y este es un&nbsp;<em>\"presidente que se preocupa por su gente, que est\u00e1 trabajando no solamente por una provincia, sino tambi\u00e9n por un pa\u00eds. Tengan confianza en el presidente Luis Abinader, que cada d\u00eda demuestra m\u00e1s que los chelitos le rinden\".<\/em><\/p>\n\n\n\n<p><strong>M\u00e1s proyectos impactan positivamente provincia Duarte<\/strong><\/p>\n\n\n\n<p>En beneficio de esta productiva provincia Duarte, el titular de Obras P\u00fablicas indic\u00f3 que&nbsp;<strong>contin\u00faan trabajando \u00e1gilmente en otros 78 kil\u00f3metros&nbsp;<\/strong>de carretera,<strong>&nbsp;la circunvalaci\u00f3n de San Francisco<\/strong>&nbsp;y la construcci\u00f3n de&nbsp;<strong>5 puentes<\/strong>, as\u00ed como el&nbsp;<strong>asfaltado de calles<\/strong>&nbsp;de diferentes municipios y distritos, citando zonas como&nbsp;<strong>San Francisco de Macor\u00eds, Mam\u00e1 Ting\u00f3, Pimentel y El Aguacate.<\/strong><\/p>\n\n\n\n<p>Igualmente,&nbsp;<strong>comunitarios agradecieron<\/strong>&nbsp;la construcci\u00f3n de un<strong>&nbsp;puente en la comunidad de Bebedero&nbsp;<\/strong>que comunica&nbsp;<strong>30,000 tareas<\/strong>&nbsp;m\u00e1s de tierra,&nbsp;<strong>dragados<\/strong>&nbsp;que han permitido la rehabilitaci\u00f3n de&nbsp;<strong>unas 5,000 tareas<\/strong>, la construcci\u00f3n de&nbsp;<strong>aceras y contenes y caminos vecinales.<\/strong><\/p>\n\n\n\n<p><strong>Impulso a la econom\u00eda agr\u00edcola<\/strong><\/p>\n\n\n\n<p>El senador por la provincia Duarte,&nbsp;<strong>Franklin Romero<\/strong>, asever\u00f3 que el&nbsp;<strong>Bajo Yuna es una de las zonas agroproductivas m\u00e1s importantes<\/strong>&nbsp;del pa\u00eds, por lo que esta obra fortalece la&nbsp;<strong>comercializaci\u00f3n<\/strong>&nbsp;de rubros clave como el arroz y el cacao, reduciendo&nbsp;<strong>costos log\u00edsticos<\/strong>, disminuyendo&nbsp;<strong>p\u00e9rdidas poscosecha&nbsp;<\/strong>y aumentando la&nbsp;<strong>competitividad<\/strong>&nbsp;de los productores. &nbsp;<\/p>\n\n\n\n<figure class=\"wp-block-image\"><img decoding=\"async\" src=\"https:\/\/www.presidencia.gob.do\/sites\/default\/files\/inline-images\/1001569542.jpg\" alt=\"\"\/><\/figure>\n\n\n\n<p>Dijo, adem\u00e1s, que esta v\u00eda crea&nbsp;<strong>nuevas oportunidades de progreso y desarrollo<\/strong>&nbsp;para las familias locales, permitiendo el crecimiento de&nbsp;<strong>esta zona antes intransitable.<\/strong><\/p>\n\n\n\n<p><strong>Dise\u00f1o responde a los desaf\u00edos del territorio<\/strong><\/p>\n\n\n\n<p>Ubicado en una&nbsp;<strong>zona vulnerable a inundaciones<\/strong>, el Circuito Bajo Yuna incorpora&nbsp;<strong>soluciones de drenaje<\/strong>&nbsp;y dise\u00f1o que garantizan la&nbsp;<strong>transitabilidad incluso en condiciones clim\u00e1ticas adversas,<\/strong>&nbsp;protegiendo tanto a las comunidades como a la producci\u00f3n agr\u00edcola, alineado con la&nbsp;<strong>visi\u00f3n del Gobierno<\/strong>&nbsp;de construir infraestructuras preparadas para responder a los&nbsp;<strong>desaf\u00edos clim\u00e1ticos del presente y el futuro.<\/strong><\/p>\n\n\n\n<p>En el acto participaron el senador por Mar\u00eda Trinidad S\u00e1nchez,&nbsp;<strong>Alexis Victoria Yeb<\/strong>, junto con las gobernadoras&nbsp;<strong>Ana Xiomara Cort\u00e9s y Mar\u00eda L\u00f3pez<\/strong>, as\u00ed como el director ejecutivo del Instituto Nacional de Recursos Hidr\u00e1ulicos&nbsp;<strong>(Indrhi)<\/strong>,&nbsp;<strong>Olmedo Caba<\/strong>.<\/p>\n","protected":false},"excerpt":{"rendered":"<p>Se trata de un circuito de unos 49 km de extensi\u00f3n, entre los que se incluyen 6.2 km de v\u00edas internas que conectan con la principal Duarte.-&nbsp;El presidente Luis Abinader&nbsp;encabez\u00f3 la&nbsp;inauguraci\u00f3n del Circuito Vial Bajo Yuna,&nbsp;que supera los&nbsp;49 kil\u00f3metros&nbsp;y crea una conexi\u00f3n entre las provincias&nbsp;Duarte y Mar\u00eda Trinidad S\u00e1nchez, adem\u00e1s de ampliar la&nbsp;movilidad&nbsp;entre comunidades aisladas,&#8230;<\/p>\n","protected":false},"author":4,"featured_media":7267,"comment_status":"open","ping_status":"open","sticky":false,"template":"","format":"standard","meta":{"_jetpack_memberships_contains_paid_content":false,"footnotes":""},"categories":[24],"tags":[1441,3043,107,130],"class_list":["post-7266","post","type-post","status-publish","format-standard","has-post-thumbnail","hentry","category-nacionales","tag-bajo-yuna","tag-circuito-vial","tag-luis-abinader","tag-presidente"],"yoast_head":"<!-- This site is optimized with the Yoast SEO plugin v27.4 - https:\/\/yoast.com\/product\/yoast-seo-wordpress\/ -->\n<title>Presidente Abinader entrega Circuito Vial Bajo Yuna y transforma la vida de m\u00e1s de 30,000 personas en el nordeste - Bombazo Informativo<\/title>\n<meta name=\"description\" content=\"El presidente Luis Abinader\u00a0encabez\u00f3 la\u00a0inauguraci\u00f3n del Circuito Vial Bajo Yuna,\u00a0que supera los\u00a049 kil\u00f3metros\u00a0y crea una conexi\u00f3n entre las provincias\u00a0Duarte y Mar\u00eda Trinidad S\u00e1nchez, adem\u00e1s de ampliar la\u00a0movilidad\u00a0entre comunidades aisladas\" \/>\n<meta name=\"robots\" content=\"index, follow, max-snippet:-1, max-image-preview:large, max-video-preview:-1\" \/>\n<link rel=\"canonical\" href=\"https:\/\/bombazoinformativo.com\/index.php\/2026\/04\/27\/presidente-abinader-entrega-circuito-vial-bajo-yuna-y-transforma-la-vida-de-mas-de-30000-personas-en-el-nordeste\/\" \/>\n<meta property=\"og:locale\" content=\"es_ES\" \/>\n<meta property=\"og:type\" content=\"article\" \/>\n<meta property=\"og:title\" content=\"Presidente Abinader entrega Circuito Vial Bajo Yuna y transforma la vida de m\u00e1s de 30,000 personas en el nordeste - Bombazo Informativo\" \/>\n<meta property=\"og:description\" content=\"El presidente Luis Abinader\u00a0encabez\u00f3 la\u00a0inauguraci\u00f3n del Circuito Vial Bajo Yuna,\u00a0que supera los\u00a049 kil\u00f3metros\u00a0y crea una conexi\u00f3n entre las provincias\u00a0Duarte y Mar\u00eda Trinidad S\u00e1nchez, adem\u00e1s de ampliar la\u00a0movilidad\u00a0entre comunidades aisladas\" \/>\n<meta property=\"og:url\" content=\"https:\/\/bombazoinformativo.com\/index.php\/2026\/04\/27\/presidente-abinader-entrega-circuito-vial-bajo-yuna-y-transforma-la-vida-de-mas-de-30000-personas-en-el-nordeste\/\" \/>\n<meta property=\"og:site_name\" content=\"Bombazo Informativo\" \/>\n<meta property=\"article:published_time\" content=\"2026-04-27T14:48:34+00:00\" \/>\n<meta property=\"article:modified_time\" content=\"2026-04-27T14:48:35+00:00\" \/>\n<meta property=\"og:image\" content=\"https:\/\/bombazoinformativo.com\/wp-content\/uploads\/2026\/04\/1001569538.jpg\" \/>\n\t<meta property=\"og:image:width\" content=\"1300\" \/>\n\t<meta property=\"og:image:height\" content=\"731\" \/>\n\t<meta property=\"og:image:type\" content=\"image\/jpeg\" \/>\n<meta name=\"author\" content=\"Bombazo Informativo\" \/>\n<meta name=\"twitter:card\" content=\"summary_large_image\" \/>\n<meta name=\"twitter:label1\" content=\"Written by\" \/>\n\t<meta name=\"twitter:data1\" content=\"Bombazo Informativo\" \/>\n\t<meta name=\"twitter:label2\" content=\"Est. reading time\" \/>\n\t<meta name=\"twitter:data2\" content=\"4 minutos\" \/>\n<script type=\"application\/ld+json\" class=\"yoast-schema-graph\">{\"@context\":\"https:\\\/\\\/schema.org\",\"@graph\":[{\"@type\":\"Article\",\"@id\":\"https:\\\/\\\/bombazoinformativo.com\\\/index.php\\\/2026\\\/04\\\/27\\\/presidente-abinader-entrega-circuito-vial-bajo-yuna-y-transforma-la-vida-de-mas-de-30000-personas-en-el-nordeste\\\/#article\",\"isPartOf\":{\"@id\":\"https:\\\/\\\/bombazoinformativo.com\\\/index.php\\\/2026\\\/04\\\/27\\\/presidente-abinader-entrega-circuito-vial-bajo-yuna-y-transforma-la-vida-de-mas-de-30000-personas-en-el-nordeste\\\/\"},\"author\":{\"name\":\"Bombazo Informativo\",\"@id\":\"https:\\\/\\\/bombazoinformativo.com\\\/#\\\/schema\\\/person\\\/8a14f30019ce669c2ff632f56c95babc\"},\"headline\":\"Presidente Abinader entrega Circuito Vial Bajo Yuna y transforma la vida de m\u00e1s de 30,000 personas en el nordeste\",\"datePublished\":\"2026-04-27T14:48:34+00:00\",\"dateModified\":\"2026-04-27T14:48:35+00:00\",\"mainEntityOfPage\":{\"@id\":\"https:\\\/\\\/bombazoinformativo.com\\\/index.php\\\/2026\\\/04\\\/27\\\/presidente-abinader-entrega-circuito-vial-bajo-yuna-y-transforma-la-vida-de-mas-de-30000-personas-en-el-nordeste\\\/\"},\"wordCount\":829,\"commentCount\":0,\"publisher\":{\"@id\":\"https:\\\/\\\/bombazoinformativo.com\\\/#organization\"},\"image\":{\"@id\":\"https:\\\/\\\/bombazoinformativo.com\\\/index.php\\\/2026\\\/04\\\/27\\\/presidente-abinader-entrega-circuito-vial-bajo-yuna-y-transforma-la-vida-de-mas-de-30000-personas-en-el-nordeste\\\/#primaryimage\"},\"thumbnailUrl\":\"https:\\\/\\\/bombazoinformativo.com\\\/wp-content\\\/uploads\\\/2026\\\/04\\\/1001569538.jpg\",\"keywords\":[\"Bajo Yuna\",\"Circuito Vial\",\"Luis Abinader\",\"Presidente\"],\"articleSection\":[\"Nacionales\"],\"inLanguage\":\"es-DO\",\"potentialAction\":[{\"@type\":\"CommentAction\",\"name\":\"Comment\",\"target\":[\"https:\\\/\\\/bombazoinformativo.com\\\/index.php\\\/2026\\\/04\\\/27\\\/presidente-abinader-entrega-circuito-vial-bajo-yuna-y-transforma-la-vida-de-mas-de-30000-personas-en-el-nordeste\\\/#respond\"]}]},{\"@type\":\"WebPage\",\"@id\":\"https:\\\/\\\/bombazoinformativo.com\\\/index.php\\\/2026\\\/04\\\/27\\\/presidente-abinader-entrega-circuito-vial-bajo-yuna-y-transforma-la-vida-de-mas-de-30000-personas-en-el-nordeste\\\/\",\"url\":\"https:\\\/\\\/bombazoinformativo.com\\\/index.php\\\/2026\\\/04\\\/27\\\/presidente-abinader-entrega-circuito-vial-bajo-yuna-y-transforma-la-vida-de-mas-de-30000-personas-en-el-nordeste\\\/\",\"name\":\"Presidente Abinader entrega Circuito Vial Bajo Yuna y transforma la vida de m\u00e1s de 30,000 personas en el nordeste - Bombazo Informativo\",\"isPartOf\":{\"@id\":\"https:\\\/\\\/bombazoinformativo.com\\\/#website\"},\"primaryImageOfPage\":{\"@id\":\"https:\\\/\\\/bombazoinformativo.com\\\/index.php\\\/2026\\\/04\\\/27\\\/presidente-abinader-entrega-circuito-vial-bajo-yuna-y-transforma-la-vida-de-mas-de-30000-personas-en-el-nordeste\\\/#primaryimage\"},\"image\":{\"@id\":\"https:\\\/\\\/bombazoinformativo.com\\\/index.php\\\/2026\\\/04\\\/27\\\/presidente-abinader-entrega-circuito-vial-bajo-yuna-y-transforma-la-vida-de-mas-de-30000-personas-en-el-nordeste\\\/#primaryimage\"},\"thumbnailUrl\":\"https:\\\/\\\/bombazoinformativo.com\\\/wp-content\\\/uploads\\\/2026\\\/04\\\/1001569538.jpg\",\"datePublished\":\"2026-04-27T14:48:34+00:00\",\"dateModified\":\"2026-04-27T14:48:35+00:00\",\"description\":\"El presidente Luis Abinader\u00a0encabez\u00f3 la\u00a0inauguraci\u00f3n del Circuito Vial Bajo Yuna,\u00a0que supera los\u00a049 kil\u00f3metros\u00a0y crea una conexi\u00f3n entre las provincias\u00a0Duarte y Mar\u00eda Trinidad S\u00e1nchez, adem\u00e1s de ampliar la\u00a0movilidad\u00a0entre comunidades aisladas\",\"breadcrumb\":{\"@id\":\"https:\\\/\\\/bombazoinformativo.com\\\/index.php\\\/2026\\\/04\\\/27\\\/presidente-abinader-entrega-circuito-vial-bajo-yuna-y-transforma-la-vida-de-mas-de-30000-personas-en-el-nordeste\\\/#breadcrumb\"},\"inLanguage\":\"es-DO\",\"potentialAction\":[{\"@type\":\"ReadAction\",\"target\":[\"https:\\\/\\\/bombazoinformativo.com\\\/index.php\\\/2026\\\/04\\\/27\\\/presidente-abinader-entrega-circuito-vial-bajo-yuna-y-transforma-la-vida-de-mas-de-30000-personas-en-el-nordeste\\\/\"]}]},{\"@type\":\"ImageObject\",\"inLanguage\":\"es-DO\",\"@id\":\"https:\\\/\\\/bombazoinformativo.com\\\/index.php\\\/2026\\\/04\\\/27\\\/presidente-abinader-entrega-circuito-vial-bajo-yuna-y-transforma-la-vida-de-mas-de-30000-personas-en-el-nordeste\\\/#primaryimage\",\"url\":\"https:\\\/\\\/bombazoinformativo.com\\\/wp-content\\\/uploads\\\/2026\\\/04\\\/1001569538.jpg\",\"contentUrl\":\"https:\\\/\\\/bombazoinformativo.com\\\/wp-content\\\/uploads\\\/2026\\\/04\\\/1001569538.jpg\",\"width\":1300,\"height\":731},{\"@type\":\"BreadcrumbList\",\"@id\":\"https:\\\/\\\/bombazoinformativo.com\\\/index.php\\\/2026\\\/04\\\/27\\\/presidente-abinader-entrega-circuito-vial-bajo-yuna-y-transforma-la-vida-de-mas-de-30000-personas-en-el-nordeste\\\/#breadcrumb\",\"itemListElement\":[{\"@type\":\"ListItem\",\"position\":1,\"name\":\"Home\",\"item\":\"https:\\\/\\\/bombazoinformativo.com\\\/\"},{\"@type\":\"ListItem\",\"position\":2,\"name\":\"Presidente Abinader entrega Circuito Vial Bajo Yuna y transforma la vida de m\u00e1s de 30,000 personas en el nordeste\"}]},{\"@type\":\"WebSite\",\"@id\":\"https:\\\/\\\/bombazoinformativo.com\\\/#website\",\"url\":\"https:\\\/\\\/bombazoinformativo.com\\\/\",\"name\":\"Bombazo Informativo\",\"description\":\"En el Bombazo Informativo tenemos el objetivo de brindarte informaciones veraces, con claridad y objetividad.\",\"publisher\":{\"@id\":\"https:\\\/\\\/bombazoinformativo.com\\\/#organization\"},\"potentialAction\":[{\"@type\":\"SearchAction\",\"target\":{\"@type\":\"EntryPoint\",\"urlTemplate\":\"https:\\\/\\\/bombazoinformativo.com\\\/?s={search_term_string}\"},\"query-input\":{\"@type\":\"PropertyValueSpecification\",\"valueRequired\":true,\"valueName\":\"search_term_string\"}}],\"inLanguage\":\"es-DO\"},{\"@type\":\"Organization\",\"@id\":\"https:\\\/\\\/bombazoinformativo.com\\\/#organization\",\"name\":\"Bombazo Informativo\",\"url\":\"https:\\\/\\\/bombazoinformativo.com\\\/\",\"logo\":{\"@type\":\"ImageObject\",\"inLanguage\":\"es-DO\",\"@id\":\"https:\\\/\\\/bombazoinformativo.com\\\/#\\\/schema\\\/logo\\\/image\\\/\",\"url\":\"https:\\\/\\\/bombazoinformativo.com\\\/wp-content\\\/uploads\\\/2024\\\/11\\\/cropped-WhatsApp-Image-2024-11-29-at-12.01.48-PM.jpeg\",\"contentUrl\":\"https:\\\/\\\/bombazoinformativo.com\\\/wp-content\\\/uploads\\\/2024\\\/11\\\/cropped-WhatsApp-Image-2024-11-29-at-12.01.48-PM.jpeg\",\"width\":1599,\"height\":315,\"caption\":\"Bombazo Informativo\"},\"image\":{\"@id\":\"https:\\\/\\\/bombazoinformativo.com\\\/#\\\/schema\\\/logo\\\/image\\\/\"}},{\"@type\":\"Person\",\"@id\":\"https:\\\/\\\/bombazoinformativo.com\\\/#\\\/schema\\\/person\\\/8a14f30019ce669c2ff632f56c95babc\",\"name\":\"Bombazo Informativo\",\"image\":{\"@type\":\"ImageObject\",\"inLanguage\":\"es-DO\",\"@id\":\"https:\\\/\\\/bombazoinformativo.com\\\/wp-content\\\/litespeed\\\/avatar\\\/b076bbe918e43ad70d1f99495fbecd83.jpg?ver=1777262154\",\"url\":\"https:\\\/\\\/bombazoinformativo.com\\\/wp-content\\\/litespeed\\\/avatar\\\/b076bbe918e43ad70d1f99495fbecd83.jpg?ver=1777262154\",\"contentUrl\":\"https:\\\/\\\/bombazoinformativo.com\\\/wp-content\\\/litespeed\\\/avatar\\\/b076bbe918e43ad70d1f99495fbecd83.jpg?ver=1777262154\",\"caption\":\"Bombazo Informativo\"},\"url\":\"https:\\\/\\\/bombazoinformativo.com\\\/index.php\\\/author\\\/bombazo-informativo\\\/\"}]}<\/script>\n<!-- \/ Yoast SEO plugin. -->","yoast_head_json":{"title":"Presidente Abinader entrega Circuito Vial Bajo Yuna y transforma la vida de m\u00e1s de 30,000 personas en el nordeste - Bombazo Informativo","description":"El presidente Luis Abinader\u00a0encabez\u00f3 la\u00a0inauguraci\u00f3n del Circuito Vial Bajo Yuna,\u00a0que supera los\u00a049 kil\u00f3metros\u00a0y crea una conexi\u00f3n entre las provincias\u00a0Duarte y Mar\u00eda Trinidad S\u00e1nchez, adem\u00e1s de ampliar la\u00a0movilidad\u00a0entre comunidades aisladas","robots":{"index":"index","follow":"follow","max-snippet":"max-snippet:-1","max-image-preview":"max-image-preview:large","max-video-preview":"max-video-preview:-1"},"canonical":"https:\/\/bombazoinformativo.com\/index.php\/2026\/04\/27\/presidente-abinader-entrega-circuito-vial-bajo-yuna-y-transforma-la-vida-de-mas-de-30000-personas-en-el-nordeste\/","og_locale":"es_ES","og_type":"article","og_title":"Presidente Abinader entrega Circuito Vial Bajo Yuna y transforma la vida de m\u00e1s de 30,000 personas en el nordeste - Bombazo Informativo","og_description":"El presidente Luis Abinader\u00a0encabez\u00f3 la\u00a0inauguraci\u00f3n del Circuito Vial Bajo Yuna,\u00a0que supera los\u00a049 kil\u00f3metros\u00a0y crea una conexi\u00f3n entre las provincias\u00a0Duarte y Mar\u00eda Trinidad S\u00e1nchez, adem\u00e1s de ampliar la\u00a0movilidad\u00a0entre comunidades aisladas","og_url":"https:\/\/bombazoinformativo.com\/index.php\/2026\/04\/27\/presidente-abinader-entrega-circuito-vial-bajo-yuna-y-transforma-la-vida-de-mas-de-30000-personas-en-el-nordeste\/","og_site_name":"Bombazo Informativo","article_published_time":"2026-04-27T14:48:34+00:00","article_modified_time":"2026-04-27T14:48:35+00:00","og_image":[{"width":1300,"height":731,"url":"https:\/\/bombazoinformativo.com\/wp-content\/uploads\/2026\/04\/1001569538.jpg","type":"image\/jpeg"}],"author":"Bombazo Informativo","twitter_card":"summary_large_image","twitter_misc":{"Written by":"Bombazo Informativo","Est. reading time":"4 minutos"},"schema":{"@context":"https:\/\/schema.org","@graph":[{"@type":"Article","@id":"https:\/\/bombazoinformativo.com\/index.php\/2026\/04\/27\/presidente-abinader-entrega-circuito-vial-bajo-yuna-y-transforma-la-vida-de-mas-de-30000-personas-en-el-nordeste\/#article","isPartOf":{"@id":"https:\/\/bombazoinformativo.com\/index.php\/2026\/04\/27\/presidente-abinader-entrega-circuito-vial-bajo-yuna-y-transforma-la-vida-de-mas-de-30000-personas-en-el-nordeste\/"},"author":{"name":"Bombazo Informativo","@id":"https:\/\/bombazoinformativo.com\/#\/schema\/person\/8a14f30019ce669c2ff632f56c95babc"},"headline":"Presidente Abinader entrega Circuito Vial Bajo Yuna y transforma la vida de m\u00e1s de 30,000 personas en el nordeste","datePublished":"2026-04-27T14:48:34+00:00","dateModified":"2026-04-27T14:48:35+00:00","mainEntityOfPage":{"@id":"https:\/\/bombazoinformativo.com\/index.php\/2026\/04\/27\/presidente-abinader-entrega-circuito-vial-bajo-yuna-y-transforma-la-vida-de-mas-de-30000-personas-en-el-nordeste\/"},"wordCount":829,"commentCount":0,"publisher":{"@id":"https:\/\/bombazoinformativo.com\/#organization"},"image":{"@id":"https:\/\/bombazoinformativo.com\/index.php\/2026\/04\/27\/presidente-abinader-entrega-circuito-vial-bajo-yuna-y-transforma-la-vida-de-mas-de-30000-personas-en-el-nordeste\/#primaryimage"},"thumbnailUrl":"https:\/\/bombazoinformativo.com\/wp-content\/uploads\/2026\/04\/1001569538.jpg","keywords":["Bajo Yuna","Circuito Vial","Luis Abinader","Presidente"],"articleSection":["Nacionales"],"inLanguage":"es-DO","potentialAction":[{"@type":"CommentAction","name":"Comment","target":["https:\/\/bombazoinformativo.com\/index.php\/2026\/04\/27\/presidente-abinader-entrega-circuito-vial-bajo-yuna-y-transforma-la-vida-de-mas-de-30000-personas-en-el-nordeste\/#respond"]}]},{"@type":"WebPage","@id":"https:\/\/bombazoinformativo.com\/index.php\/2026\/04\/27\/presidente-abinader-entrega-circuito-vial-bajo-yuna-y-transforma-la-vida-de-mas-de-30000-personas-en-el-nordeste\/","url":"https:\/\/bombazoinformativo.com\/index.php\/2026\/04\/27\/presidente-abinader-entrega-circuito-vial-bajo-yuna-y-transforma-la-vida-de-mas-de-30000-personas-en-el-nordeste\/","name":"Presidente Abinader entrega Circuito Vial Bajo Yuna y transforma la vida de m\u00e1s de 30,000 personas en el nordeste - Bombazo Informativo","isPartOf":{"@id":"https:\/\/bombazoinformativo.com\/#website"},"primaryImageOfPage":{"@id":"https:\/\/bombazoinformativo.com\/index.php\/2026\/04\/27\/presidente-abinader-entrega-circuito-vial-bajo-yuna-y-transforma-la-vida-de-mas-de-30000-personas-en-el-nordeste\/#primaryimage"},"image":{"@id":"https:\/\/bombazoinformativo.com\/index.php\/2026\/04\/27\/presidente-abinader-entrega-circuito-vial-bajo-yuna-y-transforma-la-vida-de-mas-de-30000-personas-en-el-nordeste\/#primaryimage"},"thumbnailUrl":"https:\/\/bombazoinformativo.com\/wp-content\/uploads\/2026\/04\/1001569538.jpg","datePublished":"2026-04-27T14:48:34+00:00","dateModified":"2026-04-27T14:48:35+00:00","description":"El presidente Luis Abinader\u00a0encabez\u00f3 la\u00a0inauguraci\u00f3n del Circuito Vial Bajo Yuna,\u00a0que supera los\u00a049 kil\u00f3metros\u00a0y crea una conexi\u00f3n entre las provincias\u00a0Duarte y Mar\u00eda Trinidad S\u00e1nchez, adem\u00e1s de ampliar la\u00a0movilidad\u00a0entre comunidades aisladas","breadcrumb":{"@id":"https:\/\/bombazoinformativo.com\/index.php\/2026\/04\/27\/presidente-abinader-entrega-circuito-vial-bajo-yuna-y-transforma-la-vida-de-mas-de-30000-personas-en-el-nordeste\/#breadcrumb"},"inLanguage":"es-DO","potentialAction":[{"@type":"ReadAction","target":["https:\/\/bombazoinformativo.com\/index.php\/2026\/04\/27\/presidente-abinader-entrega-circuito-vial-bajo-yuna-y-transforma-la-vida-de-mas-de-30000-personas-en-el-nordeste\/"]}]},{"@type":"ImageObject","inLanguage":"es-DO","@id":"https:\/\/bombazoinformativo.com\/index.php\/2026\/04\/27\/presidente-abinader-entrega-circuito-vial-bajo-yuna-y-transforma-la-vida-de-mas-de-30000-personas-en-el-nordeste\/#primaryimage","url":"https:\/\/bombazoinformativo.com\/wp-content\/uploads\/2026\/04\/1001569538.jpg","contentUrl":"https:\/\/bombazoinformativo.com\/wp-content\/uploads\/2026\/04\/1001569538.jpg","width":1300,"height":731},{"@type":"BreadcrumbList","@id":"https:\/\/bombazoinformativo.com\/index.php\/2026\/04\/27\/presidente-abinader-entrega-circuito-vial-bajo-yuna-y-transforma-la-vida-de-mas-de-30000-personas-en-el-nordeste\/#breadcrumb","itemListElement":[{"@type":"ListItem","position":1,"name":"Home","item":"https:\/\/bombazoinformativo.com\/"},{"@type":"ListItem","position":2,"name":"Presidente Abinader entrega Circuito Vial Bajo Yuna y transforma la vida de m\u00e1s de 30,000 personas en el nordeste"}]},{"@type":"WebSite","@id":"https:\/\/bombazoinformativo.com\/#website","url":"https:\/\/bombazoinformativo.com\/","name":"Bombazo Informativo","description":"En el Bombazo Informativo tenemos el objetivo de brindarte informaciones veraces, con claridad y objetividad.","publisher":{"@id":"https:\/\/bombazoinformativo.com\/#organization"},"potentialAction":[{"@type":"SearchAction","target":{"@type":"EntryPoint","urlTemplate":"https:\/\/bombazoinformativo.com\/?s={search_term_string}"},"query-input":{"@type":"PropertyValueSpecification","valueRequired":true,"valueName":"search_term_string"}}],"inLanguage":"es-DO"},{"@type":"Organization","@id":"https:\/\/bombazoinformativo.com\/#organization","name":"Bombazo Informativo","url":"https:\/\/bombazoinformativo.com\/","logo":{"@type":"ImageObject","inLanguage":"es-DO","@id":"https:\/\/bombazoinformativo.com\/#\/schema\/logo\/image\/","url":"https:\/\/bombazoinformativo.com\/wp-content\/uploads\/2024\/11\/cropped-WhatsApp-Image-2024-11-29-at-12.01.48-PM.jpeg","contentUrl":"https:\/\/bombazoinformativo.com\/wp-content\/uploads\/2024\/11\/cropped-WhatsApp-Image-2024-11-29-at-12.01.48-PM.jpeg","width":1599,"height":315,"caption":"Bombazo Informativo"},"image":{"@id":"https:\/\/bombazoinformativo.com\/#\/schema\/logo\/image\/"}},{"@type":"Person","@id":"https:\/\/bombazoinformativo.com\/#\/schema\/person\/8a14f30019ce669c2ff632f56c95babc","name":"Bombazo Informativo","image":{"@type":"ImageObject","inLanguage":"es-DO","@id":"https:\/\/bombazoinformativo.com\/wp-content\/litespeed\/avatar\/b076bbe918e43ad70d1f99495fbecd83.jpg?ver=1777262154","url":"https:\/\/bombazoinformativo.com\/wp-content\/litespeed\/avatar\/b076bbe918e43ad70d1f99495fbecd83.jpg?ver=1777262154","contentUrl":"https:\/\/bombazoinformativo.com\/wp-content\/litespeed\/avatar\/b076bbe918e43ad70d1f99495fbecd83.jpg?ver=1777262154","caption":"Bombazo Informativo"},"url":"https:\/\/bombazoinformativo.com\/index.php\/author\/bombazo-informativo\/"}]}},"jetpack_featured_media_url":"https:\/\/bombazoinformativo.com\/wp-content\/uploads\/2026\/04\/1001569538.jpg","jetpack_sharing_enabled":true,"_links":{"self":[{"href":"https:\/\/bombazoinformativo.com\/index.php\/wp-json\/wp\/v2\/posts\/7266","targetHints":{"allow":["GET"]}}],"collection":[{"href":"https:\/\/bombazoinformativo.com\/index.php\/wp-json\/wp\/v2\/posts"}],"about":[{"href":"https:\/\/bombazoinformativo.com\/index.php\/wp-json\/wp\/v2\/types\/post"}],"author":[{"embeddable":true,"href":"https:\/\/bombazoinformativo.com\/index.php\/wp-json\/wp\/v2\/users\/4"}],"replies":[{"embeddable":true,"href":"https:\/\/bombazoinformativo.com\/index.php\/wp-json\/wp\/v2\/comments?post=7266"}],"version-history":[{"count":1,"href":"https:\/\/bombazoinformativo.com\/index.php\/wp-json\/wp\/v2\/posts\/7266\/revisions"}],"predecessor-version":[{"id":7268,"href":"https:\/\/bombazoinformativo.com\/index.php\/wp-json\/wp\/v2\/posts\/7266\/revisions\/7268"}],"wp:featuredmedia":[{"embeddable":true,"href":"https:\/\/bombazoinformativo.com\/index.php\/wp-json\/wp\/v2\/media\/7267"}],"wp:attachment":[{"href":"https:\/\/bombazoinformativo.com\/index.php\/wp-json\/wp\/v2\/media?parent=7266"}],"wp:term":[{"taxonomy":"category","embeddable":true,"href":"https:\/\/bombazoinformativo.com\/index.php\/wp-json\/wp\/v2\/categories?post=7266"},{"taxonomy":"post_tag","embeddable":true,"href":"https:\/\/bombazoinformativo.com\/index.php\/wp-json\/wp\/v2\/tags?post=7266"}],"curies":[{"name":"wp","href":"https:\/\/api.w.org\/{rel}","templated":true}]}}