{"id":7080,"date":"2026-03-11T10:46:25","date_gmt":"2026-03-11T14:46:25","guid":{"rendered":"https:\/\/bombazoinformativo.com\/?p=7080"},"modified":"2026-03-11T10:46:26","modified_gmt":"2026-03-11T14:46:26","slug":"abinader-se-reune-con-dominicanos-en-chile-y-resalta-oportunidades","status":"publish","type":"post","link":"https:\/\/bombazoinformativo.com\/index.php\/2026\/03\/11\/abinader-se-reune-con-dominicanos-en-chile-y-resalta-oportunidades\/","title":{"rendered":"Abinader se re\u00fane con dominicanos en Chile y resalta oportunidades"},"content":{"rendered":"\n<h2 class=\"wp-block-heading\">El mandatario llama a dominicanos a mantener el alto nombre de la patria y a aprovechar las ventajas que les ofrece el pa\u00eds sudamericano<\/h2>\n\n\n\n<p>Santiago de Chile.-&nbsp;<strong>El presidente Luis Abinader&nbsp;<\/strong>se reuni\u00f3 con representantes y l\u00edderes de distintas&nbsp;<strong>organizaciones de dominicanos residentes en Chile<\/strong>, a quienes les resalt\u00f3 las&nbsp;<strong>nuevas oportunidades<\/strong>&nbsp;que se abren con las&nbsp;<strong>buenas relaciones&nbsp;<\/strong>que tiene Rep\u00fablica Dominicana con el&nbsp;<strong>presidente Jos\u00e9 Antonio Kast.<\/strong>&nbsp;<\/p>\n\n\n\n<p>El mandatario se reuni\u00f3 con los representantes dominicanos previo a su asistencia a la transmisi\u00f3n de mando del presidente Jos\u00e9 Antonio Kast, quien<strong>&nbsp;visit\u00f3 la Rep\u00fablica Dominicana el 24 y 25 de enero del presente a\u00f1o.&nbsp;<\/strong><\/p>\n\n\n\n<p>El jefe de Estado llam\u00f3 a sus compatriotas a&nbsp;<strong>ser buenos ciudadanos<\/strong>&nbsp;e integrarse de manera organizada, as\u00ed como aprovechar las&nbsp;<strong>ventajas que les da la sociedad chilena, especialmente en lo educativo.<\/strong><\/p>\n\n\n\n<p>El presidente Abinader destac\u00f3 las&nbsp;<strong>potencialidades de la industria de la uva en la Rep\u00fablica Dominicana<\/strong>&nbsp;y las oportunidades que se pueden aprovechar con&nbsp;<strong>la experiencia y la fama mundial de vino chileno.&nbsp;<\/strong><\/p>\n\n\n\n<figure class=\"wp-block-image\"><img decoding=\"async\" src=\"https:\/\/www.presidencia.gob.do\/sites\/default\/files\/inline-images\/WhatsApp%20Image%202026-03-11%20at%209.28.46%20AM%281%29.jpeg\" alt=\"\"\/><\/figure>\n\n\n\n<p>Dijo que&nbsp;<strong>tom\u00f3 nota de sus requerimientos<\/strong>&nbsp;y que trabajar\u00e1 para atenderlas porque&nbsp;<em>\"ninguna petici\u00f3n para nosotros es peque\u00f1a\".<\/em><\/p>\n\n\n\n<p>Asegur\u00f3 que continuar\u00e1 trabajando para todos los dominicanos y que seguir\u00e1 fortaleciendo los lazos entre la Rep\u00fablica Dominicana y sus nacionales en el exterior.<\/p>\n\n\n\n<p>El mandatario inst\u00f3 a los dominicanos en Chile a continuar trabajando con tes\u00f3n para&nbsp;<strong>mantener el alto en nombre de su patria<\/strong>&nbsp;y aprovechar las ventajas que les ofrece esa naci\u00f3n.<\/p>\n\n\n\n<p>De acuerdo con los registros de la Embajada de la Rep\u00fablica Dominicana en Chile, unos&nbsp;<strong>23,000 residen en la naci\u00f3n sudamericana.&nbsp;<\/strong><\/p>\n\n\n\n<p>En su intervenci\u00f3n, el embajador dominicano en Chile,&nbsp;<strong>Juan Coh\u00e9n<\/strong>, resalt\u00f3 que por instrucciones del presidente hay un especial \u00e9nfasis en&nbsp;<strong>responder a las necesidades de los quisqueyanos y agregarle valor a la comunidad criolla.<\/strong><\/p>\n\n\n\n<p>Resalt\u00f3 que la naci\u00f3n sudamericana es la&nbsp;<strong>cuarta con mayor poblaci\u00f3n de dominicanos<\/strong>&nbsp;fuera del territorio nacional.<\/p>\n\n\n\n<p><em>\"Atender la di\u00e1spora es un gran trabajo, pero tambi\u00e9n una gran oportunidad de llegar a los confines del mundo porque en los confines del mundo hay dominicanos; tenemos dominicanos desde el polo sur, all\u00e1 en Punta Arena, hasta isla de Pascua. La verdad es que es un gran reto, pero estamos cumpliendo con eso que es la voluntad del presidente Abinader\",<\/em>&nbsp;expres\u00f3 el diplom\u00e1tico.<\/p>\n\n\n\n<p>Anunci\u00f3 para&nbsp;<strong>noviembre<\/strong>&nbsp;la embajada celebrar\u00e1 la&nbsp;<strong>Semana Dominicana en Chile<\/strong>&nbsp;en inter\u00e9s de continuar impulsando la integraci\u00f3n y la cultura quisqueyana.<\/p>\n\n\n\n<p>Durante el encuentro,&nbsp;<strong>Francisco Berig\u00fcete<\/strong>, director del Index en Chile, destac\u00f3 el&nbsp;<strong>cumplimiento de las promesas<\/strong>&nbsp;hechas por el mandatario a esa comunidad y las&nbsp;<strong>iniciativas para fortalecer el v\u00ednculo<\/strong>&nbsp;entre el Estado dominicano y sus comunidades fuera de Quisqueya.<\/p>\n\n\n\n<p>En las conversaciones se destac\u00f3 el&nbsp;<strong>papel que juegan los dominicanos en el exterior<\/strong>&nbsp;<strong>con sus aportes para el desarrollo nacional<\/strong>&nbsp;y el mantenimiento de las costumbres en las nuevas generaciones nacidas fuera de su tierra de origen.&nbsp;&nbsp;<\/p>\n\n\n\n<p>En la reuni\u00f3n participaron tambi\u00e9n el encargado de la Secci\u00f3n Consular,&nbsp;<strong>Jos\u00e9 Garc\u00eda Marcano<\/strong>, el ministro consejero;&nbsp;<strong>Joel Jonathan Delgado<\/strong>; la consejera de Cooperaci\u00f3n,&nbsp;<strong>Kenia del Orbe,<\/strong>&nbsp;y la primera secretaria, encargada de Protecci\u00f3n a Nacionales y enlace con la comunidad,&nbsp;<strong>Malenskia Montero<\/strong>.<\/p>\n","protected":false},"excerpt":{"rendered":"<p>El mandatario llama a dominicanos a mantener el alto nombre de la patria y a aprovechar las ventajas que les ofrece el pa\u00eds sudamericano Santiago de Chile.-&nbsp;El presidente Luis Abinader&nbsp;se reuni\u00f3 con representantes y l\u00edderes de distintas&nbsp;organizaciones de dominicanos residentes en Chile, a quienes les resalt\u00f3 las&nbsp;nuevas oportunidades&nbsp;que se abren con las&nbsp;buenas relaciones&nbsp;que tiene Rep\u00fablica&#8230;<\/p>\n","protected":false},"author":4,"featured_media":7081,"comment_status":"open","ping_status":"open","sticky":false,"template":"","format":"standard","meta":{"_jetpack_memberships_contains_paid_content":false,"footnotes":""},"categories":[24],"tags":[353,2988,107,130],"class_list":["post-7080","post","type-post","status-publish","format-standard","has-post-thumbnail","hentry","category-nacionales","tag-chile","tag-jose-antonio-kast","tag-luis-abinader","tag-presidente"],"yoast_head":"<!-- This site is optimized with the Yoast SEO plugin v27.4 - https:\/\/yoast.com\/product\/yoast-seo-wordpress\/ -->\n<title>Abinader se re\u00fane con dominicanos en Chile y resalta oportunidades - Bombazo Informativo<\/title>\n<meta name=\"description\" content=\"El presidente Luis Abinader\u00a0se reuni\u00f3 con representantes y l\u00edderes de distintas\u00a0organizaciones de dominicanos residentes en Chile, a quienes les resalt\u00f3 las\u00a0nuevas oportunidades\u00a0que se abren con las\u00a0buenas relaciones\u00a0que tiene Rep\u00fablica Dominicana con el\u00a0presidente Jos\u00e9 Antonio Kast\" \/>\n<meta name=\"robots\" content=\"index, follow, max-snippet:-1, max-image-preview:large, max-video-preview:-1\" \/>\n<link rel=\"canonical\" href=\"https:\/\/bombazoinformativo.com\/index.php\/2026\/03\/11\/abinader-se-reune-con-dominicanos-en-chile-y-resalta-oportunidades\/\" \/>\n<meta property=\"og:locale\" content=\"es_ES\" \/>\n<meta property=\"og:type\" content=\"article\" \/>\n<meta property=\"og:title\" content=\"Abinader se re\u00fane con dominicanos en Chile y resalta oportunidades - Bombazo Informativo\" \/>\n<meta property=\"og:description\" content=\"El presidente Luis Abinader\u00a0se reuni\u00f3 con representantes y l\u00edderes de distintas\u00a0organizaciones de dominicanos residentes en Chile, a quienes les resalt\u00f3 las\u00a0nuevas oportunidades\u00a0que se abren con las\u00a0buenas relaciones\u00a0que tiene Rep\u00fablica Dominicana con el\u00a0presidente Jos\u00e9 Antonio Kast\" \/>\n<meta property=\"og:url\" content=\"https:\/\/bombazoinformativo.com\/index.php\/2026\/03\/11\/abinader-se-reune-con-dominicanos-en-chile-y-resalta-oportunidades\/\" \/>\n<meta property=\"og:site_name\" content=\"Bombazo Informativo\" \/>\n<meta property=\"article:published_time\" content=\"2026-03-11T14:46:25+00:00\" \/>\n<meta property=\"article:modified_time\" content=\"2026-03-11T14:46:26+00:00\" \/>\n<meta property=\"og:image\" content=\"https:\/\/bombazoinformativo.com\/wp-content\/uploads\/2026\/03\/WhatsApp-Image-2026-03-11-at-9.28.47-AM.jpeg\" \/>\n\t<meta property=\"og:image:width\" content=\"1300\" \/>\n\t<meta property=\"og:image:height\" content=\"731\" \/>\n\t<meta property=\"og:image:type\" content=\"image\/jpeg\" \/>\n<meta name=\"author\" content=\"Bombazo Informativo\" \/>\n<meta name=\"twitter:card\" content=\"summary_large_image\" \/>\n<meta name=\"twitter:label1\" content=\"Written by\" \/>\n\t<meta name=\"twitter:data1\" content=\"Bombazo Informativo\" \/>\n\t<meta name=\"twitter:label2\" content=\"Est. reading time\" \/>\n\t<meta name=\"twitter:data2\" content=\"3 minutos\" \/>\n<script type=\"application\/ld+json\" class=\"yoast-schema-graph\">{\"@context\":\"https:\\\/\\\/schema.org\",\"@graph\":[{\"@type\":\"Article\",\"@id\":\"https:\\\/\\\/bombazoinformativo.com\\\/index.php\\\/2026\\\/03\\\/11\\\/abinader-se-reune-con-dominicanos-en-chile-y-resalta-oportunidades\\\/#article\",\"isPartOf\":{\"@id\":\"https:\\\/\\\/bombazoinformativo.com\\\/index.php\\\/2026\\\/03\\\/11\\\/abinader-se-reune-con-dominicanos-en-chile-y-resalta-oportunidades\\\/\"},\"author\":{\"name\":\"Bombazo Informativo\",\"@id\":\"https:\\\/\\\/bombazoinformativo.com\\\/#\\\/schema\\\/person\\\/8a14f30019ce669c2ff632f56c95babc\"},\"headline\":\"Abinader se re\u00fane con dominicanos en Chile y resalta oportunidades\",\"datePublished\":\"2026-03-11T14:46:25+00:00\",\"dateModified\":\"2026-03-11T14:46:26+00:00\",\"mainEntityOfPage\":{\"@id\":\"https:\\\/\\\/bombazoinformativo.com\\\/index.php\\\/2026\\\/03\\\/11\\\/abinader-se-reune-con-dominicanos-en-chile-y-resalta-oportunidades\\\/\"},\"wordCount\":613,\"commentCount\":0,\"publisher\":{\"@id\":\"https:\\\/\\\/bombazoinformativo.com\\\/#organization\"},\"image\":{\"@id\":\"https:\\\/\\\/bombazoinformativo.com\\\/index.php\\\/2026\\\/03\\\/11\\\/abinader-se-reune-con-dominicanos-en-chile-y-resalta-oportunidades\\\/#primaryimage\"},\"thumbnailUrl\":\"https:\\\/\\\/bombazoinformativo.com\\\/wp-content\\\/uploads\\\/2026\\\/03\\\/WhatsApp-Image-2026-03-11-at-9.28.47-AM.jpeg\",\"keywords\":[\"Chile\",\"Jos\u00e9 Antonio Kast\",\"Luis Abinader\",\"Presidente\"],\"articleSection\":[\"Nacionales\"],\"inLanguage\":\"es-DO\",\"potentialAction\":[{\"@type\":\"CommentAction\",\"name\":\"Comment\",\"target\":[\"https:\\\/\\\/bombazoinformativo.com\\\/index.php\\\/2026\\\/03\\\/11\\\/abinader-se-reune-con-dominicanos-en-chile-y-resalta-oportunidades\\\/#respond\"]}]},{\"@type\":\"WebPage\",\"@id\":\"https:\\\/\\\/bombazoinformativo.com\\\/index.php\\\/2026\\\/03\\\/11\\\/abinader-se-reune-con-dominicanos-en-chile-y-resalta-oportunidades\\\/\",\"url\":\"https:\\\/\\\/bombazoinformativo.com\\\/index.php\\\/2026\\\/03\\\/11\\\/abinader-se-reune-con-dominicanos-en-chile-y-resalta-oportunidades\\\/\",\"name\":\"Abinader se re\u00fane con dominicanos en Chile y resalta oportunidades - Bombazo Informativo\",\"isPartOf\":{\"@id\":\"https:\\\/\\\/bombazoinformativo.com\\\/#website\"},\"primaryImageOfPage\":{\"@id\":\"https:\\\/\\\/bombazoinformativo.com\\\/index.php\\\/2026\\\/03\\\/11\\\/abinader-se-reune-con-dominicanos-en-chile-y-resalta-oportunidades\\\/#primaryimage\"},\"image\":{\"@id\":\"https:\\\/\\\/bombazoinformativo.com\\\/index.php\\\/2026\\\/03\\\/11\\\/abinader-se-reune-con-dominicanos-en-chile-y-resalta-oportunidades\\\/#primaryimage\"},\"thumbnailUrl\":\"https:\\\/\\\/bombazoinformativo.com\\\/wp-content\\\/uploads\\\/2026\\\/03\\\/WhatsApp-Image-2026-03-11-at-9.28.47-AM.jpeg\",\"datePublished\":\"2026-03-11T14:46:25+00:00\",\"dateModified\":\"2026-03-11T14:46:26+00:00\",\"description\":\"El presidente Luis Abinader\u00a0se reuni\u00f3 con representantes y l\u00edderes de distintas\u00a0organizaciones de dominicanos residentes en Chile, a quienes les resalt\u00f3 las\u00a0nuevas oportunidades\u00a0que se abren con las\u00a0buenas relaciones\u00a0que tiene Rep\u00fablica Dominicana con el\u00a0presidente Jos\u00e9 Antonio Kast\",\"breadcrumb\":{\"@id\":\"https:\\\/\\\/bombazoinformativo.com\\\/index.php\\\/2026\\\/03\\\/11\\\/abinader-se-reune-con-dominicanos-en-chile-y-resalta-oportunidades\\\/#breadcrumb\"},\"inLanguage\":\"es-DO\",\"potentialAction\":[{\"@type\":\"ReadAction\",\"target\":[\"https:\\\/\\\/bombazoinformativo.com\\\/index.php\\\/2026\\\/03\\\/11\\\/abinader-se-reune-con-dominicanos-en-chile-y-resalta-oportunidades\\\/\"]}]},{\"@type\":\"ImageObject\",\"inLanguage\":\"es-DO\",\"@id\":\"https:\\\/\\\/bombazoinformativo.com\\\/index.php\\\/2026\\\/03\\\/11\\\/abinader-se-reune-con-dominicanos-en-chile-y-resalta-oportunidades\\\/#primaryimage\",\"url\":\"https:\\\/\\\/bombazoinformativo.com\\\/wp-content\\\/uploads\\\/2026\\\/03\\\/WhatsApp-Image-2026-03-11-at-9.28.47-AM.jpeg\",\"contentUrl\":\"https:\\\/\\\/bombazoinformativo.com\\\/wp-content\\\/uploads\\\/2026\\\/03\\\/WhatsApp-Image-2026-03-11-at-9.28.47-AM.jpeg\",\"width\":1300,\"height\":731},{\"@type\":\"BreadcrumbList\",\"@id\":\"https:\\\/\\\/bombazoinformativo.com\\\/index.php\\\/2026\\\/03\\\/11\\\/abinader-se-reune-con-dominicanos-en-chile-y-resalta-oportunidades\\\/#breadcrumb\",\"itemListElement\":[{\"@type\":\"ListItem\",\"position\":1,\"name\":\"Home\",\"item\":\"https:\\\/\\\/bombazoinformativo.com\\\/\"},{\"@type\":\"ListItem\",\"position\":2,\"name\":\"Abinader se re\u00fane con dominicanos en Chile y resalta oportunidades\"}]},{\"@type\":\"WebSite\",\"@id\":\"https:\\\/\\\/bombazoinformativo.com\\\/#website\",\"url\":\"https:\\\/\\\/bombazoinformativo.com\\\/\",\"name\":\"Bombazo Informativo\",\"description\":\"En el Bombazo Informativo tenemos el objetivo de brindarte informaciones veraces, con claridad y objetividad.\",\"publisher\":{\"@id\":\"https:\\\/\\\/bombazoinformativo.com\\\/#organization\"},\"potentialAction\":[{\"@type\":\"SearchAction\",\"target\":{\"@type\":\"EntryPoint\",\"urlTemplate\":\"https:\\\/\\\/bombazoinformativo.com\\\/?s={search_term_string}\"},\"query-input\":{\"@type\":\"PropertyValueSpecification\",\"valueRequired\":true,\"valueName\":\"search_term_string\"}}],\"inLanguage\":\"es-DO\"},{\"@type\":\"Organization\",\"@id\":\"https:\\\/\\\/bombazoinformativo.com\\\/#organization\",\"name\":\"Bombazo Informativo\",\"url\":\"https:\\\/\\\/bombazoinformativo.com\\\/\",\"logo\":{\"@type\":\"ImageObject\",\"inLanguage\":\"es-DO\",\"@id\":\"https:\\\/\\\/bombazoinformativo.com\\\/#\\\/schema\\\/logo\\\/image\\\/\",\"url\":\"https:\\\/\\\/bombazoinformativo.com\\\/wp-content\\\/uploads\\\/2024\\\/11\\\/cropped-WhatsApp-Image-2024-11-29-at-12.01.48-PM.jpeg\",\"contentUrl\":\"https:\\\/\\\/bombazoinformativo.com\\\/wp-content\\\/uploads\\\/2024\\\/11\\\/cropped-WhatsApp-Image-2024-11-29-at-12.01.48-PM.jpeg\",\"width\":1599,\"height\":315,\"caption\":\"Bombazo Informativo\"},\"image\":{\"@id\":\"https:\\\/\\\/bombazoinformativo.com\\\/#\\\/schema\\\/logo\\\/image\\\/\"}},{\"@type\":\"Person\",\"@id\":\"https:\\\/\\\/bombazoinformativo.com\\\/#\\\/schema\\\/person\\\/8a14f30019ce669c2ff632f56c95babc\",\"name\":\"Bombazo Informativo\",\"image\":{\"@type\":\"ImageObject\",\"inLanguage\":\"es-DO\",\"@id\":\"https:\\\/\\\/bombazoinformativo.com\\\/wp-content\\\/litespeed\\\/avatar\\\/b076bbe918e43ad70d1f99495fbecd83.jpg?ver=1777262154\",\"url\":\"https:\\\/\\\/bombazoinformativo.com\\\/wp-content\\\/litespeed\\\/avatar\\\/b076bbe918e43ad70d1f99495fbecd83.jpg?ver=1777262154\",\"contentUrl\":\"https:\\\/\\\/bombazoinformativo.com\\\/wp-content\\\/litespeed\\\/avatar\\\/b076bbe918e43ad70d1f99495fbecd83.jpg?ver=1777262154\",\"caption\":\"Bombazo Informativo\"},\"url\":\"https:\\\/\\\/bombazoinformativo.com\\\/index.php\\\/author\\\/bombazo-informativo\\\/\"}]}<\/script>\n<!-- \/ Yoast SEO plugin. -->","yoast_head_json":{"title":"Abinader se re\u00fane con dominicanos en Chile y resalta oportunidades - Bombazo Informativo","description":"El presidente Luis Abinader\u00a0se reuni\u00f3 con representantes y l\u00edderes de distintas\u00a0organizaciones de dominicanos residentes en Chile, a quienes les resalt\u00f3 las\u00a0nuevas oportunidades\u00a0que se abren con las\u00a0buenas relaciones\u00a0que tiene Rep\u00fablica Dominicana con el\u00a0presidente Jos\u00e9 Antonio Kast","robots":{"index":"index","follow":"follow","max-snippet":"max-snippet:-1","max-image-preview":"max-image-preview:large","max-video-preview":"max-video-preview:-1"},"canonical":"https:\/\/bombazoinformativo.com\/index.php\/2026\/03\/11\/abinader-se-reune-con-dominicanos-en-chile-y-resalta-oportunidades\/","og_locale":"es_ES","og_type":"article","og_title":"Abinader se re\u00fane con dominicanos en Chile y resalta oportunidades - Bombazo Informativo","og_description":"El presidente Luis Abinader\u00a0se reuni\u00f3 con representantes y l\u00edderes de distintas\u00a0organizaciones de dominicanos residentes en Chile, a quienes les resalt\u00f3 las\u00a0nuevas oportunidades\u00a0que se abren con las\u00a0buenas relaciones\u00a0que tiene Rep\u00fablica Dominicana con el\u00a0presidente Jos\u00e9 Antonio Kast","og_url":"https:\/\/bombazoinformativo.com\/index.php\/2026\/03\/11\/abinader-se-reune-con-dominicanos-en-chile-y-resalta-oportunidades\/","og_site_name":"Bombazo Informativo","article_published_time":"2026-03-11T14:46:25+00:00","article_modified_time":"2026-03-11T14:46:26+00:00","og_image":[{"width":1300,"height":731,"url":"https:\/\/bombazoinformativo.com\/wp-content\/uploads\/2026\/03\/WhatsApp-Image-2026-03-11-at-9.28.47-AM.jpeg","type":"image\/jpeg"}],"author":"Bombazo Informativo","twitter_card":"summary_large_image","twitter_misc":{"Written by":"Bombazo Informativo","Est. reading time":"3 minutos"},"schema":{"@context":"https:\/\/schema.org","@graph":[{"@type":"Article","@id":"https:\/\/bombazoinformativo.com\/index.php\/2026\/03\/11\/abinader-se-reune-con-dominicanos-en-chile-y-resalta-oportunidades\/#article","isPartOf":{"@id":"https:\/\/bombazoinformativo.com\/index.php\/2026\/03\/11\/abinader-se-reune-con-dominicanos-en-chile-y-resalta-oportunidades\/"},"author":{"name":"Bombazo Informativo","@id":"https:\/\/bombazoinformativo.com\/#\/schema\/person\/8a14f30019ce669c2ff632f56c95babc"},"headline":"Abinader se re\u00fane con dominicanos en Chile y resalta oportunidades","datePublished":"2026-03-11T14:46:25+00:00","dateModified":"2026-03-11T14:46:26+00:00","mainEntityOfPage":{"@id":"https:\/\/bombazoinformativo.com\/index.php\/2026\/03\/11\/abinader-se-reune-con-dominicanos-en-chile-y-resalta-oportunidades\/"},"wordCount":613,"commentCount":0,"publisher":{"@id":"https:\/\/bombazoinformativo.com\/#organization"},"image":{"@id":"https:\/\/bombazoinformativo.com\/index.php\/2026\/03\/11\/abinader-se-reune-con-dominicanos-en-chile-y-resalta-oportunidades\/#primaryimage"},"thumbnailUrl":"https:\/\/bombazoinformativo.com\/wp-content\/uploads\/2026\/03\/WhatsApp-Image-2026-03-11-at-9.28.47-AM.jpeg","keywords":["Chile","Jos\u00e9 Antonio Kast","Luis Abinader","Presidente"],"articleSection":["Nacionales"],"inLanguage":"es-DO","potentialAction":[{"@type":"CommentAction","name":"Comment","target":["https:\/\/bombazoinformativo.com\/index.php\/2026\/03\/11\/abinader-se-reune-con-dominicanos-en-chile-y-resalta-oportunidades\/#respond"]}]},{"@type":"WebPage","@id":"https:\/\/bombazoinformativo.com\/index.php\/2026\/03\/11\/abinader-se-reune-con-dominicanos-en-chile-y-resalta-oportunidades\/","url":"https:\/\/bombazoinformativo.com\/index.php\/2026\/03\/11\/abinader-se-reune-con-dominicanos-en-chile-y-resalta-oportunidades\/","name":"Abinader se re\u00fane con dominicanos en Chile y resalta oportunidades - Bombazo Informativo","isPartOf":{"@id":"https:\/\/bombazoinformativo.com\/#website"},"primaryImageOfPage":{"@id":"https:\/\/bombazoinformativo.com\/index.php\/2026\/03\/11\/abinader-se-reune-con-dominicanos-en-chile-y-resalta-oportunidades\/#primaryimage"},"image":{"@id":"https:\/\/bombazoinformativo.com\/index.php\/2026\/03\/11\/abinader-se-reune-con-dominicanos-en-chile-y-resalta-oportunidades\/#primaryimage"},"thumbnailUrl":"https:\/\/bombazoinformativo.com\/wp-content\/uploads\/2026\/03\/WhatsApp-Image-2026-03-11-at-9.28.47-AM.jpeg","datePublished":"2026-03-11T14:46:25+00:00","dateModified":"2026-03-11T14:46:26+00:00","description":"El presidente Luis Abinader\u00a0se reuni\u00f3 con representantes y l\u00edderes de distintas\u00a0organizaciones de dominicanos residentes en Chile, a quienes les resalt\u00f3 las\u00a0nuevas oportunidades\u00a0que se abren con las\u00a0buenas relaciones\u00a0que tiene Rep\u00fablica Dominicana con el\u00a0presidente Jos\u00e9 Antonio Kast","breadcrumb":{"@id":"https:\/\/bombazoinformativo.com\/index.php\/2026\/03\/11\/abinader-se-reune-con-dominicanos-en-chile-y-resalta-oportunidades\/#breadcrumb"},"inLanguage":"es-DO","potentialAction":[{"@type":"ReadAction","target":["https:\/\/bombazoinformativo.com\/index.php\/2026\/03\/11\/abinader-se-reune-con-dominicanos-en-chile-y-resalta-oportunidades\/"]}]},{"@type":"ImageObject","inLanguage":"es-DO","@id":"https:\/\/bombazoinformativo.com\/index.php\/2026\/03\/11\/abinader-se-reune-con-dominicanos-en-chile-y-resalta-oportunidades\/#primaryimage","url":"https:\/\/bombazoinformativo.com\/wp-content\/uploads\/2026\/03\/WhatsApp-Image-2026-03-11-at-9.28.47-AM.jpeg","contentUrl":"https:\/\/bombazoinformativo.com\/wp-content\/uploads\/2026\/03\/WhatsApp-Image-2026-03-11-at-9.28.47-AM.jpeg","width":1300,"height":731},{"@type":"BreadcrumbList","@id":"https:\/\/bombazoinformativo.com\/index.php\/2026\/03\/11\/abinader-se-reune-con-dominicanos-en-chile-y-resalta-oportunidades\/#breadcrumb","itemListElement":[{"@type":"ListItem","position":1,"name":"Home","item":"https:\/\/bombazoinformativo.com\/"},{"@type":"ListItem","position":2,"name":"Abinader se re\u00fane con dominicanos en Chile y resalta oportunidades"}]},{"@type":"WebSite","@id":"https:\/\/bombazoinformativo.com\/#website","url":"https:\/\/bombazoinformativo.com\/","name":"Bombazo Informativo","description":"En el Bombazo Informativo tenemos el objetivo de brindarte informaciones veraces, con claridad y objetividad.","publisher":{"@id":"https:\/\/bombazoinformativo.com\/#organization"},"potentialAction":[{"@type":"SearchAction","target":{"@type":"EntryPoint","urlTemplate":"https:\/\/bombazoinformativo.com\/?s={search_term_string}"},"query-input":{"@type":"PropertyValueSpecification","valueRequired":true,"valueName":"search_term_string"}}],"inLanguage":"es-DO"},{"@type":"Organization","@id":"https:\/\/bombazoinformativo.com\/#organization","name":"Bombazo Informativo","url":"https:\/\/bombazoinformativo.com\/","logo":{"@type":"ImageObject","inLanguage":"es-DO","@id":"https:\/\/bombazoinformativo.com\/#\/schema\/logo\/image\/","url":"https:\/\/bombazoinformativo.com\/wp-content\/uploads\/2024\/11\/cropped-WhatsApp-Image-2024-11-29-at-12.01.48-PM.jpeg","contentUrl":"https:\/\/bombazoinformativo.com\/wp-content\/uploads\/2024\/11\/cropped-WhatsApp-Image-2024-11-29-at-12.01.48-PM.jpeg","width":1599,"height":315,"caption":"Bombazo Informativo"},"image":{"@id":"https:\/\/bombazoinformativo.com\/#\/schema\/logo\/image\/"}},{"@type":"Person","@id":"https:\/\/bombazoinformativo.com\/#\/schema\/person\/8a14f30019ce669c2ff632f56c95babc","name":"Bombazo Informativo","image":{"@type":"ImageObject","inLanguage":"es-DO","@id":"https:\/\/bombazoinformativo.com\/wp-content\/litespeed\/avatar\/b076bbe918e43ad70d1f99495fbecd83.jpg?ver=1777262154","url":"https:\/\/bombazoinformativo.com\/wp-content\/litespeed\/avatar\/b076bbe918e43ad70d1f99495fbecd83.jpg?ver=1777262154","contentUrl":"https:\/\/bombazoinformativo.com\/wp-content\/litespeed\/avatar\/b076bbe918e43ad70d1f99495fbecd83.jpg?ver=1777262154","caption":"Bombazo Informativo"},"url":"https:\/\/bombazoinformativo.com\/index.php\/author\/bombazo-informativo\/"}]}},"jetpack_featured_media_url":"https:\/\/bombazoinformativo.com\/wp-content\/uploads\/2026\/03\/WhatsApp-Image-2026-03-11-at-9.28.47-AM.jpeg","jetpack_sharing_enabled":true,"_links":{"self":[{"href":"https:\/\/bombazoinformativo.com\/index.php\/wp-json\/wp\/v2\/posts\/7080","targetHints":{"allow":["GET"]}}],"collection":[{"href":"https:\/\/bombazoinformativo.com\/index.php\/wp-json\/wp\/v2\/posts"}],"about":[{"href":"https:\/\/bombazoinformativo.com\/index.php\/wp-json\/wp\/v2\/types\/post"}],"author":[{"embeddable":true,"href":"https:\/\/bombazoinformativo.com\/index.php\/wp-json\/wp\/v2\/users\/4"}],"replies":[{"embeddable":true,"href":"https:\/\/bombazoinformativo.com\/index.php\/wp-json\/wp\/v2\/comments?post=7080"}],"version-history":[{"count":1,"href":"https:\/\/bombazoinformativo.com\/index.php\/wp-json\/wp\/v2\/posts\/7080\/revisions"}],"predecessor-version":[{"id":7082,"href":"https:\/\/bombazoinformativo.com\/index.php\/wp-json\/wp\/v2\/posts\/7080\/revisions\/7082"}],"wp:featuredmedia":[{"embeddable":true,"href":"https:\/\/bombazoinformativo.com\/index.php\/wp-json\/wp\/v2\/media\/7081"}],"wp:attachment":[{"href":"https:\/\/bombazoinformativo.com\/index.php\/wp-json\/wp\/v2\/media?parent=7080"}],"wp:term":[{"taxonomy":"category","embeddable":true,"href":"https:\/\/bombazoinformativo.com\/index.php\/wp-json\/wp\/v2\/categories?post=7080"},{"taxonomy":"post_tag","embeddable":true,"href":"https:\/\/bombazoinformativo.com\/index.php\/wp-json\/wp\/v2\/tags?post=7080"}],"curies":[{"name":"wp","href":"https:\/\/api.w.org\/{rel}","templated":true}]}}