{"id":7061,"date":"2026-03-03T11:20:52","date_gmt":"2026-03-03T15:20:52","guid":{"rendered":"https:\/\/bombazoinformativo.com\/?p=7061"},"modified":"2026-03-03T11:20:53","modified_gmt":"2026-03-03T15:20:53","slug":"carolina-el-orden-no-es-un-lujo-es-una-politica-publica","status":"publish","type":"post","link":"https:\/\/bombazoinformativo.com\/index.php\/2026\/03\/03\/carolina-el-orden-no-es-un-lujo-es-una-politica-publica\/","title":{"rendered":"Carolina: \u201cEl orden no es un lujo, es una pol\u00edtica p\u00fablica\u201d"},"content":{"rendered":"\n<p>Santo Domingo, DN \u2013 Carolina Mej\u00eda hizo un recuento por escrito de su m\u00e1s reciente viaje a Jap\u00f3n, del cual reflexion\u00f3 sobre el orden como una pol\u00edtica p\u00fablica y la sobriedad estatal como se\u00f1al de respeto por la instituci\u00f3n y por el ciudadano, un ejemplo del que considera que Rep\u00fablica Dominicana puede aprender.<\/p>\n\n\n\n<p>\u201cJap\u00f3n no es perfecto, ning\u00fan pa\u00eds lo es. Pero demuestra algo fundamental: el orden no es un lujo, es una pol\u00edtica p\u00fablica. Y la sobriedad no es pose; es una se\u00f1al de respeto por la instituci\u00f3n, por el ciudadano y por el futuro\u201d, resalt\u00f3 en su art\u00edculo.<\/p>\n\n\n\n<p>La l\u00edder pol\u00edtica dominicana entiende que, si RD quiere parecerse m\u00e1s a pa\u00edses que funcionan mejor, hay que hacerlo imit\u00e1ndolos en aspectos que cuestan, tales como disciplina, cumplimiento, sobriedad y continuidad. Esto, aduce, implica reformas educacionales, la creaci\u00f3n de un Estado m\u00e1s \u00e1gil, mayor transparencia y un r\u00e9gimen de consecuencia consistente.<\/p>\n\n\n\n<p>\u201cSi aspiramos a una Rep\u00fablica Dominicana m\u00e1s segura, m\u00e1s limpia, m\u00e1s competitiva y m\u00e1s justa, tenemos que atrevernos a construir una nueva cultura nacional: una cultura donde lo p\u00fablico se cuida, donde la ley se cumple, donde el m\u00e9rito cuenta y donde la autoridad no se exhibe, se ejerce. Esa cultura no nace de un decreto. Nace de ejemplo, educaci\u00f3n, consecuencias y constancia\u201d, sostuvo.<\/p>\n\n\n\n<p>La alcaldesa del Distrito Nacional hizo hincapi\u00e9 en que estos cambios tambi\u00e9n implican una especie de pacto cultural en el que prime el respeto a la historia y a las tradiciones, respeto a la familia como primera escuela de ciudadan\u00eda, respeto a los adultos mayores como referente de valores, y respeto a la ley como m\u00ednimo com\u00fan para convivir.<\/p>\n\n\n\n<p>Tras ser invitada por el Gobierno japon\u00e9s, Carolina Mej\u00eda gir\u00f3 por varias ciudades de esa naci\u00f3n para fortalecer los lazos con la Rep\u00fablica Dominicana y abrir espacios de cooperaci\u00f3n que se traduzcan en oportunidades reales para nuestra gente. En ese sentido, resalt\u00f3 visitas y conversaciones sobre empleo calificado, tecnolog\u00eda, sostenibilidad y modernizaci\u00f3n institucional.<\/p>\n\n\n\n<p>\u201cJap\u00f3n no te \u201ccuenta\u201d el orden; te lo pone delante\u201d, subray\u00f3, al admirar c\u00f3mo el pa\u00eds asi\u00e1tico mira hacia adelante, pero cuidando sus tradiciones, s\u00edmbolos y continuidad.<\/p>\n\n\n\n<p>En ese tenor, Mej\u00eda pondera c\u00f3mo destacan detalles como el cuidado a los mayores, las filas para el transporte, el silencio y la limpieza representan la ciudad, \u201cno como obsesi\u00f3n est\u00e9tica, sino como convicci\u00f3n c\u00edvica: lo p\u00fablico se respeta porque es de todos\u201d.<\/p>\n\n\n\n<p>La ejecutiva municipal narr\u00f3 que en Tokio sobresale un sistema de gesti\u00f3n de residuos muy eficiente por su separaci\u00f3n b\u00e1sica, cumplimiento a los horarios establecidos y un respeto a las normas que no es opcional.<\/p>\n\n\n\n<p>Por otro lado, al referirse a Hiroshima, Carolina entiende que su historia la cuidad sin dramatismo ni exhibici\u00f3n, convirti\u00e9ndose en un testimonio de resiliencia ciudadana colectiva.<\/p>\n\n\n\n<p>\u201cKioto no solo conserva su historia; la vive con dignidad y la proyecta hacia el futuro, ofreciendo una lecci\u00f3n poderosa sobre c\u00f3mo el desarrollo puede sostenerse en identidad, orden y profundo sentido comunitario\u201d, a\u00f1adi\u00f3 sobre esa ciudad.<\/p>\n\n\n\n<p>A su regreso a Rep\u00fablica Dominicana, Carolina se pregunta: \u00bfc\u00f3mo convertimos el orden en una cultura nacional, y no en una consigna de gobierno?, analizando que en pa\u00edses similares se ha normalizado con demasiada frecuencia la ostentaci\u00f3n como indicador de \u00e9xito, el despilfarro como s\u00edmbolo de poder y el ruido como sustituto de resultados.<\/p>\n\n\n\n<p>\u201cLa sobriedad no significa perder alegr\u00eda ni identidad. Significa poner cada cosa en su sitio: celebrar cuando toca, y administrar con responsabilidad siempre. La confianza se construye con previsibilidad: instituciones que cumplen, procesos que funcionan, reglas que se respetan\u201d, puntualiz\u00f3.<\/p>\n","protected":false},"excerpt":{"rendered":"<p>Santo Domingo, DN \u2013 Carolina Mej\u00eda hizo un recuento por escrito de su m\u00e1s reciente viaje a Jap\u00f3n, del cual reflexion\u00f3 sobre el orden como una pol\u00edtica p\u00fablica y la sobriedad estatal como se\u00f1al de respeto por la instituci\u00f3n y por el ciudadano, un ejemplo del que considera que Rep\u00fablica Dominicana puede aprender. \u201cJap\u00f3n no&#8230;<\/p>\n","protected":false},"author":4,"featured_media":7062,"comment_status":"open","ping_status":"open","sticky":false,"template":"","format":"standard","meta":{"_jetpack_memberships_contains_paid_content":false,"footnotes":""},"categories":[24],"tags":[347,1594],"class_list":["post-7061","post","type-post","status-publish","format-standard","has-post-thumbnail","hentry","category-nacionales","tag-carolina-mejia","tag-politicas-publicas"],"yoast_head":"<!-- This site is optimized with the Yoast SEO plugin v27.5 - https:\/\/yoast.com\/product\/yoast-seo-wordpress\/ -->\n<title>Carolina: \u201cEl orden no es un lujo, es una pol\u00edtica p\u00fablica\u201d - Bombazo Informativo<\/title>\n<meta name=\"description\" content=\"Carolina Mej\u00eda hizo un recuento por escrito de su m\u00e1s reciente viaje a Jap\u00f3n, del cual reflexion\u00f3 sobre el orden como una pol\u00edtica p\u00fablica y la sobriedad estatal como se\u00f1al de respeto por la instituci\u00f3n y por el ciudadano, un ejemplo del que considera que Rep\u00fablica Dominicana puede aprender.\" \/>\n<meta name=\"robots\" content=\"index, follow, max-snippet:-1, max-image-preview:large, max-video-preview:-1\" \/>\n<link rel=\"canonical\" href=\"https:\/\/bombazoinformativo.com\/index.php\/2026\/03\/03\/carolina-el-orden-no-es-un-lujo-es-una-politica-publica\/\" \/>\n<meta property=\"og:locale\" content=\"es_ES\" \/>\n<meta property=\"og:type\" content=\"article\" \/>\n<meta property=\"og:title\" content=\"Carolina: \u201cEl orden no es un lujo, es una pol\u00edtica p\u00fablica\u201d - Bombazo Informativo\" \/>\n<meta property=\"og:description\" content=\"Carolina Mej\u00eda hizo un recuento por escrito de su m\u00e1s reciente viaje a Jap\u00f3n, del cual reflexion\u00f3 sobre el orden como una pol\u00edtica p\u00fablica y la sobriedad estatal como se\u00f1al de respeto por la instituci\u00f3n y por el ciudadano, un ejemplo del que considera que Rep\u00fablica Dominicana puede aprender.\" \/>\n<meta property=\"og:url\" content=\"https:\/\/bombazoinformativo.com\/index.php\/2026\/03\/03\/carolina-el-orden-no-es-un-lujo-es-una-politica-publica\/\" \/>\n<meta property=\"og:site_name\" content=\"Bombazo Informativo\" \/>\n<meta property=\"article:published_time\" content=\"2026-03-03T15:20:52+00:00\" \/>\n<meta property=\"article:modified_time\" content=\"2026-03-03T15:20:53+00:00\" \/>\n<meta property=\"og:image\" content=\"https:\/\/bombazoinformativo.com\/wp-content\/uploads\/2026\/03\/WhatsApp-Image-2026-03-03-at-10.23.36-AM.jpeg\" \/>\n\t<meta property=\"og:image:width\" content=\"1280\" \/>\n\t<meta property=\"og:image:height\" content=\"853\" \/>\n\t<meta property=\"og:image:type\" content=\"image\/jpeg\" \/>\n<meta name=\"author\" content=\"Bombazo Informativo\" \/>\n<meta name=\"twitter:card\" content=\"summary_large_image\" \/>\n<meta name=\"twitter:label1\" content=\"Written by\" \/>\n\t<meta name=\"twitter:data1\" content=\"Bombazo Informativo\" \/>\n\t<meta name=\"twitter:label2\" content=\"Est. reading time\" \/>\n\t<meta name=\"twitter:data2\" content=\"3 minutos\" \/>\n<script type=\"application\/ld+json\" class=\"yoast-schema-graph\">{\"@context\":\"https:\\\/\\\/schema.org\",\"@graph\":[{\"@type\":\"Article\",\"@id\":\"https:\\\/\\\/bombazoinformativo.com\\\/index.php\\\/2026\\\/03\\\/03\\\/carolina-el-orden-no-es-un-lujo-es-una-politica-publica\\\/#article\",\"isPartOf\":{\"@id\":\"https:\\\/\\\/bombazoinformativo.com\\\/index.php\\\/2026\\\/03\\\/03\\\/carolina-el-orden-no-es-un-lujo-es-una-politica-publica\\\/\"},\"author\":{\"name\":\"Bombazo Informativo\",\"@id\":\"https:\\\/\\\/bombazoinformativo.com\\\/#\\\/schema\\\/person\\\/8a14f30019ce669c2ff632f56c95babc\"},\"headline\":\"Carolina: \u201cEl orden no es un lujo, es una pol\u00edtica p\u00fablica\u201d\",\"datePublished\":\"2026-03-03T15:20:52+00:00\",\"dateModified\":\"2026-03-03T15:20:53+00:00\",\"mainEntityOfPage\":{\"@id\":\"https:\\\/\\\/bombazoinformativo.com\\\/index.php\\\/2026\\\/03\\\/03\\\/carolina-el-orden-no-es-un-lujo-es-una-politica-publica\\\/\"},\"wordCount\":670,\"commentCount\":0,\"publisher\":{\"@id\":\"https:\\\/\\\/bombazoinformativo.com\\\/#organization\"},\"image\":{\"@id\":\"https:\\\/\\\/bombazoinformativo.com\\\/index.php\\\/2026\\\/03\\\/03\\\/carolina-el-orden-no-es-un-lujo-es-una-politica-publica\\\/#primaryimage\"},\"thumbnailUrl\":\"https:\\\/\\\/bombazoinformativo.com\\\/wp-content\\\/uploads\\\/2026\\\/03\\\/WhatsApp-Image-2026-03-03-at-10.23.36-AM.jpeg\",\"keywords\":[\"Carolina Mej\u00eda\",\"Pol\u00edticas P\u00fablicas\"],\"articleSection\":[\"Nacionales\"],\"inLanguage\":\"es-DO\",\"potentialAction\":[{\"@type\":\"CommentAction\",\"name\":\"Comment\",\"target\":[\"https:\\\/\\\/bombazoinformativo.com\\\/index.php\\\/2026\\\/03\\\/03\\\/carolina-el-orden-no-es-un-lujo-es-una-politica-publica\\\/#respond\"]}]},{\"@type\":\"WebPage\",\"@id\":\"https:\\\/\\\/bombazoinformativo.com\\\/index.php\\\/2026\\\/03\\\/03\\\/carolina-el-orden-no-es-un-lujo-es-una-politica-publica\\\/\",\"url\":\"https:\\\/\\\/bombazoinformativo.com\\\/index.php\\\/2026\\\/03\\\/03\\\/carolina-el-orden-no-es-un-lujo-es-una-politica-publica\\\/\",\"name\":\"Carolina: \u201cEl orden no es un lujo, es una pol\u00edtica p\u00fablica\u201d - Bombazo Informativo\",\"isPartOf\":{\"@id\":\"https:\\\/\\\/bombazoinformativo.com\\\/#website\"},\"primaryImageOfPage\":{\"@id\":\"https:\\\/\\\/bombazoinformativo.com\\\/index.php\\\/2026\\\/03\\\/03\\\/carolina-el-orden-no-es-un-lujo-es-una-politica-publica\\\/#primaryimage\"},\"image\":{\"@id\":\"https:\\\/\\\/bombazoinformativo.com\\\/index.php\\\/2026\\\/03\\\/03\\\/carolina-el-orden-no-es-un-lujo-es-una-politica-publica\\\/#primaryimage\"},\"thumbnailUrl\":\"https:\\\/\\\/bombazoinformativo.com\\\/wp-content\\\/uploads\\\/2026\\\/03\\\/WhatsApp-Image-2026-03-03-at-10.23.36-AM.jpeg\",\"datePublished\":\"2026-03-03T15:20:52+00:00\",\"dateModified\":\"2026-03-03T15:20:53+00:00\",\"description\":\"Carolina Mej\u00eda hizo un recuento por escrito de su m\u00e1s reciente viaje a Jap\u00f3n, del cual reflexion\u00f3 sobre el orden como una pol\u00edtica p\u00fablica y la sobriedad estatal como se\u00f1al de respeto por la instituci\u00f3n y por el ciudadano, un ejemplo del que considera que Rep\u00fablica Dominicana puede aprender.\",\"breadcrumb\":{\"@id\":\"https:\\\/\\\/bombazoinformativo.com\\\/index.php\\\/2026\\\/03\\\/03\\\/carolina-el-orden-no-es-un-lujo-es-una-politica-publica\\\/#breadcrumb\"},\"inLanguage\":\"es-DO\",\"potentialAction\":[{\"@type\":\"ReadAction\",\"target\":[\"https:\\\/\\\/bombazoinformativo.com\\\/index.php\\\/2026\\\/03\\\/03\\\/carolina-el-orden-no-es-un-lujo-es-una-politica-publica\\\/\"]}]},{\"@type\":\"ImageObject\",\"inLanguage\":\"es-DO\",\"@id\":\"https:\\\/\\\/bombazoinformativo.com\\\/index.php\\\/2026\\\/03\\\/03\\\/carolina-el-orden-no-es-un-lujo-es-una-politica-publica\\\/#primaryimage\",\"url\":\"https:\\\/\\\/bombazoinformativo.com\\\/wp-content\\\/uploads\\\/2026\\\/03\\\/WhatsApp-Image-2026-03-03-at-10.23.36-AM.jpeg\",\"contentUrl\":\"https:\\\/\\\/bombazoinformativo.com\\\/wp-content\\\/uploads\\\/2026\\\/03\\\/WhatsApp-Image-2026-03-03-at-10.23.36-AM.jpeg\",\"width\":1280,\"height\":853},{\"@type\":\"BreadcrumbList\",\"@id\":\"https:\\\/\\\/bombazoinformativo.com\\\/index.php\\\/2026\\\/03\\\/03\\\/carolina-el-orden-no-es-un-lujo-es-una-politica-publica\\\/#breadcrumb\",\"itemListElement\":[{\"@type\":\"ListItem\",\"position\":1,\"name\":\"Home\",\"item\":\"https:\\\/\\\/bombazoinformativo.com\\\/\"},{\"@type\":\"ListItem\",\"position\":2,\"name\":\"Carolina: \u201cEl orden no es un lujo, es una pol\u00edtica p\u00fablica\u201d\"}]},{\"@type\":\"WebSite\",\"@id\":\"https:\\\/\\\/bombazoinformativo.com\\\/#website\",\"url\":\"https:\\\/\\\/bombazoinformativo.com\\\/\",\"name\":\"Bombazo Informativo\",\"description\":\"En el Bombazo Informativo tenemos el objetivo de brindarte informaciones veraces, con claridad y objetividad.\",\"publisher\":{\"@id\":\"https:\\\/\\\/bombazoinformativo.com\\\/#organization\"},\"potentialAction\":[{\"@type\":\"SearchAction\",\"target\":{\"@type\":\"EntryPoint\",\"urlTemplate\":\"https:\\\/\\\/bombazoinformativo.com\\\/?s={search_term_string}\"},\"query-input\":{\"@type\":\"PropertyValueSpecification\",\"valueRequired\":true,\"valueName\":\"search_term_string\"}}],\"inLanguage\":\"es-DO\"},{\"@type\":\"Organization\",\"@id\":\"https:\\\/\\\/bombazoinformativo.com\\\/#organization\",\"name\":\"Bombazo Informativo\",\"url\":\"https:\\\/\\\/bombazoinformativo.com\\\/\",\"logo\":{\"@type\":\"ImageObject\",\"inLanguage\":\"es-DO\",\"@id\":\"https:\\\/\\\/bombazoinformativo.com\\\/#\\\/schema\\\/logo\\\/image\\\/\",\"url\":\"https:\\\/\\\/bombazoinformativo.com\\\/wp-content\\\/uploads\\\/2024\\\/11\\\/cropped-WhatsApp-Image-2024-11-29-at-12.01.48-PM.jpeg\",\"contentUrl\":\"https:\\\/\\\/bombazoinformativo.com\\\/wp-content\\\/uploads\\\/2024\\\/11\\\/cropped-WhatsApp-Image-2024-11-29-at-12.01.48-PM.jpeg\",\"width\":1599,\"height\":315,\"caption\":\"Bombazo Informativo\"},\"image\":{\"@id\":\"https:\\\/\\\/bombazoinformativo.com\\\/#\\\/schema\\\/logo\\\/image\\\/\"}},{\"@type\":\"Person\",\"@id\":\"https:\\\/\\\/bombazoinformativo.com\\\/#\\\/schema\\\/person\\\/8a14f30019ce669c2ff632f56c95babc\",\"name\":\"Bombazo Informativo\",\"image\":{\"@type\":\"ImageObject\",\"inLanguage\":\"es-DO\",\"@id\":\"https:\\\/\\\/bombazoinformativo.com\\\/wp-content\\\/litespeed\\\/avatar\\\/b076bbe918e43ad70d1f99495fbecd83.jpg?ver=1777262154\",\"url\":\"https:\\\/\\\/bombazoinformativo.com\\\/wp-content\\\/litespeed\\\/avatar\\\/b076bbe918e43ad70d1f99495fbecd83.jpg?ver=1777262154\",\"contentUrl\":\"https:\\\/\\\/bombazoinformativo.com\\\/wp-content\\\/litespeed\\\/avatar\\\/b076bbe918e43ad70d1f99495fbecd83.jpg?ver=1777262154\",\"caption\":\"Bombazo Informativo\"},\"url\":\"https:\\\/\\\/bombazoinformativo.com\\\/index.php\\\/author\\\/bombazo-informativo\\\/\"}]}<\/script>\n<!-- \/ Yoast SEO plugin. -->","yoast_head_json":{"title":"Carolina: \u201cEl orden no es un lujo, es una pol\u00edtica p\u00fablica\u201d - Bombazo Informativo","description":"Carolina Mej\u00eda hizo un recuento por escrito de su m\u00e1s reciente viaje a Jap\u00f3n, del cual reflexion\u00f3 sobre el orden como una pol\u00edtica p\u00fablica y la sobriedad estatal como se\u00f1al de respeto por la instituci\u00f3n y por el ciudadano, un ejemplo del que considera que Rep\u00fablica Dominicana puede aprender.","robots":{"index":"index","follow":"follow","max-snippet":"max-snippet:-1","max-image-preview":"max-image-preview:large","max-video-preview":"max-video-preview:-1"},"canonical":"https:\/\/bombazoinformativo.com\/index.php\/2026\/03\/03\/carolina-el-orden-no-es-un-lujo-es-una-politica-publica\/","og_locale":"es_ES","og_type":"article","og_title":"Carolina: \u201cEl orden no es un lujo, es una pol\u00edtica p\u00fablica\u201d - Bombazo Informativo","og_description":"Carolina Mej\u00eda hizo un recuento por escrito de su m\u00e1s reciente viaje a Jap\u00f3n, del cual reflexion\u00f3 sobre el orden como una pol\u00edtica p\u00fablica y la sobriedad estatal como se\u00f1al de respeto por la instituci\u00f3n y por el ciudadano, un ejemplo del que considera que Rep\u00fablica Dominicana puede aprender.","og_url":"https:\/\/bombazoinformativo.com\/index.php\/2026\/03\/03\/carolina-el-orden-no-es-un-lujo-es-una-politica-publica\/","og_site_name":"Bombazo Informativo","article_published_time":"2026-03-03T15:20:52+00:00","article_modified_time":"2026-03-03T15:20:53+00:00","og_image":[{"width":1280,"height":853,"url":"https:\/\/bombazoinformativo.com\/wp-content\/uploads\/2026\/03\/WhatsApp-Image-2026-03-03-at-10.23.36-AM.jpeg","type":"image\/jpeg"}],"author":"Bombazo Informativo","twitter_card":"summary_large_image","twitter_misc":{"Written by":"Bombazo Informativo","Est. reading time":"3 minutos"},"schema":{"@context":"https:\/\/schema.org","@graph":[{"@type":"Article","@id":"https:\/\/bombazoinformativo.com\/index.php\/2026\/03\/03\/carolina-el-orden-no-es-un-lujo-es-una-politica-publica\/#article","isPartOf":{"@id":"https:\/\/bombazoinformativo.com\/index.php\/2026\/03\/03\/carolina-el-orden-no-es-un-lujo-es-una-politica-publica\/"},"author":{"name":"Bombazo Informativo","@id":"https:\/\/bombazoinformativo.com\/#\/schema\/person\/8a14f30019ce669c2ff632f56c95babc"},"headline":"Carolina: \u201cEl orden no es un lujo, es una pol\u00edtica p\u00fablica\u201d","datePublished":"2026-03-03T15:20:52+00:00","dateModified":"2026-03-03T15:20:53+00:00","mainEntityOfPage":{"@id":"https:\/\/bombazoinformativo.com\/index.php\/2026\/03\/03\/carolina-el-orden-no-es-un-lujo-es-una-politica-publica\/"},"wordCount":670,"commentCount":0,"publisher":{"@id":"https:\/\/bombazoinformativo.com\/#organization"},"image":{"@id":"https:\/\/bombazoinformativo.com\/index.php\/2026\/03\/03\/carolina-el-orden-no-es-un-lujo-es-una-politica-publica\/#primaryimage"},"thumbnailUrl":"https:\/\/bombazoinformativo.com\/wp-content\/uploads\/2026\/03\/WhatsApp-Image-2026-03-03-at-10.23.36-AM.jpeg","keywords":["Carolina Mej\u00eda","Pol\u00edticas P\u00fablicas"],"articleSection":["Nacionales"],"inLanguage":"es-DO","potentialAction":[{"@type":"CommentAction","name":"Comment","target":["https:\/\/bombazoinformativo.com\/index.php\/2026\/03\/03\/carolina-el-orden-no-es-un-lujo-es-una-politica-publica\/#respond"]}]},{"@type":"WebPage","@id":"https:\/\/bombazoinformativo.com\/index.php\/2026\/03\/03\/carolina-el-orden-no-es-un-lujo-es-una-politica-publica\/","url":"https:\/\/bombazoinformativo.com\/index.php\/2026\/03\/03\/carolina-el-orden-no-es-un-lujo-es-una-politica-publica\/","name":"Carolina: \u201cEl orden no es un lujo, es una pol\u00edtica p\u00fablica\u201d - Bombazo Informativo","isPartOf":{"@id":"https:\/\/bombazoinformativo.com\/#website"},"primaryImageOfPage":{"@id":"https:\/\/bombazoinformativo.com\/index.php\/2026\/03\/03\/carolina-el-orden-no-es-un-lujo-es-una-politica-publica\/#primaryimage"},"image":{"@id":"https:\/\/bombazoinformativo.com\/index.php\/2026\/03\/03\/carolina-el-orden-no-es-un-lujo-es-una-politica-publica\/#primaryimage"},"thumbnailUrl":"https:\/\/bombazoinformativo.com\/wp-content\/uploads\/2026\/03\/WhatsApp-Image-2026-03-03-at-10.23.36-AM.jpeg","datePublished":"2026-03-03T15:20:52+00:00","dateModified":"2026-03-03T15:20:53+00:00","description":"Carolina Mej\u00eda hizo un recuento por escrito de su m\u00e1s reciente viaje a Jap\u00f3n, del cual reflexion\u00f3 sobre el orden como una pol\u00edtica p\u00fablica y la sobriedad estatal como se\u00f1al de respeto por la instituci\u00f3n y por el ciudadano, un ejemplo del que considera que Rep\u00fablica Dominicana puede aprender.","breadcrumb":{"@id":"https:\/\/bombazoinformativo.com\/index.php\/2026\/03\/03\/carolina-el-orden-no-es-un-lujo-es-una-politica-publica\/#breadcrumb"},"inLanguage":"es-DO","potentialAction":[{"@type":"ReadAction","target":["https:\/\/bombazoinformativo.com\/index.php\/2026\/03\/03\/carolina-el-orden-no-es-un-lujo-es-una-politica-publica\/"]}]},{"@type":"ImageObject","inLanguage":"es-DO","@id":"https:\/\/bombazoinformativo.com\/index.php\/2026\/03\/03\/carolina-el-orden-no-es-un-lujo-es-una-politica-publica\/#primaryimage","url":"https:\/\/bombazoinformativo.com\/wp-content\/uploads\/2026\/03\/WhatsApp-Image-2026-03-03-at-10.23.36-AM.jpeg","contentUrl":"https:\/\/bombazoinformativo.com\/wp-content\/uploads\/2026\/03\/WhatsApp-Image-2026-03-03-at-10.23.36-AM.jpeg","width":1280,"height":853},{"@type":"BreadcrumbList","@id":"https:\/\/bombazoinformativo.com\/index.php\/2026\/03\/03\/carolina-el-orden-no-es-un-lujo-es-una-politica-publica\/#breadcrumb","itemListElement":[{"@type":"ListItem","position":1,"name":"Home","item":"https:\/\/bombazoinformativo.com\/"},{"@type":"ListItem","position":2,"name":"Carolina: \u201cEl orden no es un lujo, es una pol\u00edtica p\u00fablica\u201d"}]},{"@type":"WebSite","@id":"https:\/\/bombazoinformativo.com\/#website","url":"https:\/\/bombazoinformativo.com\/","name":"Bombazo Informativo","description":"En el Bombazo Informativo tenemos el objetivo de brindarte informaciones veraces, con claridad y objetividad.","publisher":{"@id":"https:\/\/bombazoinformativo.com\/#organization"},"potentialAction":[{"@type":"SearchAction","target":{"@type":"EntryPoint","urlTemplate":"https:\/\/bombazoinformativo.com\/?s={search_term_string}"},"query-input":{"@type":"PropertyValueSpecification","valueRequired":true,"valueName":"search_term_string"}}],"inLanguage":"es-DO"},{"@type":"Organization","@id":"https:\/\/bombazoinformativo.com\/#organization","name":"Bombazo Informativo","url":"https:\/\/bombazoinformativo.com\/","logo":{"@type":"ImageObject","inLanguage":"es-DO","@id":"https:\/\/bombazoinformativo.com\/#\/schema\/logo\/image\/","url":"https:\/\/bombazoinformativo.com\/wp-content\/uploads\/2024\/11\/cropped-WhatsApp-Image-2024-11-29-at-12.01.48-PM.jpeg","contentUrl":"https:\/\/bombazoinformativo.com\/wp-content\/uploads\/2024\/11\/cropped-WhatsApp-Image-2024-11-29-at-12.01.48-PM.jpeg","width":1599,"height":315,"caption":"Bombazo Informativo"},"image":{"@id":"https:\/\/bombazoinformativo.com\/#\/schema\/logo\/image\/"}},{"@type":"Person","@id":"https:\/\/bombazoinformativo.com\/#\/schema\/person\/8a14f30019ce669c2ff632f56c95babc","name":"Bombazo Informativo","image":{"@type":"ImageObject","inLanguage":"es-DO","@id":"https:\/\/bombazoinformativo.com\/wp-content\/litespeed\/avatar\/b076bbe918e43ad70d1f99495fbecd83.jpg?ver=1777262154","url":"https:\/\/bombazoinformativo.com\/wp-content\/litespeed\/avatar\/b076bbe918e43ad70d1f99495fbecd83.jpg?ver=1777262154","contentUrl":"https:\/\/bombazoinformativo.com\/wp-content\/litespeed\/avatar\/b076bbe918e43ad70d1f99495fbecd83.jpg?ver=1777262154","caption":"Bombazo Informativo"},"url":"https:\/\/bombazoinformativo.com\/index.php\/author\/bombazo-informativo\/"}]}},"jetpack_featured_media_url":"https:\/\/bombazoinformativo.com\/wp-content\/uploads\/2026\/03\/WhatsApp-Image-2026-03-03-at-10.23.36-AM.jpeg","jetpack_sharing_enabled":true,"_links":{"self":[{"href":"https:\/\/bombazoinformativo.com\/index.php\/wp-json\/wp\/v2\/posts\/7061","targetHints":{"allow":["GET"]}}],"collection":[{"href":"https:\/\/bombazoinformativo.com\/index.php\/wp-json\/wp\/v2\/posts"}],"about":[{"href":"https:\/\/bombazoinformativo.com\/index.php\/wp-json\/wp\/v2\/types\/post"}],"author":[{"embeddable":true,"href":"https:\/\/bombazoinformativo.com\/index.php\/wp-json\/wp\/v2\/users\/4"}],"replies":[{"embeddable":true,"href":"https:\/\/bombazoinformativo.com\/index.php\/wp-json\/wp\/v2\/comments?post=7061"}],"version-history":[{"count":1,"href":"https:\/\/bombazoinformativo.com\/index.php\/wp-json\/wp\/v2\/posts\/7061\/revisions"}],"predecessor-version":[{"id":7063,"href":"https:\/\/bombazoinformativo.com\/index.php\/wp-json\/wp\/v2\/posts\/7061\/revisions\/7063"}],"wp:featuredmedia":[{"embeddable":true,"href":"https:\/\/bombazoinformativo.com\/index.php\/wp-json\/wp\/v2\/media\/7062"}],"wp:attachment":[{"href":"https:\/\/bombazoinformativo.com\/index.php\/wp-json\/wp\/v2\/media?parent=7061"}],"wp:term":[{"taxonomy":"category","embeddable":true,"href":"https:\/\/bombazoinformativo.com\/index.php\/wp-json\/wp\/v2\/categories?post=7061"},{"taxonomy":"post_tag","embeddable":true,"href":"https:\/\/bombazoinformativo.com\/index.php\/wp-json\/wp\/v2\/tags?post=7061"}],"curies":[{"name":"wp","href":"https:\/\/api.w.org\/{rel}","templated":true}]}}