{"id":6911,"date":"2026-01-28T14:34:41","date_gmt":"2026-01-28T18:34:41","guid":{"rendered":"https:\/\/bombazoinformativo.com\/?p=6911"},"modified":"2026-01-28T14:34:42","modified_gmt":"2026-01-28T18:34:42","slug":"anuncian-celebracion-de-la-primera-feria-regional-del-libro-y-la-cultura-cibao-del-20-al-26-de-abril","status":"publish","type":"post","link":"https:\/\/bombazoinformativo.com\/index.php\/2026\/01\/28\/anuncian-celebracion-de-la-primera-feria-regional-del-libro-y-la-cultura-cibao-del-20-al-26-de-abril\/","title":{"rendered":"Anuncian celebraci\u00f3n de la primera Feria Regional del Libro y la Cultura Cibao del 20 al 26 de abril"},"content":{"rendered":"\n<p>El Ministerio de Cultura dio a conocer este mi\u00e9rcoles, en el Gran Teatro del Cibao, los principales lineamientos de la Feria Regional del Libro y la Cultura Cibao, concebida como un espacio para celebrar la lectura, el pensamiento y la riqueza cultural del norte del pa\u00eds, con la participaci\u00f3n de las 14 provincias de la regi\u00f3n.<\/p>\n\n\n\n<p>La rueda de prensa en la que se realiz\u00f3 este anuncio estuvo encabezada por el ministro de Cultura, Roberto \u00c1ngel Salcedo, acompa\u00f1ado por la gobernadora de Santiago, Rosa Mar\u00eda Santos M\u00e9ndez, y el senador provincial, Daniel Enrique Rivera Reyes.<\/p>\n\n\n\n<p>Tambi\u00e9n estuvieron presentes el alcalde de Santiago de los Caballeros, Jos\u00e9 Ulises Rodr\u00edguez Guzm\u00e1n; la senadora de Hermanas Mirabal, Mar\u00eda Mercedes Ortiz; la embajadora en misi\u00f3n especial de la Vicepresidencia de la Rep\u00fablica, Mar\u00eda Eugenia del Castillo, y el viceministro de Identidad Cultural y Ciudadan\u00eda, Pastor de Moya.<\/p>\n\n\n\n<p>Asimismo, asistieron las gobernadoras de las provincias Saman\u00e1, Montecristi, Mar\u00eda Trinidad S\u00e1nchez, Hermanas Mirabal, Santiago Rodr\u00edguez, Valverde, La Vega, Monse\u00f1or Nouel, S\u00e1nchez Ram\u00edrez y Espaillat, al igual que legisladores de las provincias participantes, junto a representantes institucionales y gestores culturales de la regi\u00f3n, en respaldo a una feria concebida como plataforma de integraci\u00f3n territorial y proyecci\u00f3n de la identidad cibae\u00f1a.<\/p>\n\n\n\n<p>El encuentro con los medios cont\u00f3 tambi\u00e9n con la presencia del director general del Libro y la Lectura, Aquiles Juli\u00e1n; el director de Gesti\u00f3n Literaria, Fari Rosario; el director de Ferias del Libro, Joan Ferrer, y la directora del Gran Teatro del Cibao, Chiqui Checo.<\/p>\n\n\n\n<p>Durante la actividad se inform\u00f3 que el acto oficial de apertura de esta primera edici\u00f3n ferial se celebrar\u00e1 el 19 de abril de 2026, mientras que las actividades se desarrollar\u00e1n del 20 al 26 de abril en la Ciudad Coraz\u00f3n, fecha esta \u00faltima en la que tendr\u00e1 lugar la clausura del evento.<\/p>\n\n\n\n<p>En cuanto al concepto, los organizadores reiteraron que, aunque esta primera edici\u00f3n tendr\u00e1 como escenario principal la ciudad de Santiago de los Caballeros, la programaci\u00f3n y los contenidos incorporar\u00e1n de manera amplia la representaci\u00f3n de todas las provincias del Cibao.<\/p>\n\n\n\n<p>As\u00ed, el ministro Salcedo resalt\u00f3 que este evento ser\u00e1 un ejercicio democr\u00e1tico y participativo, en el que cada provincia tendr\u00e1 protagonismo.<\/p>\n\n\n\n<p>\u201cLa idea es que podamos nutrirnos de los valores culturales que hay diseminados en el norte del pa\u00eds\u201d, expres\u00f3 el titular de Cultura, al tiempo que reconoci\u00f3 el firme compromiso y valioso respaldo por parte de la vicepresidenta de la Rep\u00fablica, Raquel Pe\u00f1a.<\/p>\n\n\n\n<p>Entre los pormenores anunciados figura la instalaci\u00f3n de un gran pabell\u00f3n central, en el que estar\u00e1n representadas de forma equitativa las 14 provincias participantes.<\/p>\n\n\n\n<p>Cada territorio contar\u00e1 con d\u00edas previamente establecidos para destacar su identidad, tradiciones y aportes culturales, y la programaci\u00f3n incluir\u00e1 dedicatorias especiales a dos provincias por d\u00eda, con \u00e9nfasis en valores hist\u00f3ricos, patrimoniales y sus principales figuras.<\/p>\n\n\n\n<p>Otros espacios en los que se desarrollar\u00e1n las m\u00e1s de cien actividades programadas son el Centro Le\u00f3n, el Centro Cultural Banreservas y el Centro de la Cultura de Santiago Ercilia Pep\u00edn.<\/p>\n\n\n\n<p>De igual modo, se adelant\u00f3 que la feria dar\u00e1 visibilidad a iniciativas culturales impulsadas desde el Senado de la Rep\u00fablica, mediante una agenda conjunta con las oficinas senatoriales de las provincias, como parte de un esfuerzo por fortalecer el v\u00ednculo entre cultura, territorio y gesti\u00f3n legislativa.<\/p>\n\n\n\n<p>La edici\u00f3n 2026 de la Feria Regional del Libro y la Cultura Cibao estar\u00e1 dedicada a Ulises Francisco Espaillat con motivo del bicentenario de su nacimiento.<\/p>\n","protected":false},"excerpt":{"rendered":"<p>El Ministerio de Cultura dio a conocer este mi\u00e9rcoles, en el Gran Teatro del Cibao, los principales lineamientos de la Feria Regional del Libro y la Cultura Cibao, concebida como un espacio para celebrar la lectura, el pensamiento y la riqueza cultural del norte del pa\u00eds, con la participaci\u00f3n de las 14 provincias de la&#8230;<\/p>\n","protected":false},"author":4,"featured_media":6912,"comment_status":"open","ping_status":"open","sticky":false,"template":"","format":"standard","meta":{"_jetpack_memberships_contains_paid_content":false,"footnotes":""},"categories":[71],"tags":[],"class_list":["post-6911","post","type-post","status-publish","format-standard","has-post-thumbnail","hentry","category-cultura"],"yoast_head":"<!-- This site is optimized with the Yoast SEO plugin v27.5 - https:\/\/yoast.com\/product\/yoast-seo-wordpress\/ -->\n<title>Anuncian celebraci\u00f3n de la primera Feria Regional del Libro y la Cultura Cibao del 20 al 26 de abril - Bombazo Informativo<\/title>\n<meta name=\"description\" content=\"El Ministerio de Cultura dio a conocer este mi\u00e9rcoles, en el Gran Teatro del Cibao, los principales lineamientos de la Feria Regional del Libro y la Cultura Cibao, concebida como un espacio para celebrar la lectura, el pensamiento y la riqueza cultural del norte del pa\u00eds, con la participaci\u00f3n de las 14 provincias de la regi\u00f3n.\" \/>\n<meta name=\"robots\" content=\"index, follow, max-snippet:-1, max-image-preview:large, max-video-preview:-1\" \/>\n<link rel=\"canonical\" href=\"https:\/\/bombazoinformativo.com\/index.php\/2026\/01\/28\/anuncian-celebracion-de-la-primera-feria-regional-del-libro-y-la-cultura-cibao-del-20-al-26-de-abril\/\" \/>\n<meta property=\"og:locale\" content=\"es_ES\" \/>\n<meta property=\"og:type\" content=\"article\" \/>\n<meta property=\"og:title\" content=\"Anuncian celebraci\u00f3n de la primera Feria Regional del Libro y la Cultura Cibao del 20 al 26 de abril - Bombazo Informativo\" \/>\n<meta property=\"og:description\" content=\"El Ministerio de Cultura dio a conocer este mi\u00e9rcoles, en el Gran Teatro del Cibao, los principales lineamientos de la Feria Regional del Libro y la Cultura Cibao, concebida como un espacio para celebrar la lectura, el pensamiento y la riqueza cultural del norte del pa\u00eds, con la participaci\u00f3n de las 14 provincias de la regi\u00f3n.\" \/>\n<meta property=\"og:url\" content=\"https:\/\/bombazoinformativo.com\/index.php\/2026\/01\/28\/anuncian-celebracion-de-la-primera-feria-regional-del-libro-y-la-cultura-cibao-del-20-al-26-de-abril\/\" \/>\n<meta property=\"og:site_name\" content=\"Bombazo Informativo\" \/>\n<meta property=\"article:published_time\" content=\"2026-01-28T18:34:41+00:00\" \/>\n<meta property=\"article:modified_time\" content=\"2026-01-28T18:34:42+00:00\" \/>\n<meta property=\"og:image\" content=\"https:\/\/bombazoinformativo.com\/wp-content\/uploads\/2026\/01\/WhatsApp-Image-2026-01-28-at-1.01.46-PM-770x540-1.jpeg\" \/>\n\t<meta property=\"og:image:width\" content=\"770\" \/>\n\t<meta property=\"og:image:height\" content=\"540\" \/>\n\t<meta property=\"og:image:type\" content=\"image\/jpeg\" \/>\n<meta name=\"author\" content=\"Bombazo Informativo\" \/>\n<meta name=\"twitter:card\" content=\"summary_large_image\" \/>\n<meta name=\"twitter:label1\" content=\"Written by\" \/>\n\t<meta name=\"twitter:data1\" content=\"Bombazo Informativo\" \/>\n\t<meta name=\"twitter:label2\" content=\"Est. reading time\" \/>\n\t<meta name=\"twitter:data2\" content=\"3 minutos\" \/>\n<script type=\"application\/ld+json\" class=\"yoast-schema-graph\">{\"@context\":\"https:\\\/\\\/schema.org\",\"@graph\":[{\"@type\":\"Article\",\"@id\":\"https:\\\/\\\/bombazoinformativo.com\\\/index.php\\\/2026\\\/01\\\/28\\\/anuncian-celebracion-de-la-primera-feria-regional-del-libro-y-la-cultura-cibao-del-20-al-26-de-abril\\\/#article\",\"isPartOf\":{\"@id\":\"https:\\\/\\\/bombazoinformativo.com\\\/index.php\\\/2026\\\/01\\\/28\\\/anuncian-celebracion-de-la-primera-feria-regional-del-libro-y-la-cultura-cibao-del-20-al-26-de-abril\\\/\"},\"author\":{\"name\":\"Bombazo Informativo\",\"@id\":\"https:\\\/\\\/bombazoinformativo.com\\\/#\\\/schema\\\/person\\\/8a14f30019ce669c2ff632f56c95babc\"},\"headline\":\"Anuncian celebraci\u00f3n de la primera Feria Regional del Libro y la Cultura Cibao del 20 al 26 de abril\",\"datePublished\":\"2026-01-28T18:34:41+00:00\",\"dateModified\":\"2026-01-28T18:34:42+00:00\",\"mainEntityOfPage\":{\"@id\":\"https:\\\/\\\/bombazoinformativo.com\\\/index.php\\\/2026\\\/01\\\/28\\\/anuncian-celebracion-de-la-primera-feria-regional-del-libro-y-la-cultura-cibao-del-20-al-26-de-abril\\\/\"},\"wordCount\":632,\"commentCount\":0,\"publisher\":{\"@id\":\"https:\\\/\\\/bombazoinformativo.com\\\/#organization\"},\"image\":{\"@id\":\"https:\\\/\\\/bombazoinformativo.com\\\/index.php\\\/2026\\\/01\\\/28\\\/anuncian-celebracion-de-la-primera-feria-regional-del-libro-y-la-cultura-cibao-del-20-al-26-de-abril\\\/#primaryimage\"},\"thumbnailUrl\":\"https:\\\/\\\/bombazoinformativo.com\\\/wp-content\\\/uploads\\\/2026\\\/01\\\/WhatsApp-Image-2026-01-28-at-1.01.46-PM-770x540-1.jpeg\",\"articleSection\":[\"Cultura\"],\"inLanguage\":\"es-DO\",\"potentialAction\":[{\"@type\":\"CommentAction\",\"name\":\"Comment\",\"target\":[\"https:\\\/\\\/bombazoinformativo.com\\\/index.php\\\/2026\\\/01\\\/28\\\/anuncian-celebracion-de-la-primera-feria-regional-del-libro-y-la-cultura-cibao-del-20-al-26-de-abril\\\/#respond\"]}]},{\"@type\":\"WebPage\",\"@id\":\"https:\\\/\\\/bombazoinformativo.com\\\/index.php\\\/2026\\\/01\\\/28\\\/anuncian-celebracion-de-la-primera-feria-regional-del-libro-y-la-cultura-cibao-del-20-al-26-de-abril\\\/\",\"url\":\"https:\\\/\\\/bombazoinformativo.com\\\/index.php\\\/2026\\\/01\\\/28\\\/anuncian-celebracion-de-la-primera-feria-regional-del-libro-y-la-cultura-cibao-del-20-al-26-de-abril\\\/\",\"name\":\"Anuncian celebraci\u00f3n de la primera Feria Regional del Libro y la Cultura Cibao del 20 al 26 de abril - Bombazo Informativo\",\"isPartOf\":{\"@id\":\"https:\\\/\\\/bombazoinformativo.com\\\/#website\"},\"primaryImageOfPage\":{\"@id\":\"https:\\\/\\\/bombazoinformativo.com\\\/index.php\\\/2026\\\/01\\\/28\\\/anuncian-celebracion-de-la-primera-feria-regional-del-libro-y-la-cultura-cibao-del-20-al-26-de-abril\\\/#primaryimage\"},\"image\":{\"@id\":\"https:\\\/\\\/bombazoinformativo.com\\\/index.php\\\/2026\\\/01\\\/28\\\/anuncian-celebracion-de-la-primera-feria-regional-del-libro-y-la-cultura-cibao-del-20-al-26-de-abril\\\/#primaryimage\"},\"thumbnailUrl\":\"https:\\\/\\\/bombazoinformativo.com\\\/wp-content\\\/uploads\\\/2026\\\/01\\\/WhatsApp-Image-2026-01-28-at-1.01.46-PM-770x540-1.jpeg\",\"datePublished\":\"2026-01-28T18:34:41+00:00\",\"dateModified\":\"2026-01-28T18:34:42+00:00\",\"description\":\"El Ministerio de Cultura dio a conocer este mi\u00e9rcoles, en el Gran Teatro del Cibao, los principales lineamientos de la Feria Regional del Libro y la Cultura Cibao, concebida como un espacio para celebrar la lectura, el pensamiento y la riqueza cultural del norte del pa\u00eds, con la participaci\u00f3n de las 14 provincias de la regi\u00f3n.\",\"breadcrumb\":{\"@id\":\"https:\\\/\\\/bombazoinformativo.com\\\/index.php\\\/2026\\\/01\\\/28\\\/anuncian-celebracion-de-la-primera-feria-regional-del-libro-y-la-cultura-cibao-del-20-al-26-de-abril\\\/#breadcrumb\"},\"inLanguage\":\"es-DO\",\"potentialAction\":[{\"@type\":\"ReadAction\",\"target\":[\"https:\\\/\\\/bombazoinformativo.com\\\/index.php\\\/2026\\\/01\\\/28\\\/anuncian-celebracion-de-la-primera-feria-regional-del-libro-y-la-cultura-cibao-del-20-al-26-de-abril\\\/\"]}]},{\"@type\":\"ImageObject\",\"inLanguage\":\"es-DO\",\"@id\":\"https:\\\/\\\/bombazoinformativo.com\\\/index.php\\\/2026\\\/01\\\/28\\\/anuncian-celebracion-de-la-primera-feria-regional-del-libro-y-la-cultura-cibao-del-20-al-26-de-abril\\\/#primaryimage\",\"url\":\"https:\\\/\\\/bombazoinformativo.com\\\/wp-content\\\/uploads\\\/2026\\\/01\\\/WhatsApp-Image-2026-01-28-at-1.01.46-PM-770x540-1.jpeg\",\"contentUrl\":\"https:\\\/\\\/bombazoinformativo.com\\\/wp-content\\\/uploads\\\/2026\\\/01\\\/WhatsApp-Image-2026-01-28-at-1.01.46-PM-770x540-1.jpeg\",\"width\":770,\"height\":540},{\"@type\":\"BreadcrumbList\",\"@id\":\"https:\\\/\\\/bombazoinformativo.com\\\/index.php\\\/2026\\\/01\\\/28\\\/anuncian-celebracion-de-la-primera-feria-regional-del-libro-y-la-cultura-cibao-del-20-al-26-de-abril\\\/#breadcrumb\",\"itemListElement\":[{\"@type\":\"ListItem\",\"position\":1,\"name\":\"Home\",\"item\":\"https:\\\/\\\/bombazoinformativo.com\\\/\"},{\"@type\":\"ListItem\",\"position\":2,\"name\":\"Anuncian celebraci\u00f3n de la primera Feria Regional del Libro y la Cultura Cibao del 20 al 26 de abril\"}]},{\"@type\":\"WebSite\",\"@id\":\"https:\\\/\\\/bombazoinformativo.com\\\/#website\",\"url\":\"https:\\\/\\\/bombazoinformativo.com\\\/\",\"name\":\"Bombazo Informativo\",\"description\":\"En el Bombazo Informativo tenemos el objetivo de brindarte informaciones veraces, con claridad y objetividad.\",\"publisher\":{\"@id\":\"https:\\\/\\\/bombazoinformativo.com\\\/#organization\"},\"potentialAction\":[{\"@type\":\"SearchAction\",\"target\":{\"@type\":\"EntryPoint\",\"urlTemplate\":\"https:\\\/\\\/bombazoinformativo.com\\\/?s={search_term_string}\"},\"query-input\":{\"@type\":\"PropertyValueSpecification\",\"valueRequired\":true,\"valueName\":\"search_term_string\"}}],\"inLanguage\":\"es-DO\"},{\"@type\":\"Organization\",\"@id\":\"https:\\\/\\\/bombazoinformativo.com\\\/#organization\",\"name\":\"Bombazo Informativo\",\"url\":\"https:\\\/\\\/bombazoinformativo.com\\\/\",\"logo\":{\"@type\":\"ImageObject\",\"inLanguage\":\"es-DO\",\"@id\":\"https:\\\/\\\/bombazoinformativo.com\\\/#\\\/schema\\\/logo\\\/image\\\/\",\"url\":\"https:\\\/\\\/bombazoinformativo.com\\\/wp-content\\\/uploads\\\/2024\\\/11\\\/cropped-WhatsApp-Image-2024-11-29-at-12.01.48-PM.jpeg\",\"contentUrl\":\"https:\\\/\\\/bombazoinformativo.com\\\/wp-content\\\/uploads\\\/2024\\\/11\\\/cropped-WhatsApp-Image-2024-11-29-at-12.01.48-PM.jpeg\",\"width\":1599,\"height\":315,\"caption\":\"Bombazo Informativo\"},\"image\":{\"@id\":\"https:\\\/\\\/bombazoinformativo.com\\\/#\\\/schema\\\/logo\\\/image\\\/\"}},{\"@type\":\"Person\",\"@id\":\"https:\\\/\\\/bombazoinformativo.com\\\/#\\\/schema\\\/person\\\/8a14f30019ce669c2ff632f56c95babc\",\"name\":\"Bombazo Informativo\",\"image\":{\"@type\":\"ImageObject\",\"inLanguage\":\"es-DO\",\"@id\":\"https:\\\/\\\/bombazoinformativo.com\\\/wp-content\\\/litespeed\\\/avatar\\\/b076bbe918e43ad70d1f99495fbecd83.jpg?ver=1777262154\",\"url\":\"https:\\\/\\\/bombazoinformativo.com\\\/wp-content\\\/litespeed\\\/avatar\\\/b076bbe918e43ad70d1f99495fbecd83.jpg?ver=1777262154\",\"contentUrl\":\"https:\\\/\\\/bombazoinformativo.com\\\/wp-content\\\/litespeed\\\/avatar\\\/b076bbe918e43ad70d1f99495fbecd83.jpg?ver=1777262154\",\"caption\":\"Bombazo Informativo\"},\"url\":\"https:\\\/\\\/bombazoinformativo.com\\\/index.php\\\/author\\\/bombazo-informativo\\\/\"}]}<\/script>\n<!-- \/ Yoast SEO plugin. -->","yoast_head_json":{"title":"Anuncian celebraci\u00f3n de la primera Feria Regional del Libro y la Cultura Cibao del 20 al 26 de abril - Bombazo Informativo","description":"El Ministerio de Cultura dio a conocer este mi\u00e9rcoles, en el Gran Teatro del Cibao, los principales lineamientos de la Feria Regional del Libro y la Cultura Cibao, concebida como un espacio para celebrar la lectura, el pensamiento y la riqueza cultural del norte del pa\u00eds, con la participaci\u00f3n de las 14 provincias de la regi\u00f3n.","robots":{"index":"index","follow":"follow","max-snippet":"max-snippet:-1","max-image-preview":"max-image-preview:large","max-video-preview":"max-video-preview:-1"},"canonical":"https:\/\/bombazoinformativo.com\/index.php\/2026\/01\/28\/anuncian-celebracion-de-la-primera-feria-regional-del-libro-y-la-cultura-cibao-del-20-al-26-de-abril\/","og_locale":"es_ES","og_type":"article","og_title":"Anuncian celebraci\u00f3n de la primera Feria Regional del Libro y la Cultura Cibao del 20 al 26 de abril - Bombazo Informativo","og_description":"El Ministerio de Cultura dio a conocer este mi\u00e9rcoles, en el Gran Teatro del Cibao, los principales lineamientos de la Feria Regional del Libro y la Cultura Cibao, concebida como un espacio para celebrar la lectura, el pensamiento y la riqueza cultural del norte del pa\u00eds, con la participaci\u00f3n de las 14 provincias de la regi\u00f3n.","og_url":"https:\/\/bombazoinformativo.com\/index.php\/2026\/01\/28\/anuncian-celebracion-de-la-primera-feria-regional-del-libro-y-la-cultura-cibao-del-20-al-26-de-abril\/","og_site_name":"Bombazo Informativo","article_published_time":"2026-01-28T18:34:41+00:00","article_modified_time":"2026-01-28T18:34:42+00:00","og_image":[{"width":770,"height":540,"url":"https:\/\/bombazoinformativo.com\/wp-content\/uploads\/2026\/01\/WhatsApp-Image-2026-01-28-at-1.01.46-PM-770x540-1.jpeg","type":"image\/jpeg"}],"author":"Bombazo Informativo","twitter_card":"summary_large_image","twitter_misc":{"Written by":"Bombazo Informativo","Est. reading time":"3 minutos"},"schema":{"@context":"https:\/\/schema.org","@graph":[{"@type":"Article","@id":"https:\/\/bombazoinformativo.com\/index.php\/2026\/01\/28\/anuncian-celebracion-de-la-primera-feria-regional-del-libro-y-la-cultura-cibao-del-20-al-26-de-abril\/#article","isPartOf":{"@id":"https:\/\/bombazoinformativo.com\/index.php\/2026\/01\/28\/anuncian-celebracion-de-la-primera-feria-regional-del-libro-y-la-cultura-cibao-del-20-al-26-de-abril\/"},"author":{"name":"Bombazo Informativo","@id":"https:\/\/bombazoinformativo.com\/#\/schema\/person\/8a14f30019ce669c2ff632f56c95babc"},"headline":"Anuncian celebraci\u00f3n de la primera Feria Regional del Libro y la Cultura Cibao del 20 al 26 de abril","datePublished":"2026-01-28T18:34:41+00:00","dateModified":"2026-01-28T18:34:42+00:00","mainEntityOfPage":{"@id":"https:\/\/bombazoinformativo.com\/index.php\/2026\/01\/28\/anuncian-celebracion-de-la-primera-feria-regional-del-libro-y-la-cultura-cibao-del-20-al-26-de-abril\/"},"wordCount":632,"commentCount":0,"publisher":{"@id":"https:\/\/bombazoinformativo.com\/#organization"},"image":{"@id":"https:\/\/bombazoinformativo.com\/index.php\/2026\/01\/28\/anuncian-celebracion-de-la-primera-feria-regional-del-libro-y-la-cultura-cibao-del-20-al-26-de-abril\/#primaryimage"},"thumbnailUrl":"https:\/\/bombazoinformativo.com\/wp-content\/uploads\/2026\/01\/WhatsApp-Image-2026-01-28-at-1.01.46-PM-770x540-1.jpeg","articleSection":["Cultura"],"inLanguage":"es-DO","potentialAction":[{"@type":"CommentAction","name":"Comment","target":["https:\/\/bombazoinformativo.com\/index.php\/2026\/01\/28\/anuncian-celebracion-de-la-primera-feria-regional-del-libro-y-la-cultura-cibao-del-20-al-26-de-abril\/#respond"]}]},{"@type":"WebPage","@id":"https:\/\/bombazoinformativo.com\/index.php\/2026\/01\/28\/anuncian-celebracion-de-la-primera-feria-regional-del-libro-y-la-cultura-cibao-del-20-al-26-de-abril\/","url":"https:\/\/bombazoinformativo.com\/index.php\/2026\/01\/28\/anuncian-celebracion-de-la-primera-feria-regional-del-libro-y-la-cultura-cibao-del-20-al-26-de-abril\/","name":"Anuncian celebraci\u00f3n de la primera Feria Regional del Libro y la Cultura Cibao del 20 al 26 de abril - Bombazo Informativo","isPartOf":{"@id":"https:\/\/bombazoinformativo.com\/#website"},"primaryImageOfPage":{"@id":"https:\/\/bombazoinformativo.com\/index.php\/2026\/01\/28\/anuncian-celebracion-de-la-primera-feria-regional-del-libro-y-la-cultura-cibao-del-20-al-26-de-abril\/#primaryimage"},"image":{"@id":"https:\/\/bombazoinformativo.com\/index.php\/2026\/01\/28\/anuncian-celebracion-de-la-primera-feria-regional-del-libro-y-la-cultura-cibao-del-20-al-26-de-abril\/#primaryimage"},"thumbnailUrl":"https:\/\/bombazoinformativo.com\/wp-content\/uploads\/2026\/01\/WhatsApp-Image-2026-01-28-at-1.01.46-PM-770x540-1.jpeg","datePublished":"2026-01-28T18:34:41+00:00","dateModified":"2026-01-28T18:34:42+00:00","description":"El Ministerio de Cultura dio a conocer este mi\u00e9rcoles, en el Gran Teatro del Cibao, los principales lineamientos de la Feria Regional del Libro y la Cultura Cibao, concebida como un espacio para celebrar la lectura, el pensamiento y la riqueza cultural del norte del pa\u00eds, con la participaci\u00f3n de las 14 provincias de la regi\u00f3n.","breadcrumb":{"@id":"https:\/\/bombazoinformativo.com\/index.php\/2026\/01\/28\/anuncian-celebracion-de-la-primera-feria-regional-del-libro-y-la-cultura-cibao-del-20-al-26-de-abril\/#breadcrumb"},"inLanguage":"es-DO","potentialAction":[{"@type":"ReadAction","target":["https:\/\/bombazoinformativo.com\/index.php\/2026\/01\/28\/anuncian-celebracion-de-la-primera-feria-regional-del-libro-y-la-cultura-cibao-del-20-al-26-de-abril\/"]}]},{"@type":"ImageObject","inLanguage":"es-DO","@id":"https:\/\/bombazoinformativo.com\/index.php\/2026\/01\/28\/anuncian-celebracion-de-la-primera-feria-regional-del-libro-y-la-cultura-cibao-del-20-al-26-de-abril\/#primaryimage","url":"https:\/\/bombazoinformativo.com\/wp-content\/uploads\/2026\/01\/WhatsApp-Image-2026-01-28-at-1.01.46-PM-770x540-1.jpeg","contentUrl":"https:\/\/bombazoinformativo.com\/wp-content\/uploads\/2026\/01\/WhatsApp-Image-2026-01-28-at-1.01.46-PM-770x540-1.jpeg","width":770,"height":540},{"@type":"BreadcrumbList","@id":"https:\/\/bombazoinformativo.com\/index.php\/2026\/01\/28\/anuncian-celebracion-de-la-primera-feria-regional-del-libro-y-la-cultura-cibao-del-20-al-26-de-abril\/#breadcrumb","itemListElement":[{"@type":"ListItem","position":1,"name":"Home","item":"https:\/\/bombazoinformativo.com\/"},{"@type":"ListItem","position":2,"name":"Anuncian celebraci\u00f3n de la primera Feria Regional del Libro y la Cultura Cibao del 20 al 26 de abril"}]},{"@type":"WebSite","@id":"https:\/\/bombazoinformativo.com\/#website","url":"https:\/\/bombazoinformativo.com\/","name":"Bombazo Informativo","description":"En el Bombazo Informativo tenemos el objetivo de brindarte informaciones veraces, con claridad y objetividad.","publisher":{"@id":"https:\/\/bombazoinformativo.com\/#organization"},"potentialAction":[{"@type":"SearchAction","target":{"@type":"EntryPoint","urlTemplate":"https:\/\/bombazoinformativo.com\/?s={search_term_string}"},"query-input":{"@type":"PropertyValueSpecification","valueRequired":true,"valueName":"search_term_string"}}],"inLanguage":"es-DO"},{"@type":"Organization","@id":"https:\/\/bombazoinformativo.com\/#organization","name":"Bombazo Informativo","url":"https:\/\/bombazoinformativo.com\/","logo":{"@type":"ImageObject","inLanguage":"es-DO","@id":"https:\/\/bombazoinformativo.com\/#\/schema\/logo\/image\/","url":"https:\/\/bombazoinformativo.com\/wp-content\/uploads\/2024\/11\/cropped-WhatsApp-Image-2024-11-29-at-12.01.48-PM.jpeg","contentUrl":"https:\/\/bombazoinformativo.com\/wp-content\/uploads\/2024\/11\/cropped-WhatsApp-Image-2024-11-29-at-12.01.48-PM.jpeg","width":1599,"height":315,"caption":"Bombazo Informativo"},"image":{"@id":"https:\/\/bombazoinformativo.com\/#\/schema\/logo\/image\/"}},{"@type":"Person","@id":"https:\/\/bombazoinformativo.com\/#\/schema\/person\/8a14f30019ce669c2ff632f56c95babc","name":"Bombazo Informativo","image":{"@type":"ImageObject","inLanguage":"es-DO","@id":"https:\/\/bombazoinformativo.com\/wp-content\/litespeed\/avatar\/b076bbe918e43ad70d1f99495fbecd83.jpg?ver=1777262154","url":"https:\/\/bombazoinformativo.com\/wp-content\/litespeed\/avatar\/b076bbe918e43ad70d1f99495fbecd83.jpg?ver=1777262154","contentUrl":"https:\/\/bombazoinformativo.com\/wp-content\/litespeed\/avatar\/b076bbe918e43ad70d1f99495fbecd83.jpg?ver=1777262154","caption":"Bombazo Informativo"},"url":"https:\/\/bombazoinformativo.com\/index.php\/author\/bombazo-informativo\/"}]}},"jetpack_featured_media_url":"https:\/\/bombazoinformativo.com\/wp-content\/uploads\/2026\/01\/WhatsApp-Image-2026-01-28-at-1.01.46-PM-770x540-1.jpeg","jetpack_sharing_enabled":true,"_links":{"self":[{"href":"https:\/\/bombazoinformativo.com\/index.php\/wp-json\/wp\/v2\/posts\/6911","targetHints":{"allow":["GET"]}}],"collection":[{"href":"https:\/\/bombazoinformativo.com\/index.php\/wp-json\/wp\/v2\/posts"}],"about":[{"href":"https:\/\/bombazoinformativo.com\/index.php\/wp-json\/wp\/v2\/types\/post"}],"author":[{"embeddable":true,"href":"https:\/\/bombazoinformativo.com\/index.php\/wp-json\/wp\/v2\/users\/4"}],"replies":[{"embeddable":true,"href":"https:\/\/bombazoinformativo.com\/index.php\/wp-json\/wp\/v2\/comments?post=6911"}],"version-history":[{"count":1,"href":"https:\/\/bombazoinformativo.com\/index.php\/wp-json\/wp\/v2\/posts\/6911\/revisions"}],"predecessor-version":[{"id":6913,"href":"https:\/\/bombazoinformativo.com\/index.php\/wp-json\/wp\/v2\/posts\/6911\/revisions\/6913"}],"wp:featuredmedia":[{"embeddable":true,"href":"https:\/\/bombazoinformativo.com\/index.php\/wp-json\/wp\/v2\/media\/6912"}],"wp:attachment":[{"href":"https:\/\/bombazoinformativo.com\/index.php\/wp-json\/wp\/v2\/media?parent=6911"}],"wp:term":[{"taxonomy":"category","embeddable":true,"href":"https:\/\/bombazoinformativo.com\/index.php\/wp-json\/wp\/v2\/categories?post=6911"},{"taxonomy":"post_tag","embeddable":true,"href":"https:\/\/bombazoinformativo.com\/index.php\/wp-json\/wp\/v2\/tags?post=6911"}],"curies":[{"name":"wp","href":"https:\/\/api.w.org\/{rel}","templated":true}]}}