{"id":6908,"date":"2026-01-28T14:28:04","date_gmt":"2026-01-28T18:28:04","guid":{"rendered":"https:\/\/bombazoinformativo.com\/?p=6908"},"modified":"2026-01-28T14:28:05","modified_gmt":"2026-01-28T18:28:05","slug":"imponen-prision-preventiva-contra-militar-imputado-por-muerte-de-joven-en-el-mirador-sur","status":"publish","type":"post","link":"https:\/\/bombazoinformativo.com\/index.php\/2026\/01\/28\/imponen-prision-preventiva-contra-militar-imputado-por-muerte-de-joven-en-el-mirador-sur\/","title":{"rendered":"Imponen prisi\u00f3n preventiva contra militar imputado por muerte de joven en el Mirador Sur"},"content":{"rendered":"\n<p>A solicitud del Ministerio P\u00fablico, un tribunal del Distrito Nacional impuso tres meses de prisi\u00f3n preventiva, como medida de coerci\u00f3n, contra un teniente coronel del Ej\u00e9rcito imputado por la muerte de una joven, en un hecho ocurrido el pasado domingo, 25 de enero, en el parque Mirador Sur del Distrito Nacional.<\/p>\n\n\n\n<p>El juez Rigoberto Sena, de la Oficina Judicial de Servicios de Atenci\u00f3n Permanente del Distrito Nacional, dispuso que el imputado Samuel El\u00edas C\u00e9spedes Valdez cumpla la medida cautelar en el Centro de Correcci\u00f3n y Rehabilitaci\u00f3n (CCR) Las Parras.<\/p>\n\n\n\n<p>El imputado est\u00e1 siendo procesado por la muerte de Licairis Yalibes D\u00edaz Valenzuela, con quien manten\u00eda una relaci\u00f3n sentimental y a quien quit\u00f3 la vida con un arma de fuego durante una discusi\u00f3n entre ambos, mientras se encontraban en el referido parque.<\/p>\n\n\n\n<p>De acuerdo con la solicitud presentada por la procuradora de corte Santa Matilde Reyes Valenzuela, titular del Departamento de Asuntos Internos de la Fiscal\u00eda del Distrito Nacional, al lugar acudieron agentes policiales tras recibir la alerta correspondiente, quienes confirmaron el fallecimiento de la mujer.<br>El imputado fue arrestado en flagrante delito, luego de que se le leyeran sus derechos constitucionales, y fue trasladado al departamento correspondiente para los fines legales.<\/p>\n\n\n\n<p>El levantamiento del cad\u00e1ver de la joven fue realizado por un m\u00e9dico legista del Instituto Nacional de Ciencias Forenses (Inacif), quien certific\u00f3 que la causa de muerte fue una herida provocada por proyectil de arma de fuego, con una trayectoria incompatible con un hecho accidental, como quiso alegar el imputado.<\/p>\n\n\n\n<p>El Ministerio P\u00fablico se\u00f1ala que, por la trayectoria del impacto que presenta la v\u00edctima, se puede colegir que se trat\u00f3 de un homicidio voluntario. Durante el proceso de intervenci\u00f3n, el arma utilizada fue entregada de manera voluntaria y qued\u00f3 bajo custodia de las autoridades.<\/p>\n\n\n\n<p>El Ministerio P\u00fablico calific\u00f3 jur\u00eddicamente los hechos como homicidio voluntario, en violaci\u00f3n a los art\u00edculos 295 y 304, numeral II, del C\u00f3digo Penal Dominicano.<\/p>\n","protected":false},"excerpt":{"rendered":"<p>A solicitud del Ministerio P\u00fablico, un tribunal del Distrito Nacional impuso tres meses de prisi\u00f3n preventiva, como medida de coerci\u00f3n, contra un teniente coronel del Ej\u00e9rcito imputado por la muerte de una joven, en un hecho ocurrido el pasado domingo, 25 de enero, en el parque Mirador Sur del Distrito Nacional. El juez Rigoberto Sena,&#8230;<\/p>\n","protected":false},"author":4,"featured_media":6909,"comment_status":"open","ping_status":"open","sticky":false,"template":"","format":"standard","meta":{"_jetpack_memberships_contains_paid_content":false,"footnotes":""},"categories":[20],"tags":[1080,88],"class_list":["post-6908","post","type-post","status-publish","format-standard","has-post-thumbnail","hentry","category-justicia","tag-mirador-sur","tag-prision-preventiva"],"yoast_head":"<!-- This site is optimized with the Yoast SEO plugin v27.5 - https:\/\/yoast.com\/product\/yoast-seo-wordpress\/ -->\n<title>Imponen prisi\u00f3n preventiva contra militar imputado por muerte de joven en el Mirador Sur - Bombazo Informativo<\/title>\n<meta name=\"description\" content=\"A solicitud del Ministerio P\u00fablico, un tribunal del Distrito Nacional impuso tres meses de prisi\u00f3n preventiva, como medida de coerci\u00f3n, contra un teniente coronel del Ej\u00e9rcito imputado por la muerte de una joven, en un hecho ocurrido el pasado domingo, 25 de enero, en el parque Mirador Sur del Distrito Nacional.\" \/>\n<meta name=\"robots\" content=\"index, follow, max-snippet:-1, max-image-preview:large, max-video-preview:-1\" \/>\n<link rel=\"canonical\" href=\"https:\/\/bombazoinformativo.com\/index.php\/2026\/01\/28\/imponen-prision-preventiva-contra-militar-imputado-por-muerte-de-joven-en-el-mirador-sur\/\" \/>\n<meta property=\"og:locale\" content=\"es_ES\" \/>\n<meta property=\"og:type\" content=\"article\" \/>\n<meta property=\"og:title\" content=\"Imponen prisi\u00f3n preventiva contra militar imputado por muerte de joven en el Mirador Sur - Bombazo Informativo\" \/>\n<meta property=\"og:description\" content=\"A solicitud del Ministerio P\u00fablico, un tribunal del Distrito Nacional impuso tres meses de prisi\u00f3n preventiva, como medida de coerci\u00f3n, contra un teniente coronel del Ej\u00e9rcito imputado por la muerte de una joven, en un hecho ocurrido el pasado domingo, 25 de enero, en el parque Mirador Sur del Distrito Nacional.\" \/>\n<meta property=\"og:url\" content=\"https:\/\/bombazoinformativo.com\/index.php\/2026\/01\/28\/imponen-prision-preventiva-contra-militar-imputado-por-muerte-de-joven-en-el-mirador-sur\/\" \/>\n<meta property=\"og:site_name\" content=\"Bombazo Informativo\" \/>\n<meta property=\"article:published_time\" content=\"2026-01-28T18:28:04+00:00\" \/>\n<meta property=\"article:modified_time\" content=\"2026-01-28T18:28:05+00:00\" \/>\n<meta property=\"og:image\" content=\"https:\/\/bombazoinformativo.com\/wp-content\/uploads\/2026\/01\/sddefault.jpg\" \/>\n\t<meta property=\"og:image:width\" content=\"640\" \/>\n\t<meta property=\"og:image:height\" content=\"480\" \/>\n\t<meta property=\"og:image:type\" content=\"image\/jpeg\" \/>\n<meta name=\"author\" content=\"Bombazo Informativo\" \/>\n<meta name=\"twitter:card\" content=\"summary_large_image\" \/>\n<meta name=\"twitter:label1\" content=\"Written by\" \/>\n\t<meta name=\"twitter:data1\" content=\"Bombazo Informativo\" \/>\n\t<meta name=\"twitter:label2\" content=\"Est. reading time\" \/>\n\t<meta name=\"twitter:data2\" content=\"2 minutos\" \/>\n<script type=\"application\/ld+json\" class=\"yoast-schema-graph\">{\"@context\":\"https:\\\/\\\/schema.org\",\"@graph\":[{\"@type\":\"Article\",\"@id\":\"https:\\\/\\\/bombazoinformativo.com\\\/index.php\\\/2026\\\/01\\\/28\\\/imponen-prision-preventiva-contra-militar-imputado-por-muerte-de-joven-en-el-mirador-sur\\\/#article\",\"isPartOf\":{\"@id\":\"https:\\\/\\\/bombazoinformativo.com\\\/index.php\\\/2026\\\/01\\\/28\\\/imponen-prision-preventiva-contra-militar-imputado-por-muerte-de-joven-en-el-mirador-sur\\\/\"},\"author\":{\"name\":\"Bombazo Informativo\",\"@id\":\"https:\\\/\\\/bombazoinformativo.com\\\/#\\\/schema\\\/person\\\/8a14f30019ce669c2ff632f56c95babc\"},\"headline\":\"Imponen prisi\u00f3n preventiva contra militar imputado por muerte de joven en el Mirador Sur\",\"datePublished\":\"2026-01-28T18:28:04+00:00\",\"dateModified\":\"2026-01-28T18:28:05+00:00\",\"mainEntityOfPage\":{\"@id\":\"https:\\\/\\\/bombazoinformativo.com\\\/index.php\\\/2026\\\/01\\\/28\\\/imponen-prision-preventiva-contra-militar-imputado-por-muerte-de-joven-en-el-mirador-sur\\\/\"},\"wordCount\":356,\"commentCount\":0,\"publisher\":{\"@id\":\"https:\\\/\\\/bombazoinformativo.com\\\/#organization\"},\"image\":{\"@id\":\"https:\\\/\\\/bombazoinformativo.com\\\/index.php\\\/2026\\\/01\\\/28\\\/imponen-prision-preventiva-contra-militar-imputado-por-muerte-de-joven-en-el-mirador-sur\\\/#primaryimage\"},\"thumbnailUrl\":\"https:\\\/\\\/bombazoinformativo.com\\\/wp-content\\\/uploads\\\/2026\\\/01\\\/sddefault.jpg\",\"keywords\":[\"Mirador Sur\",\"Prisi\u00f3n Preventiva\"],\"articleSection\":[\"Justicia\"],\"inLanguage\":\"es-DO\",\"potentialAction\":[{\"@type\":\"CommentAction\",\"name\":\"Comment\",\"target\":[\"https:\\\/\\\/bombazoinformativo.com\\\/index.php\\\/2026\\\/01\\\/28\\\/imponen-prision-preventiva-contra-militar-imputado-por-muerte-de-joven-en-el-mirador-sur\\\/#respond\"]}]},{\"@type\":\"WebPage\",\"@id\":\"https:\\\/\\\/bombazoinformativo.com\\\/index.php\\\/2026\\\/01\\\/28\\\/imponen-prision-preventiva-contra-militar-imputado-por-muerte-de-joven-en-el-mirador-sur\\\/\",\"url\":\"https:\\\/\\\/bombazoinformativo.com\\\/index.php\\\/2026\\\/01\\\/28\\\/imponen-prision-preventiva-contra-militar-imputado-por-muerte-de-joven-en-el-mirador-sur\\\/\",\"name\":\"Imponen prisi\u00f3n preventiva contra militar imputado por muerte de joven en el Mirador Sur - Bombazo Informativo\",\"isPartOf\":{\"@id\":\"https:\\\/\\\/bombazoinformativo.com\\\/#website\"},\"primaryImageOfPage\":{\"@id\":\"https:\\\/\\\/bombazoinformativo.com\\\/index.php\\\/2026\\\/01\\\/28\\\/imponen-prision-preventiva-contra-militar-imputado-por-muerte-de-joven-en-el-mirador-sur\\\/#primaryimage\"},\"image\":{\"@id\":\"https:\\\/\\\/bombazoinformativo.com\\\/index.php\\\/2026\\\/01\\\/28\\\/imponen-prision-preventiva-contra-militar-imputado-por-muerte-de-joven-en-el-mirador-sur\\\/#primaryimage\"},\"thumbnailUrl\":\"https:\\\/\\\/bombazoinformativo.com\\\/wp-content\\\/uploads\\\/2026\\\/01\\\/sddefault.jpg\",\"datePublished\":\"2026-01-28T18:28:04+00:00\",\"dateModified\":\"2026-01-28T18:28:05+00:00\",\"description\":\"A solicitud del Ministerio P\u00fablico, un tribunal del Distrito Nacional impuso tres meses de prisi\u00f3n preventiva, como medida de coerci\u00f3n, contra un teniente coronel del Ej\u00e9rcito imputado por la muerte de una joven, en un hecho ocurrido el pasado domingo, 25 de enero, en el parque Mirador Sur del Distrito Nacional.\",\"breadcrumb\":{\"@id\":\"https:\\\/\\\/bombazoinformativo.com\\\/index.php\\\/2026\\\/01\\\/28\\\/imponen-prision-preventiva-contra-militar-imputado-por-muerte-de-joven-en-el-mirador-sur\\\/#breadcrumb\"},\"inLanguage\":\"es-DO\",\"potentialAction\":[{\"@type\":\"ReadAction\",\"target\":[\"https:\\\/\\\/bombazoinformativo.com\\\/index.php\\\/2026\\\/01\\\/28\\\/imponen-prision-preventiva-contra-militar-imputado-por-muerte-de-joven-en-el-mirador-sur\\\/\"]}]},{\"@type\":\"ImageObject\",\"inLanguage\":\"es-DO\",\"@id\":\"https:\\\/\\\/bombazoinformativo.com\\\/index.php\\\/2026\\\/01\\\/28\\\/imponen-prision-preventiva-contra-militar-imputado-por-muerte-de-joven-en-el-mirador-sur\\\/#primaryimage\",\"url\":\"https:\\\/\\\/bombazoinformativo.com\\\/wp-content\\\/uploads\\\/2026\\\/01\\\/sddefault.jpg\",\"contentUrl\":\"https:\\\/\\\/bombazoinformativo.com\\\/wp-content\\\/uploads\\\/2026\\\/01\\\/sddefault.jpg\",\"width\":640,\"height\":480},{\"@type\":\"BreadcrumbList\",\"@id\":\"https:\\\/\\\/bombazoinformativo.com\\\/index.php\\\/2026\\\/01\\\/28\\\/imponen-prision-preventiva-contra-militar-imputado-por-muerte-de-joven-en-el-mirador-sur\\\/#breadcrumb\",\"itemListElement\":[{\"@type\":\"ListItem\",\"position\":1,\"name\":\"Home\",\"item\":\"https:\\\/\\\/bombazoinformativo.com\\\/\"},{\"@type\":\"ListItem\",\"position\":2,\"name\":\"Imponen prisi\u00f3n preventiva contra militar imputado por muerte de joven en el Mirador Sur\"}]},{\"@type\":\"WebSite\",\"@id\":\"https:\\\/\\\/bombazoinformativo.com\\\/#website\",\"url\":\"https:\\\/\\\/bombazoinformativo.com\\\/\",\"name\":\"Bombazo Informativo\",\"description\":\"En el Bombazo Informativo tenemos el objetivo de brindarte informaciones veraces, con claridad y objetividad.\",\"publisher\":{\"@id\":\"https:\\\/\\\/bombazoinformativo.com\\\/#organization\"},\"potentialAction\":[{\"@type\":\"SearchAction\",\"target\":{\"@type\":\"EntryPoint\",\"urlTemplate\":\"https:\\\/\\\/bombazoinformativo.com\\\/?s={search_term_string}\"},\"query-input\":{\"@type\":\"PropertyValueSpecification\",\"valueRequired\":true,\"valueName\":\"search_term_string\"}}],\"inLanguage\":\"es-DO\"},{\"@type\":\"Organization\",\"@id\":\"https:\\\/\\\/bombazoinformativo.com\\\/#organization\",\"name\":\"Bombazo Informativo\",\"url\":\"https:\\\/\\\/bombazoinformativo.com\\\/\",\"logo\":{\"@type\":\"ImageObject\",\"inLanguage\":\"es-DO\",\"@id\":\"https:\\\/\\\/bombazoinformativo.com\\\/#\\\/schema\\\/logo\\\/image\\\/\",\"url\":\"https:\\\/\\\/bombazoinformativo.com\\\/wp-content\\\/uploads\\\/2024\\\/11\\\/cropped-WhatsApp-Image-2024-11-29-at-12.01.48-PM.jpeg\",\"contentUrl\":\"https:\\\/\\\/bombazoinformativo.com\\\/wp-content\\\/uploads\\\/2024\\\/11\\\/cropped-WhatsApp-Image-2024-11-29-at-12.01.48-PM.jpeg\",\"width\":1599,\"height\":315,\"caption\":\"Bombazo Informativo\"},\"image\":{\"@id\":\"https:\\\/\\\/bombazoinformativo.com\\\/#\\\/schema\\\/logo\\\/image\\\/\"}},{\"@type\":\"Person\",\"@id\":\"https:\\\/\\\/bombazoinformativo.com\\\/#\\\/schema\\\/person\\\/8a14f30019ce669c2ff632f56c95babc\",\"name\":\"Bombazo Informativo\",\"image\":{\"@type\":\"ImageObject\",\"inLanguage\":\"es-DO\",\"@id\":\"https:\\\/\\\/bombazoinformativo.com\\\/wp-content\\\/litespeed\\\/avatar\\\/b076bbe918e43ad70d1f99495fbecd83.jpg?ver=1777262154\",\"url\":\"https:\\\/\\\/bombazoinformativo.com\\\/wp-content\\\/litespeed\\\/avatar\\\/b076bbe918e43ad70d1f99495fbecd83.jpg?ver=1777262154\",\"contentUrl\":\"https:\\\/\\\/bombazoinformativo.com\\\/wp-content\\\/litespeed\\\/avatar\\\/b076bbe918e43ad70d1f99495fbecd83.jpg?ver=1777262154\",\"caption\":\"Bombazo Informativo\"},\"url\":\"https:\\\/\\\/bombazoinformativo.com\\\/index.php\\\/author\\\/bombazo-informativo\\\/\"}]}<\/script>\n<!-- \/ Yoast SEO plugin. -->","yoast_head_json":{"title":"Imponen prisi\u00f3n preventiva contra militar imputado por muerte de joven en el Mirador Sur - Bombazo Informativo","description":"A solicitud del Ministerio P\u00fablico, un tribunal del Distrito Nacional impuso tres meses de prisi\u00f3n preventiva, como medida de coerci\u00f3n, contra un teniente coronel del Ej\u00e9rcito imputado por la muerte de una joven, en un hecho ocurrido el pasado domingo, 25 de enero, en el parque Mirador Sur del Distrito Nacional.","robots":{"index":"index","follow":"follow","max-snippet":"max-snippet:-1","max-image-preview":"max-image-preview:large","max-video-preview":"max-video-preview:-1"},"canonical":"https:\/\/bombazoinformativo.com\/index.php\/2026\/01\/28\/imponen-prision-preventiva-contra-militar-imputado-por-muerte-de-joven-en-el-mirador-sur\/","og_locale":"es_ES","og_type":"article","og_title":"Imponen prisi\u00f3n preventiva contra militar imputado por muerte de joven en el Mirador Sur - Bombazo Informativo","og_description":"A solicitud del Ministerio P\u00fablico, un tribunal del Distrito Nacional impuso tres meses de prisi\u00f3n preventiva, como medida de coerci\u00f3n, contra un teniente coronel del Ej\u00e9rcito imputado por la muerte de una joven, en un hecho ocurrido el pasado domingo, 25 de enero, en el parque Mirador Sur del Distrito Nacional.","og_url":"https:\/\/bombazoinformativo.com\/index.php\/2026\/01\/28\/imponen-prision-preventiva-contra-militar-imputado-por-muerte-de-joven-en-el-mirador-sur\/","og_site_name":"Bombazo Informativo","article_published_time":"2026-01-28T18:28:04+00:00","article_modified_time":"2026-01-28T18:28:05+00:00","og_image":[{"width":640,"height":480,"url":"https:\/\/bombazoinformativo.com\/wp-content\/uploads\/2026\/01\/sddefault.jpg","type":"image\/jpeg"}],"author":"Bombazo Informativo","twitter_card":"summary_large_image","twitter_misc":{"Written by":"Bombazo Informativo","Est. reading time":"2 minutos"},"schema":{"@context":"https:\/\/schema.org","@graph":[{"@type":"Article","@id":"https:\/\/bombazoinformativo.com\/index.php\/2026\/01\/28\/imponen-prision-preventiva-contra-militar-imputado-por-muerte-de-joven-en-el-mirador-sur\/#article","isPartOf":{"@id":"https:\/\/bombazoinformativo.com\/index.php\/2026\/01\/28\/imponen-prision-preventiva-contra-militar-imputado-por-muerte-de-joven-en-el-mirador-sur\/"},"author":{"name":"Bombazo Informativo","@id":"https:\/\/bombazoinformativo.com\/#\/schema\/person\/8a14f30019ce669c2ff632f56c95babc"},"headline":"Imponen prisi\u00f3n preventiva contra militar imputado por muerte de joven en el Mirador Sur","datePublished":"2026-01-28T18:28:04+00:00","dateModified":"2026-01-28T18:28:05+00:00","mainEntityOfPage":{"@id":"https:\/\/bombazoinformativo.com\/index.php\/2026\/01\/28\/imponen-prision-preventiva-contra-militar-imputado-por-muerte-de-joven-en-el-mirador-sur\/"},"wordCount":356,"commentCount":0,"publisher":{"@id":"https:\/\/bombazoinformativo.com\/#organization"},"image":{"@id":"https:\/\/bombazoinformativo.com\/index.php\/2026\/01\/28\/imponen-prision-preventiva-contra-militar-imputado-por-muerte-de-joven-en-el-mirador-sur\/#primaryimage"},"thumbnailUrl":"https:\/\/bombazoinformativo.com\/wp-content\/uploads\/2026\/01\/sddefault.jpg","keywords":["Mirador Sur","Prisi\u00f3n Preventiva"],"articleSection":["Justicia"],"inLanguage":"es-DO","potentialAction":[{"@type":"CommentAction","name":"Comment","target":["https:\/\/bombazoinformativo.com\/index.php\/2026\/01\/28\/imponen-prision-preventiva-contra-militar-imputado-por-muerte-de-joven-en-el-mirador-sur\/#respond"]}]},{"@type":"WebPage","@id":"https:\/\/bombazoinformativo.com\/index.php\/2026\/01\/28\/imponen-prision-preventiva-contra-militar-imputado-por-muerte-de-joven-en-el-mirador-sur\/","url":"https:\/\/bombazoinformativo.com\/index.php\/2026\/01\/28\/imponen-prision-preventiva-contra-militar-imputado-por-muerte-de-joven-en-el-mirador-sur\/","name":"Imponen prisi\u00f3n preventiva contra militar imputado por muerte de joven en el Mirador Sur - Bombazo Informativo","isPartOf":{"@id":"https:\/\/bombazoinformativo.com\/#website"},"primaryImageOfPage":{"@id":"https:\/\/bombazoinformativo.com\/index.php\/2026\/01\/28\/imponen-prision-preventiva-contra-militar-imputado-por-muerte-de-joven-en-el-mirador-sur\/#primaryimage"},"image":{"@id":"https:\/\/bombazoinformativo.com\/index.php\/2026\/01\/28\/imponen-prision-preventiva-contra-militar-imputado-por-muerte-de-joven-en-el-mirador-sur\/#primaryimage"},"thumbnailUrl":"https:\/\/bombazoinformativo.com\/wp-content\/uploads\/2026\/01\/sddefault.jpg","datePublished":"2026-01-28T18:28:04+00:00","dateModified":"2026-01-28T18:28:05+00:00","description":"A solicitud del Ministerio P\u00fablico, un tribunal del Distrito Nacional impuso tres meses de prisi\u00f3n preventiva, como medida de coerci\u00f3n, contra un teniente coronel del Ej\u00e9rcito imputado por la muerte de una joven, en un hecho ocurrido el pasado domingo, 25 de enero, en el parque Mirador Sur del Distrito Nacional.","breadcrumb":{"@id":"https:\/\/bombazoinformativo.com\/index.php\/2026\/01\/28\/imponen-prision-preventiva-contra-militar-imputado-por-muerte-de-joven-en-el-mirador-sur\/#breadcrumb"},"inLanguage":"es-DO","potentialAction":[{"@type":"ReadAction","target":["https:\/\/bombazoinformativo.com\/index.php\/2026\/01\/28\/imponen-prision-preventiva-contra-militar-imputado-por-muerte-de-joven-en-el-mirador-sur\/"]}]},{"@type":"ImageObject","inLanguage":"es-DO","@id":"https:\/\/bombazoinformativo.com\/index.php\/2026\/01\/28\/imponen-prision-preventiva-contra-militar-imputado-por-muerte-de-joven-en-el-mirador-sur\/#primaryimage","url":"https:\/\/bombazoinformativo.com\/wp-content\/uploads\/2026\/01\/sddefault.jpg","contentUrl":"https:\/\/bombazoinformativo.com\/wp-content\/uploads\/2026\/01\/sddefault.jpg","width":640,"height":480},{"@type":"BreadcrumbList","@id":"https:\/\/bombazoinformativo.com\/index.php\/2026\/01\/28\/imponen-prision-preventiva-contra-militar-imputado-por-muerte-de-joven-en-el-mirador-sur\/#breadcrumb","itemListElement":[{"@type":"ListItem","position":1,"name":"Home","item":"https:\/\/bombazoinformativo.com\/"},{"@type":"ListItem","position":2,"name":"Imponen prisi\u00f3n preventiva contra militar imputado por muerte de joven en el Mirador Sur"}]},{"@type":"WebSite","@id":"https:\/\/bombazoinformativo.com\/#website","url":"https:\/\/bombazoinformativo.com\/","name":"Bombazo Informativo","description":"En el Bombazo Informativo tenemos el objetivo de brindarte informaciones veraces, con claridad y objetividad.","publisher":{"@id":"https:\/\/bombazoinformativo.com\/#organization"},"potentialAction":[{"@type":"SearchAction","target":{"@type":"EntryPoint","urlTemplate":"https:\/\/bombazoinformativo.com\/?s={search_term_string}"},"query-input":{"@type":"PropertyValueSpecification","valueRequired":true,"valueName":"search_term_string"}}],"inLanguage":"es-DO"},{"@type":"Organization","@id":"https:\/\/bombazoinformativo.com\/#organization","name":"Bombazo Informativo","url":"https:\/\/bombazoinformativo.com\/","logo":{"@type":"ImageObject","inLanguage":"es-DO","@id":"https:\/\/bombazoinformativo.com\/#\/schema\/logo\/image\/","url":"https:\/\/bombazoinformativo.com\/wp-content\/uploads\/2024\/11\/cropped-WhatsApp-Image-2024-11-29-at-12.01.48-PM.jpeg","contentUrl":"https:\/\/bombazoinformativo.com\/wp-content\/uploads\/2024\/11\/cropped-WhatsApp-Image-2024-11-29-at-12.01.48-PM.jpeg","width":1599,"height":315,"caption":"Bombazo Informativo"},"image":{"@id":"https:\/\/bombazoinformativo.com\/#\/schema\/logo\/image\/"}},{"@type":"Person","@id":"https:\/\/bombazoinformativo.com\/#\/schema\/person\/8a14f30019ce669c2ff632f56c95babc","name":"Bombazo Informativo","image":{"@type":"ImageObject","inLanguage":"es-DO","@id":"https:\/\/bombazoinformativo.com\/wp-content\/litespeed\/avatar\/b076bbe918e43ad70d1f99495fbecd83.jpg?ver=1777262154","url":"https:\/\/bombazoinformativo.com\/wp-content\/litespeed\/avatar\/b076bbe918e43ad70d1f99495fbecd83.jpg?ver=1777262154","contentUrl":"https:\/\/bombazoinformativo.com\/wp-content\/litespeed\/avatar\/b076bbe918e43ad70d1f99495fbecd83.jpg?ver=1777262154","caption":"Bombazo Informativo"},"url":"https:\/\/bombazoinformativo.com\/index.php\/author\/bombazo-informativo\/"}]}},"jetpack_featured_media_url":"https:\/\/bombazoinformativo.com\/wp-content\/uploads\/2026\/01\/sddefault.jpg","jetpack_sharing_enabled":true,"_links":{"self":[{"href":"https:\/\/bombazoinformativo.com\/index.php\/wp-json\/wp\/v2\/posts\/6908","targetHints":{"allow":["GET"]}}],"collection":[{"href":"https:\/\/bombazoinformativo.com\/index.php\/wp-json\/wp\/v2\/posts"}],"about":[{"href":"https:\/\/bombazoinformativo.com\/index.php\/wp-json\/wp\/v2\/types\/post"}],"author":[{"embeddable":true,"href":"https:\/\/bombazoinformativo.com\/index.php\/wp-json\/wp\/v2\/users\/4"}],"replies":[{"embeddable":true,"href":"https:\/\/bombazoinformativo.com\/index.php\/wp-json\/wp\/v2\/comments?post=6908"}],"version-history":[{"count":1,"href":"https:\/\/bombazoinformativo.com\/index.php\/wp-json\/wp\/v2\/posts\/6908\/revisions"}],"predecessor-version":[{"id":6910,"href":"https:\/\/bombazoinformativo.com\/index.php\/wp-json\/wp\/v2\/posts\/6908\/revisions\/6910"}],"wp:featuredmedia":[{"embeddable":true,"href":"https:\/\/bombazoinformativo.com\/index.php\/wp-json\/wp\/v2\/media\/6909"}],"wp:attachment":[{"href":"https:\/\/bombazoinformativo.com\/index.php\/wp-json\/wp\/v2\/media?parent=6908"}],"wp:term":[{"taxonomy":"category","embeddable":true,"href":"https:\/\/bombazoinformativo.com\/index.php\/wp-json\/wp\/v2\/categories?post=6908"},{"taxonomy":"post_tag","embeddable":true,"href":"https:\/\/bombazoinformativo.com\/index.php\/wp-json\/wp\/v2\/tags?post=6908"}],"curies":[{"name":"wp","href":"https:\/\/api.w.org\/{rel}","templated":true}]}}