{"id":6902,"date":"2026-01-28T14:03:50","date_gmt":"2026-01-28T18:03:50","guid":{"rendered":"https:\/\/bombazoinformativo.com\/?p=6902"},"modified":"2026-01-28T14:03:51","modified_gmt":"2026-01-28T18:03:51","slug":"policia-nacional-precisa-herida-presenta-la-demente-fue-accidental-y-denuncia-de-asalto-resulto-falsa","status":"publish","type":"post","link":"https:\/\/bombazoinformativo.com\/index.php\/2026\/01\/28\/policia-nacional-precisa-herida-presenta-la-demente-fue-accidental-y-denuncia-de-asalto-resulto-falsa\/","title":{"rendered":"Polic\u00eda Nacional precisa herida presenta \"La Demente\" fue accidental y denuncia de asalto result\u00f3 falsa"},"content":{"rendered":"\n<p>La Polic\u00eda Nacional inform\u00f3 que, tras un exhaustivo proceso investigativo, fue comprobada como falsa la denuncia de asalto realizada por la nombrada Esteisis Pe\u00f1a Santana (a) \u201cLa Demente\u201d, de 21 a\u00f1os de edad, versi\u00f3n que se hab\u00eda viralizado en redes sociales.<\/p>\n\n\n\n<p>Las pesquisas, realizadas por miembros de la Direcci\u00f3n Central de Investigaci\u00f3n (DICRIM), determinaron que la joven se ocasion\u00f3 de manera accidental una herida por proyectil de arma de fuego, mientras se desplazaba en la parte trasera de una motocicleta en horas de la madrugada del pasado 26 de enero, utilizando un arma de fuego ilegal que portaba.<\/p>\n\n\n\n<p>El hecho se registr\u00f3 en la avenida Duarte Vieja, pr\u00f3ximo, sector Olimpo, Santo<br>Domingo Oeste, cuando viajaba en la parte trasera de la motocicleta marca<br>SUZUKI, AX100, roja, Placa; K2269565.<\/p>\n\n\n\n<p>La conclusi\u00f3n se sustenta en testimonios coincidentes de las personas que la acompa\u00f1aban, as\u00ed como en leva<\/p>\n","protected":false},"excerpt":{"rendered":"<p>La Polic\u00eda Nacional inform\u00f3 que, tras un exhaustivo proceso investigativo, fue comprobada como falsa la denuncia de asalto realizada por la nombrada Esteisis Pe\u00f1a Santana (a) \u201cLa Demente\u201d, de 21 a\u00f1os de edad, versi\u00f3n que se hab\u00eda viralizado en redes sociales. Las pesquisas, realizadas por miembros de la Direcci\u00f3n Central de Investigaci\u00f3n (DICRIM), determinaron que&#8230;<\/p>\n","protected":false},"author":4,"featured_media":6903,"comment_status":"open","ping_status":"open","sticky":false,"template":"","format":"standard","meta":{"_jetpack_memberships_contains_paid_content":false,"footnotes":""},"categories":[20],"tags":[1002,131,2937,2781],"class_list":["post-6902","post","type-post","status-publish","format-standard","has-post-thumbnail","hentry","category-justicia","tag-asalto","tag-denuncia","tag-la-demente","tag-policia-nacional-2"],"yoast_head":"<!-- This site is optimized with the Yoast SEO plugin v27.5 - https:\/\/yoast.com\/product\/yoast-seo-wordpress\/ -->\n<title>Polic\u00eda Nacional precisa herida presenta &quot;La Demente&quot; fue accidental y denuncia de asalto result\u00f3 falsa - Bombazo Informativo<\/title>\n<meta name=\"description\" content=\"La Polic\u00eda Nacional inform\u00f3 que, tras un exhaustivo proceso investigativo, fue comprobada como falsa la denuncia de asalto realizada por la nombrada Esteisis Pe\u00f1a Santana (a) \u201cLa Demente\u201d, de 21 a\u00f1os de edad, versi\u00f3n que se hab\u00eda viralizado en redes sociales.\" \/>\n<meta name=\"robots\" content=\"index, follow, max-snippet:-1, max-image-preview:large, max-video-preview:-1\" \/>\n<link rel=\"canonical\" href=\"https:\/\/bombazoinformativo.com\/index.php\/2026\/01\/28\/policia-nacional-precisa-herida-presenta-la-demente-fue-accidental-y-denuncia-de-asalto-resulto-falsa\/\" \/>\n<meta property=\"og:locale\" content=\"es_ES\" \/>\n<meta property=\"og:type\" content=\"article\" \/>\n<meta property=\"og:title\" content=\"Polic\u00eda Nacional precisa herida presenta &quot;La Demente&quot; fue accidental y denuncia de asalto result\u00f3 falsa - Bombazo Informativo\" \/>\n<meta property=\"og:description\" content=\"La Polic\u00eda Nacional inform\u00f3 que, tras un exhaustivo proceso investigativo, fue comprobada como falsa la denuncia de asalto realizada por la nombrada Esteisis Pe\u00f1a Santana (a) \u201cLa Demente\u201d, de 21 a\u00f1os de edad, versi\u00f3n que se hab\u00eda viralizado en redes sociales.\" \/>\n<meta property=\"og:url\" content=\"https:\/\/bombazoinformativo.com\/index.php\/2026\/01\/28\/policia-nacional-precisa-herida-presenta-la-demente-fue-accidental-y-denuncia-de-asalto-resulto-falsa\/\" \/>\n<meta property=\"og:site_name\" content=\"Bombazo Informativo\" \/>\n<meta property=\"article:published_time\" content=\"2026-01-28T18:03:50+00:00\" \/>\n<meta property=\"article:modified_time\" content=\"2026-01-28T18:03:51+00:00\" \/>\n<meta property=\"og:image\" content=\"https:\/\/bombazoinformativo.com\/wp-content\/uploads\/2026\/01\/la-demente-2-e1651776043414-524x375-1.jpg\" \/>\n\t<meta property=\"og:image:width\" content=\"524\" \/>\n\t<meta property=\"og:image:height\" content=\"375\" \/>\n\t<meta property=\"og:image:type\" content=\"image\/jpeg\" \/>\n<meta name=\"author\" content=\"Bombazo Informativo\" \/>\n<meta name=\"twitter:card\" content=\"summary_large_image\" \/>\n<meta name=\"twitter:label1\" content=\"Written by\" \/>\n\t<meta name=\"twitter:data1\" content=\"Bombazo Informativo\" \/>\n\t<meta name=\"twitter:label2\" content=\"Est. reading time\" \/>\n\t<meta name=\"twitter:data2\" content=\"1 minuto\" \/>\n<script type=\"application\/ld+json\" class=\"yoast-schema-graph\">{\"@context\":\"https:\\\/\\\/schema.org\",\"@graph\":[{\"@type\":\"Article\",\"@id\":\"https:\\\/\\\/bombazoinformativo.com\\\/index.php\\\/2026\\\/01\\\/28\\\/policia-nacional-precisa-herida-presenta-la-demente-fue-accidental-y-denuncia-de-asalto-resulto-falsa\\\/#article\",\"isPartOf\":{\"@id\":\"https:\\\/\\\/bombazoinformativo.com\\\/index.php\\\/2026\\\/01\\\/28\\\/policia-nacional-precisa-herida-presenta-la-demente-fue-accidental-y-denuncia-de-asalto-resulto-falsa\\\/\"},\"author\":{\"name\":\"Bombazo Informativo\",\"@id\":\"https:\\\/\\\/bombazoinformativo.com\\\/#\\\/schema\\\/person\\\/8a14f30019ce669c2ff632f56c95babc\"},\"headline\":\"Polic\u00eda Nacional precisa herida presenta \\\"La Demente\\\" fue accidental y denuncia de asalto result\u00f3 falsa\",\"datePublished\":\"2026-01-28T18:03:50+00:00\",\"dateModified\":\"2026-01-28T18:03:51+00:00\",\"mainEntityOfPage\":{\"@id\":\"https:\\\/\\\/bombazoinformativo.com\\\/index.php\\\/2026\\\/01\\\/28\\\/policia-nacional-precisa-herida-presenta-la-demente-fue-accidental-y-denuncia-de-asalto-resulto-falsa\\\/\"},\"wordCount\":167,\"commentCount\":0,\"publisher\":{\"@id\":\"https:\\\/\\\/bombazoinformativo.com\\\/#organization\"},\"image\":{\"@id\":\"https:\\\/\\\/bombazoinformativo.com\\\/index.php\\\/2026\\\/01\\\/28\\\/policia-nacional-precisa-herida-presenta-la-demente-fue-accidental-y-denuncia-de-asalto-resulto-falsa\\\/#primaryimage\"},\"thumbnailUrl\":\"https:\\\/\\\/bombazoinformativo.com\\\/wp-content\\\/uploads\\\/2026\\\/01\\\/la-demente-2-e1651776043414-524x375-1.jpg\",\"keywords\":[\"Asalto\",\"Denuncia\",\"La demente\",\"Policia Nacional\"],\"articleSection\":[\"Justicia\"],\"inLanguage\":\"es-DO\",\"potentialAction\":[{\"@type\":\"CommentAction\",\"name\":\"Comment\",\"target\":[\"https:\\\/\\\/bombazoinformativo.com\\\/index.php\\\/2026\\\/01\\\/28\\\/policia-nacional-precisa-herida-presenta-la-demente-fue-accidental-y-denuncia-de-asalto-resulto-falsa\\\/#respond\"]}]},{\"@type\":\"WebPage\",\"@id\":\"https:\\\/\\\/bombazoinformativo.com\\\/index.php\\\/2026\\\/01\\\/28\\\/policia-nacional-precisa-herida-presenta-la-demente-fue-accidental-y-denuncia-de-asalto-resulto-falsa\\\/\",\"url\":\"https:\\\/\\\/bombazoinformativo.com\\\/index.php\\\/2026\\\/01\\\/28\\\/policia-nacional-precisa-herida-presenta-la-demente-fue-accidental-y-denuncia-de-asalto-resulto-falsa\\\/\",\"name\":\"Polic\u00eda Nacional precisa herida presenta \\\"La Demente\\\" fue accidental y denuncia de asalto result\u00f3 falsa - Bombazo Informativo\",\"isPartOf\":{\"@id\":\"https:\\\/\\\/bombazoinformativo.com\\\/#website\"},\"primaryImageOfPage\":{\"@id\":\"https:\\\/\\\/bombazoinformativo.com\\\/index.php\\\/2026\\\/01\\\/28\\\/policia-nacional-precisa-herida-presenta-la-demente-fue-accidental-y-denuncia-de-asalto-resulto-falsa\\\/#primaryimage\"},\"image\":{\"@id\":\"https:\\\/\\\/bombazoinformativo.com\\\/index.php\\\/2026\\\/01\\\/28\\\/policia-nacional-precisa-herida-presenta-la-demente-fue-accidental-y-denuncia-de-asalto-resulto-falsa\\\/#primaryimage\"},\"thumbnailUrl\":\"https:\\\/\\\/bombazoinformativo.com\\\/wp-content\\\/uploads\\\/2026\\\/01\\\/la-demente-2-e1651776043414-524x375-1.jpg\",\"datePublished\":\"2026-01-28T18:03:50+00:00\",\"dateModified\":\"2026-01-28T18:03:51+00:00\",\"description\":\"La Polic\u00eda Nacional inform\u00f3 que, tras un exhaustivo proceso investigativo, fue comprobada como falsa la denuncia de asalto realizada por la nombrada Esteisis Pe\u00f1a Santana (a) \u201cLa Demente\u201d, de 21 a\u00f1os de edad, versi\u00f3n que se hab\u00eda viralizado en redes sociales.\",\"breadcrumb\":{\"@id\":\"https:\\\/\\\/bombazoinformativo.com\\\/index.php\\\/2026\\\/01\\\/28\\\/policia-nacional-precisa-herida-presenta-la-demente-fue-accidental-y-denuncia-de-asalto-resulto-falsa\\\/#breadcrumb\"},\"inLanguage\":\"es-DO\",\"potentialAction\":[{\"@type\":\"ReadAction\",\"target\":[\"https:\\\/\\\/bombazoinformativo.com\\\/index.php\\\/2026\\\/01\\\/28\\\/policia-nacional-precisa-herida-presenta-la-demente-fue-accidental-y-denuncia-de-asalto-resulto-falsa\\\/\"]}]},{\"@type\":\"ImageObject\",\"inLanguage\":\"es-DO\",\"@id\":\"https:\\\/\\\/bombazoinformativo.com\\\/index.php\\\/2026\\\/01\\\/28\\\/policia-nacional-precisa-herida-presenta-la-demente-fue-accidental-y-denuncia-de-asalto-resulto-falsa\\\/#primaryimage\",\"url\":\"https:\\\/\\\/bombazoinformativo.com\\\/wp-content\\\/uploads\\\/2026\\\/01\\\/la-demente-2-e1651776043414-524x375-1.jpg\",\"contentUrl\":\"https:\\\/\\\/bombazoinformativo.com\\\/wp-content\\\/uploads\\\/2026\\\/01\\\/la-demente-2-e1651776043414-524x375-1.jpg\",\"width\":524,\"height\":375},{\"@type\":\"BreadcrumbList\",\"@id\":\"https:\\\/\\\/bombazoinformativo.com\\\/index.php\\\/2026\\\/01\\\/28\\\/policia-nacional-precisa-herida-presenta-la-demente-fue-accidental-y-denuncia-de-asalto-resulto-falsa\\\/#breadcrumb\",\"itemListElement\":[{\"@type\":\"ListItem\",\"position\":1,\"name\":\"Home\",\"item\":\"https:\\\/\\\/bombazoinformativo.com\\\/\"},{\"@type\":\"ListItem\",\"position\":2,\"name\":\"Polic\u00eda Nacional precisa herida presenta \\\"La Demente\\\" fue accidental y denuncia de asalto result\u00f3 falsa\"}]},{\"@type\":\"WebSite\",\"@id\":\"https:\\\/\\\/bombazoinformativo.com\\\/#website\",\"url\":\"https:\\\/\\\/bombazoinformativo.com\\\/\",\"name\":\"Bombazo Informativo\",\"description\":\"En el Bombazo Informativo tenemos el objetivo de brindarte informaciones veraces, con claridad y objetividad.\",\"publisher\":{\"@id\":\"https:\\\/\\\/bombazoinformativo.com\\\/#organization\"},\"potentialAction\":[{\"@type\":\"SearchAction\",\"target\":{\"@type\":\"EntryPoint\",\"urlTemplate\":\"https:\\\/\\\/bombazoinformativo.com\\\/?s={search_term_string}\"},\"query-input\":{\"@type\":\"PropertyValueSpecification\",\"valueRequired\":true,\"valueName\":\"search_term_string\"}}],\"inLanguage\":\"es-DO\"},{\"@type\":\"Organization\",\"@id\":\"https:\\\/\\\/bombazoinformativo.com\\\/#organization\",\"name\":\"Bombazo Informativo\",\"url\":\"https:\\\/\\\/bombazoinformativo.com\\\/\",\"logo\":{\"@type\":\"ImageObject\",\"inLanguage\":\"es-DO\",\"@id\":\"https:\\\/\\\/bombazoinformativo.com\\\/#\\\/schema\\\/logo\\\/image\\\/\",\"url\":\"https:\\\/\\\/bombazoinformativo.com\\\/wp-content\\\/uploads\\\/2024\\\/11\\\/cropped-WhatsApp-Image-2024-11-29-at-12.01.48-PM.jpeg\",\"contentUrl\":\"https:\\\/\\\/bombazoinformativo.com\\\/wp-content\\\/uploads\\\/2024\\\/11\\\/cropped-WhatsApp-Image-2024-11-29-at-12.01.48-PM.jpeg\",\"width\":1599,\"height\":315,\"caption\":\"Bombazo Informativo\"},\"image\":{\"@id\":\"https:\\\/\\\/bombazoinformativo.com\\\/#\\\/schema\\\/logo\\\/image\\\/\"}},{\"@type\":\"Person\",\"@id\":\"https:\\\/\\\/bombazoinformativo.com\\\/#\\\/schema\\\/person\\\/8a14f30019ce669c2ff632f56c95babc\",\"name\":\"Bombazo Informativo\",\"image\":{\"@type\":\"ImageObject\",\"inLanguage\":\"es-DO\",\"@id\":\"https:\\\/\\\/bombazoinformativo.com\\\/wp-content\\\/litespeed\\\/avatar\\\/b076bbe918e43ad70d1f99495fbecd83.jpg?ver=1777262154\",\"url\":\"https:\\\/\\\/bombazoinformativo.com\\\/wp-content\\\/litespeed\\\/avatar\\\/b076bbe918e43ad70d1f99495fbecd83.jpg?ver=1777262154\",\"contentUrl\":\"https:\\\/\\\/bombazoinformativo.com\\\/wp-content\\\/litespeed\\\/avatar\\\/b076bbe918e43ad70d1f99495fbecd83.jpg?ver=1777262154\",\"caption\":\"Bombazo Informativo\"},\"url\":\"https:\\\/\\\/bombazoinformativo.com\\\/index.php\\\/author\\\/bombazo-informativo\\\/\"}]}<\/script>\n<!-- \/ Yoast SEO plugin. -->","yoast_head_json":{"title":"Polic\u00eda Nacional precisa herida presenta \"La Demente\" fue accidental y denuncia de asalto result\u00f3 falsa - Bombazo Informativo","description":"La Polic\u00eda Nacional inform\u00f3 que, tras un exhaustivo proceso investigativo, fue comprobada como falsa la denuncia de asalto realizada por la nombrada Esteisis Pe\u00f1a Santana (a) \u201cLa Demente\u201d, de 21 a\u00f1os de edad, versi\u00f3n que se hab\u00eda viralizado en redes sociales.","robots":{"index":"index","follow":"follow","max-snippet":"max-snippet:-1","max-image-preview":"max-image-preview:large","max-video-preview":"max-video-preview:-1"},"canonical":"https:\/\/bombazoinformativo.com\/index.php\/2026\/01\/28\/policia-nacional-precisa-herida-presenta-la-demente-fue-accidental-y-denuncia-de-asalto-resulto-falsa\/","og_locale":"es_ES","og_type":"article","og_title":"Polic\u00eda Nacional precisa herida presenta \"La Demente\" fue accidental y denuncia de asalto result\u00f3 falsa - Bombazo Informativo","og_description":"La Polic\u00eda Nacional inform\u00f3 que, tras un exhaustivo proceso investigativo, fue comprobada como falsa la denuncia de asalto realizada por la nombrada Esteisis Pe\u00f1a Santana (a) \u201cLa Demente\u201d, de 21 a\u00f1os de edad, versi\u00f3n que se hab\u00eda viralizado en redes sociales.","og_url":"https:\/\/bombazoinformativo.com\/index.php\/2026\/01\/28\/policia-nacional-precisa-herida-presenta-la-demente-fue-accidental-y-denuncia-de-asalto-resulto-falsa\/","og_site_name":"Bombazo Informativo","article_published_time":"2026-01-28T18:03:50+00:00","article_modified_time":"2026-01-28T18:03:51+00:00","og_image":[{"width":524,"height":375,"url":"https:\/\/bombazoinformativo.com\/wp-content\/uploads\/2026\/01\/la-demente-2-e1651776043414-524x375-1.jpg","type":"image\/jpeg"}],"author":"Bombazo Informativo","twitter_card":"summary_large_image","twitter_misc":{"Written by":"Bombazo Informativo","Est. reading time":"1 minuto"},"schema":{"@context":"https:\/\/schema.org","@graph":[{"@type":"Article","@id":"https:\/\/bombazoinformativo.com\/index.php\/2026\/01\/28\/policia-nacional-precisa-herida-presenta-la-demente-fue-accidental-y-denuncia-de-asalto-resulto-falsa\/#article","isPartOf":{"@id":"https:\/\/bombazoinformativo.com\/index.php\/2026\/01\/28\/policia-nacional-precisa-herida-presenta-la-demente-fue-accidental-y-denuncia-de-asalto-resulto-falsa\/"},"author":{"name":"Bombazo Informativo","@id":"https:\/\/bombazoinformativo.com\/#\/schema\/person\/8a14f30019ce669c2ff632f56c95babc"},"headline":"Polic\u00eda Nacional precisa herida presenta \"La Demente\" fue accidental y denuncia de asalto result\u00f3 falsa","datePublished":"2026-01-28T18:03:50+00:00","dateModified":"2026-01-28T18:03:51+00:00","mainEntityOfPage":{"@id":"https:\/\/bombazoinformativo.com\/index.php\/2026\/01\/28\/policia-nacional-precisa-herida-presenta-la-demente-fue-accidental-y-denuncia-de-asalto-resulto-falsa\/"},"wordCount":167,"commentCount":0,"publisher":{"@id":"https:\/\/bombazoinformativo.com\/#organization"},"image":{"@id":"https:\/\/bombazoinformativo.com\/index.php\/2026\/01\/28\/policia-nacional-precisa-herida-presenta-la-demente-fue-accidental-y-denuncia-de-asalto-resulto-falsa\/#primaryimage"},"thumbnailUrl":"https:\/\/bombazoinformativo.com\/wp-content\/uploads\/2026\/01\/la-demente-2-e1651776043414-524x375-1.jpg","keywords":["Asalto","Denuncia","La demente","Policia Nacional"],"articleSection":["Justicia"],"inLanguage":"es-DO","potentialAction":[{"@type":"CommentAction","name":"Comment","target":["https:\/\/bombazoinformativo.com\/index.php\/2026\/01\/28\/policia-nacional-precisa-herida-presenta-la-demente-fue-accidental-y-denuncia-de-asalto-resulto-falsa\/#respond"]}]},{"@type":"WebPage","@id":"https:\/\/bombazoinformativo.com\/index.php\/2026\/01\/28\/policia-nacional-precisa-herida-presenta-la-demente-fue-accidental-y-denuncia-de-asalto-resulto-falsa\/","url":"https:\/\/bombazoinformativo.com\/index.php\/2026\/01\/28\/policia-nacional-precisa-herida-presenta-la-demente-fue-accidental-y-denuncia-de-asalto-resulto-falsa\/","name":"Polic\u00eda Nacional precisa herida presenta \"La Demente\" fue accidental y denuncia de asalto result\u00f3 falsa - Bombazo Informativo","isPartOf":{"@id":"https:\/\/bombazoinformativo.com\/#website"},"primaryImageOfPage":{"@id":"https:\/\/bombazoinformativo.com\/index.php\/2026\/01\/28\/policia-nacional-precisa-herida-presenta-la-demente-fue-accidental-y-denuncia-de-asalto-resulto-falsa\/#primaryimage"},"image":{"@id":"https:\/\/bombazoinformativo.com\/index.php\/2026\/01\/28\/policia-nacional-precisa-herida-presenta-la-demente-fue-accidental-y-denuncia-de-asalto-resulto-falsa\/#primaryimage"},"thumbnailUrl":"https:\/\/bombazoinformativo.com\/wp-content\/uploads\/2026\/01\/la-demente-2-e1651776043414-524x375-1.jpg","datePublished":"2026-01-28T18:03:50+00:00","dateModified":"2026-01-28T18:03:51+00:00","description":"La Polic\u00eda Nacional inform\u00f3 que, tras un exhaustivo proceso investigativo, fue comprobada como falsa la denuncia de asalto realizada por la nombrada Esteisis Pe\u00f1a Santana (a) \u201cLa Demente\u201d, de 21 a\u00f1os de edad, versi\u00f3n que se hab\u00eda viralizado en redes sociales.","breadcrumb":{"@id":"https:\/\/bombazoinformativo.com\/index.php\/2026\/01\/28\/policia-nacional-precisa-herida-presenta-la-demente-fue-accidental-y-denuncia-de-asalto-resulto-falsa\/#breadcrumb"},"inLanguage":"es-DO","potentialAction":[{"@type":"ReadAction","target":["https:\/\/bombazoinformativo.com\/index.php\/2026\/01\/28\/policia-nacional-precisa-herida-presenta-la-demente-fue-accidental-y-denuncia-de-asalto-resulto-falsa\/"]}]},{"@type":"ImageObject","inLanguage":"es-DO","@id":"https:\/\/bombazoinformativo.com\/index.php\/2026\/01\/28\/policia-nacional-precisa-herida-presenta-la-demente-fue-accidental-y-denuncia-de-asalto-resulto-falsa\/#primaryimage","url":"https:\/\/bombazoinformativo.com\/wp-content\/uploads\/2026\/01\/la-demente-2-e1651776043414-524x375-1.jpg","contentUrl":"https:\/\/bombazoinformativo.com\/wp-content\/uploads\/2026\/01\/la-demente-2-e1651776043414-524x375-1.jpg","width":524,"height":375},{"@type":"BreadcrumbList","@id":"https:\/\/bombazoinformativo.com\/index.php\/2026\/01\/28\/policia-nacional-precisa-herida-presenta-la-demente-fue-accidental-y-denuncia-de-asalto-resulto-falsa\/#breadcrumb","itemListElement":[{"@type":"ListItem","position":1,"name":"Home","item":"https:\/\/bombazoinformativo.com\/"},{"@type":"ListItem","position":2,"name":"Polic\u00eda Nacional precisa herida presenta \"La Demente\" fue accidental y denuncia de asalto result\u00f3 falsa"}]},{"@type":"WebSite","@id":"https:\/\/bombazoinformativo.com\/#website","url":"https:\/\/bombazoinformativo.com\/","name":"Bombazo Informativo","description":"En el Bombazo Informativo tenemos el objetivo de brindarte informaciones veraces, con claridad y objetividad.","publisher":{"@id":"https:\/\/bombazoinformativo.com\/#organization"},"potentialAction":[{"@type":"SearchAction","target":{"@type":"EntryPoint","urlTemplate":"https:\/\/bombazoinformativo.com\/?s={search_term_string}"},"query-input":{"@type":"PropertyValueSpecification","valueRequired":true,"valueName":"search_term_string"}}],"inLanguage":"es-DO"},{"@type":"Organization","@id":"https:\/\/bombazoinformativo.com\/#organization","name":"Bombazo Informativo","url":"https:\/\/bombazoinformativo.com\/","logo":{"@type":"ImageObject","inLanguage":"es-DO","@id":"https:\/\/bombazoinformativo.com\/#\/schema\/logo\/image\/","url":"https:\/\/bombazoinformativo.com\/wp-content\/uploads\/2024\/11\/cropped-WhatsApp-Image-2024-11-29-at-12.01.48-PM.jpeg","contentUrl":"https:\/\/bombazoinformativo.com\/wp-content\/uploads\/2024\/11\/cropped-WhatsApp-Image-2024-11-29-at-12.01.48-PM.jpeg","width":1599,"height":315,"caption":"Bombazo Informativo"},"image":{"@id":"https:\/\/bombazoinformativo.com\/#\/schema\/logo\/image\/"}},{"@type":"Person","@id":"https:\/\/bombazoinformativo.com\/#\/schema\/person\/8a14f30019ce669c2ff632f56c95babc","name":"Bombazo Informativo","image":{"@type":"ImageObject","inLanguage":"es-DO","@id":"https:\/\/bombazoinformativo.com\/wp-content\/litespeed\/avatar\/b076bbe918e43ad70d1f99495fbecd83.jpg?ver=1777262154","url":"https:\/\/bombazoinformativo.com\/wp-content\/litespeed\/avatar\/b076bbe918e43ad70d1f99495fbecd83.jpg?ver=1777262154","contentUrl":"https:\/\/bombazoinformativo.com\/wp-content\/litespeed\/avatar\/b076bbe918e43ad70d1f99495fbecd83.jpg?ver=1777262154","caption":"Bombazo Informativo"},"url":"https:\/\/bombazoinformativo.com\/index.php\/author\/bombazo-informativo\/"}]}},"jetpack_featured_media_url":"https:\/\/bombazoinformativo.com\/wp-content\/uploads\/2026\/01\/la-demente-2-e1651776043414-524x375-1.jpg","jetpack_sharing_enabled":true,"_links":{"self":[{"href":"https:\/\/bombazoinformativo.com\/index.php\/wp-json\/wp\/v2\/posts\/6902","targetHints":{"allow":["GET"]}}],"collection":[{"href":"https:\/\/bombazoinformativo.com\/index.php\/wp-json\/wp\/v2\/posts"}],"about":[{"href":"https:\/\/bombazoinformativo.com\/index.php\/wp-json\/wp\/v2\/types\/post"}],"author":[{"embeddable":true,"href":"https:\/\/bombazoinformativo.com\/index.php\/wp-json\/wp\/v2\/users\/4"}],"replies":[{"embeddable":true,"href":"https:\/\/bombazoinformativo.com\/index.php\/wp-json\/wp\/v2\/comments?post=6902"}],"version-history":[{"count":1,"href":"https:\/\/bombazoinformativo.com\/index.php\/wp-json\/wp\/v2\/posts\/6902\/revisions"}],"predecessor-version":[{"id":6904,"href":"https:\/\/bombazoinformativo.com\/index.php\/wp-json\/wp\/v2\/posts\/6902\/revisions\/6904"}],"wp:featuredmedia":[{"embeddable":true,"href":"https:\/\/bombazoinformativo.com\/index.php\/wp-json\/wp\/v2\/media\/6903"}],"wp:attachment":[{"href":"https:\/\/bombazoinformativo.com\/index.php\/wp-json\/wp\/v2\/media?parent=6902"}],"wp:term":[{"taxonomy":"category","embeddable":true,"href":"https:\/\/bombazoinformativo.com\/index.php\/wp-json\/wp\/v2\/categories?post=6902"},{"taxonomy":"post_tag","embeddable":true,"href":"https:\/\/bombazoinformativo.com\/index.php\/wp-json\/wp\/v2\/tags?post=6902"}],"curies":[{"name":"wp","href":"https:\/\/api.w.org\/{rel}","templated":true}]}}