{"id":6887,"date":"2026-01-27T09:30:05","date_gmt":"2026-01-27T13:30:05","guid":{"rendered":"https:\/\/bombazoinformativo.com\/?p=6887"},"modified":"2026-01-27T09:30:07","modified_gmt":"2026-01-27T13:30:07","slug":"jce-marca-inicio-del-nuevo-documento-de-identidad-con-entrega-de-la-primera-cedula-al-presidente-abinader","status":"publish","type":"post","link":"https:\/\/bombazoinformativo.com\/index.php\/2026\/01\/27\/jce-marca-inicio-del-nuevo-documento-de-identidad-con-entrega-de-la-primera-cedula-al-presidente-abinader\/","title":{"rendered":"JCE marca inicio del nuevo documento de identidad con entrega de la primera c\u00e9dula al presidente Abinader"},"content":{"rendered":"\n<h2 class=\"wp-block-heading\">La nueva c\u00e9dula de identidad cuenta con tecnolog\u00eda de policarbonato y 100 elementos de seguridad<\/h2>\n\n\n\n<p>Santo Domingo.\u2013 En un acto que marca el&nbsp;<strong>inicio formal&nbsp;<\/strong>de la<strong>&nbsp;renovaci\u00f3n del documento de identidad nacional<\/strong>, el presidente&nbsp;<strong>Luis Abinader<\/strong>&nbsp;y la primera dama&nbsp;<strong>Raquel Arbaje<\/strong>&nbsp;recibieron este lunes de manos de la Junta Central Electoral&nbsp;<strong>(JCE)<\/strong>&nbsp;la&nbsp;<strong>primera c\u00e9dula de identidad y electoral.<\/strong><\/p>\n\n\n\n<p>La entrega coincidi\u00f3 con el&nbsp;<strong>213\u00b0 aniversario del natalicio<\/strong>&nbsp;del padre de la patria&nbsp;<strong>Juan Pablo Duarte<\/strong>, para simbolizar un&nbsp;<strong>compromiso renovado<\/strong>&nbsp;con la&nbsp;<strong>soberan\u00eda<\/strong>&nbsp;y la&nbsp;<strong>identidad nacional segura.<\/strong><\/p>\n\n\n\n<p>La entrega oficial fue realizada por el presidente del pleno de la JCE,&nbsp;<strong>Rom\u00e1n J\u00e1quez Liranzo<\/strong>, en un encuentro que representa el arranque de la transici\u00f3n hacia un&nbsp;<strong>documento con mayores est\u00e1ndares tecnol\u00f3gicos y de seguridad<\/strong>&nbsp;para todos los ciudadanos dominicanos.<\/p>\n\n\n\n<figure class=\"wp-block-image\"><img decoding=\"async\" src=\"https:\/\/presidencia.gob.do\/sites\/default\/files\/inline-images\/1001251782.jpg\" alt=\"\"\/><\/figure>\n\n\n\n<p><strong>Presidente Abinader<\/strong><\/p>\n\n\n\n<p><strong>El presidente Abinader<\/strong>, tras recibir el carnet,&nbsp;<strong>valor\u00f3 el esfuerzo t\u00e9cnico<\/strong>&nbsp;de la Junta Central Electoral y subray\u00f3 la importancia de que cada dominicano cuente con un&nbsp;<strong>sistema de identificaci\u00f3n confiable<\/strong>&nbsp;que respalde el ejercicio de sus&nbsp;<strong>derechos civiles y pol\u00edticos.<\/strong><\/p>\n\n\n\n<p><strong>Felicit\u00f3 a la Junta Central Electoral<\/strong>&nbsp;por la iniciativa e invit\u00f3 a todos los dominicanos y dominicanas \u2014sin distinci\u00f3n de sectores, partidos, iglesias, educaci\u00f3n o sociedad\u2014 a acudir y obtenerla, ya que ofrece mayor seguridad y contribuye a una&nbsp;<strong>patria e identidad mucho m\u00e1s segura.<\/strong><\/p>\n\n\n\n<p>Asimismo,&nbsp;<strong>la primera dama Raquel Arbaje<\/strong>&nbsp;se\u00f1al\u00f3 que el nuevo documento es un muy importante y&nbsp;<strong>agradeci\u00f3 a la JCE<\/strong>&nbsp;por la entrega, al tiempo que los felicit\u00f3 por el trabajo que vienen realizando.<\/p>\n\n\n\n<p>De su lado, J\u00e1quez Liranzo manifest\u00f3 que con la entrega de este primer ejemplar al jefe de Estado y la primera dama, se inicia un&nbsp;<strong>proceso de modernizaci\u00f3n<\/strong>&nbsp;que garantiza un documento m\u00e1s seguro, robusto y alineado con las&nbsp;<strong>exigencias de los nuevos tiempos.<\/strong><\/p>\n\n\n\n<figure class=\"wp-block-image\"><img decoding=\"async\" src=\"https:\/\/presidencia.gob.do\/sites\/default\/files\/inline-images\/1001251765.jpg\" alt=\"\"\/><\/figure>\n\n\n\n<p><em>\"La entrega al presidente coincide con el natalicio de Juan Pablo Duarte como acto de simbolismo patri\u00f3tico: renueva el compromiso con una identidad segura, tecnol\u00f3gica y soberana, alineada a la visi\u00f3n duartiana de una naci\u00f3n con identidad inalienable. La nueva c\u00e9dula representa una inversi\u00f3n estrat\u00e9gica en seguridad y modernizaci\u00f3n para todos los dominicanos\",<\/em>&nbsp;expres\u00f3 el presidente de la JCE.<\/p>\n\n\n\n<p>Destac\u00f3 que se trata de una inversi\u00f3n estrat\u00e9gica para modernizar servicios p\u00fablicos, lograr&nbsp;<strong>interoperabilidad, sostenibilidad y ahorro&nbsp;<\/strong>a mediano y largo plazo gracias a su alta resistencia y durabilidad.<\/p>\n\n\n\n<p><strong>Un paso hacia la modernizaci\u00f3n institucional<\/strong><\/p>\n\n\n\n<p>Durante el acto, se destac\u00f3 que este nuevo formato de c\u00e9dula responde a la&nbsp;<strong>necesidad de actualizar la base de datos biom\u00e9trica<\/strong>&nbsp;del pa\u00eds y fortalecer la seguridad del documento,&nbsp;<strong>minimizando riesgos de suplantaci\u00f3n de identidad.<\/strong><\/p>\n\n\n\n<p><strong>Caracter\u00edsticas principales de la nueva c\u00e9dula inteligente<\/strong><\/p>\n\n\n\n<p><strong>Material&nbsp;<\/strong>compuesto por 9 l\u00e1minas de policarbonato (durabilidad hasta 25 a\u00f1os).<\/p>\n\n\n\n<p><strong>Datos grabados con l\u00e1ser (no impresos<\/strong>), usando equipo CLP 60 de \u00faltima generaci\u00f3n, lo que da&nbsp;<strong>m\u00e1xima protecci\u00f3n<\/strong>&nbsp;contra falsificaciones.<\/p>\n\n\n\n<p><strong>Fotograf\u00eda<\/strong>&nbsp;grabada en&nbsp;<strong>escala de grises<\/strong>&nbsp;(por seguridad y durabilidad); versi\u00f3n a color se almacena en bases de datos y padr\u00f3n electoral.<\/p>\n\n\n\n<figure class=\"wp-block-image\"><img decoding=\"async\" src=\"https:\/\/presidencia.gob.do\/sites\/default\/files\/inline-images\/1001251766.jpg\" alt=\"\"\/><\/figure>\n\n\n\n<p><strong>Chip integrado con criptograf\u00eda,<\/strong>&nbsp;que evita clonaci\u00f3n y falsificaci\u00f3n; permite firma digital y uso como documento de viaje de emergencia (cumple&nbsp;<strong>est\u00e1ndares OACI<\/strong>, sin reemplazar pasaporte).<\/p>\n\n\n\n<p><strong>C\u00e9dula digital (identidad digital) en celular<\/strong>&nbsp;v\u00eda aplicaci\u00f3n; obligatoria primero la f\u00edsica; \u00fatil en banca, salud (ARS), telecomunicaciones, etc.<\/p>\n\n\n\n<p>La nueva c\u00e9dula no solo es m\u00e1s resistente, sino que integra&nbsp;<strong>herramientas digitales para combatir el fraude<\/strong>. El documento cuenta con un&nbsp;<strong>chip integrado y un c\u00f3digo QR<\/strong>&nbsp;dise\u00f1ado con protocolos de encriptaci\u00f3n que solo podr\u00e1n ser le\u00eddos por la JCE, garantizando as\u00ed la&nbsp;<strong>protecci\u00f3n de los datos personales&nbsp;<\/strong>de los ciudadanos.<\/p>\n\n\n\n<p>El nuevo documento es el resultado de un proceso de&nbsp;<strong>actualizaci\u00f3n<\/strong>&nbsp;que inici\u00f3 en&nbsp;<strong>diciembre de 2024<\/strong>, con el ambicioso objetivo de emitir un total de<strong>&nbsp;9.4 millones de documentos<\/strong>. Seg\u00fan el cronograma oficial, la fase de&nbsp;<strong>cedulaci\u00f3n masiva<\/strong>&nbsp;para toda la poblaci\u00f3n est\u00e1 programada para comenzar el&nbsp;<strong>8 de abril de este a\u00f1o.<\/strong><\/p>\n\n\n\n<p>Estuvieron presentes, el presidente de la C\u00e1mara de Diputados,&nbsp;<strong>Alfredo Pacheco<\/strong>&nbsp;y el defensor del pueblo,&nbsp;<strong>Pablo Ulloa<\/strong>.<\/p>\n\n\n\n<p>Asimismo, los miembros titulares de la JCE,&nbsp;<strong>Dolores Altagracia Fern\u00e1ndez S\u00e1nchez, Samir Rafael Chami Isa: Hirayda Marcelle Fern\u00e1ndez Guzm\u00e1n y Rafael Armando Vallejo Santelises.<\/strong><\/p>\n","protected":false},"excerpt":{"rendered":"<p>La nueva c\u00e9dula de identidad cuenta con tecnolog\u00eda de policarbonato y 100 elementos de seguridad Santo Domingo.\u2013 En un acto que marca el&nbsp;inicio formal&nbsp;de la&nbsp;renovaci\u00f3n del documento de identidad nacional, el presidente&nbsp;Luis Abinader&nbsp;y la primera dama&nbsp;Raquel Arbaje&nbsp;recibieron este lunes de manos de la Junta Central Electoral&nbsp;(JCE)&nbsp;la&nbsp;primera c\u00e9dula de identidad y electoral. La entrega coincidi\u00f3 con&#8230;<\/p>\n","protected":false},"author":4,"featured_media":6888,"comment_status":"open","ping_status":"open","sticky":false,"template":"","format":"standard","meta":{"_jetpack_memberships_contains_paid_content":false,"footnotes":""},"categories":[24],"tags":[1672,98,107,130],"class_list":["post-6887","post","type-post","status-publish","format-standard","has-post-thumbnail","hentry","category-nacionales","tag-cedula","tag-jce","tag-luis-abinader","tag-presidente"],"yoast_head":"<!-- This site is optimized with the Yoast SEO plugin v27.4 - https:\/\/yoast.com\/product\/yoast-seo-wordpress\/ -->\n<title>JCE marca inicio del nuevo documento de identidad con entrega de la primera c\u00e9dula al presidente Abinader - Bombazo Informativo<\/title>\n<meta name=\"description\" content=\"En un acto que marca el\u00a0inicio formal\u00a0de la\u00a0renovaci\u00f3n del documento de identidad nacional, el presidente\u00a0Luis Abinader\u00a0y la primera dama\u00a0Raquel Arbaje\u00a0recibieron este lunes de manos de la Junta Central Electoral\u00a0(JCE)\u00a0la\u00a0primera c\u00e9dula de identidad y electoral.\" \/>\n<meta name=\"robots\" content=\"index, follow, max-snippet:-1, max-image-preview:large, max-video-preview:-1\" \/>\n<link rel=\"canonical\" href=\"https:\/\/bombazoinformativo.com\/index.php\/2026\/01\/27\/jce-marca-inicio-del-nuevo-documento-de-identidad-con-entrega-de-la-primera-cedula-al-presidente-abinader\/\" \/>\n<meta property=\"og:locale\" content=\"es_ES\" \/>\n<meta property=\"og:type\" content=\"article\" \/>\n<meta property=\"og:title\" content=\"JCE marca inicio del nuevo documento de identidad con entrega de la primera c\u00e9dula al presidente Abinader - Bombazo Informativo\" \/>\n<meta property=\"og:description\" content=\"En un acto que marca el\u00a0inicio formal\u00a0de la\u00a0renovaci\u00f3n del documento de identidad nacional, el presidente\u00a0Luis Abinader\u00a0y la primera dama\u00a0Raquel Arbaje\u00a0recibieron este lunes de manos de la Junta Central Electoral\u00a0(JCE)\u00a0la\u00a0primera c\u00e9dula de identidad y electoral.\" \/>\n<meta property=\"og:url\" content=\"https:\/\/bombazoinformativo.com\/index.php\/2026\/01\/27\/jce-marca-inicio-del-nuevo-documento-de-identidad-con-entrega-de-la-primera-cedula-al-presidente-abinader\/\" \/>\n<meta property=\"og:site_name\" content=\"Bombazo Informativo\" \/>\n<meta property=\"article:published_time\" content=\"2026-01-27T13:30:05+00:00\" \/>\n<meta property=\"article:modified_time\" content=\"2026-01-27T13:30:07+00:00\" \/>\n<meta property=\"og:image\" content=\"https:\/\/bombazoinformativo.com\/wp-content\/uploads\/2026\/01\/1001251782.jpg\" \/>\n\t<meta property=\"og:image:width\" content=\"1300\" \/>\n\t<meta property=\"og:image:height\" content=\"866\" \/>\n\t<meta property=\"og:image:type\" content=\"image\/jpeg\" \/>\n<meta name=\"author\" content=\"Bombazo Informativo\" \/>\n<meta name=\"twitter:card\" content=\"summary_large_image\" \/>\n<meta name=\"twitter:label1\" content=\"Written by\" \/>\n\t<meta name=\"twitter:data1\" content=\"Bombazo Informativo\" \/>\n\t<meta name=\"twitter:label2\" content=\"Est. reading time\" \/>\n\t<meta name=\"twitter:data2\" content=\"4 minutos\" \/>\n<script type=\"application\/ld+json\" class=\"yoast-schema-graph\">{\"@context\":\"https:\\\/\\\/schema.org\",\"@graph\":[{\"@type\":\"Article\",\"@id\":\"https:\\\/\\\/bombazoinformativo.com\\\/index.php\\\/2026\\\/01\\\/27\\\/jce-marca-inicio-del-nuevo-documento-de-identidad-con-entrega-de-la-primera-cedula-al-presidente-abinader\\\/#article\",\"isPartOf\":{\"@id\":\"https:\\\/\\\/bombazoinformativo.com\\\/index.php\\\/2026\\\/01\\\/27\\\/jce-marca-inicio-del-nuevo-documento-de-identidad-con-entrega-de-la-primera-cedula-al-presidente-abinader\\\/\"},\"author\":{\"name\":\"Bombazo Informativo\",\"@id\":\"https:\\\/\\\/bombazoinformativo.com\\\/#\\\/schema\\\/person\\\/8a14f30019ce669c2ff632f56c95babc\"},\"headline\":\"JCE marca inicio del nuevo documento de identidad con entrega de la primera c\u00e9dula al presidente Abinader\",\"datePublished\":\"2026-01-27T13:30:05+00:00\",\"dateModified\":\"2026-01-27T13:30:07+00:00\",\"mainEntityOfPage\":{\"@id\":\"https:\\\/\\\/bombazoinformativo.com\\\/index.php\\\/2026\\\/01\\\/27\\\/jce-marca-inicio-del-nuevo-documento-de-identidad-con-entrega-de-la-primera-cedula-al-presidente-abinader\\\/\"},\"wordCount\":830,\"commentCount\":0,\"publisher\":{\"@id\":\"https:\\\/\\\/bombazoinformativo.com\\\/#organization\"},\"image\":{\"@id\":\"https:\\\/\\\/bombazoinformativo.com\\\/index.php\\\/2026\\\/01\\\/27\\\/jce-marca-inicio-del-nuevo-documento-de-identidad-con-entrega-de-la-primera-cedula-al-presidente-abinader\\\/#primaryimage\"},\"thumbnailUrl\":\"https:\\\/\\\/bombazoinformativo.com\\\/wp-content\\\/uploads\\\/2026\\\/01\\\/1001251782.jpg\",\"keywords\":[\"C\u00e9dula\",\"JCE\",\"Luis Abinader\",\"Presidente\"],\"articleSection\":[\"Nacionales\"],\"inLanguage\":\"es-DO\",\"potentialAction\":[{\"@type\":\"CommentAction\",\"name\":\"Comment\",\"target\":[\"https:\\\/\\\/bombazoinformativo.com\\\/index.php\\\/2026\\\/01\\\/27\\\/jce-marca-inicio-del-nuevo-documento-de-identidad-con-entrega-de-la-primera-cedula-al-presidente-abinader\\\/#respond\"]}]},{\"@type\":\"WebPage\",\"@id\":\"https:\\\/\\\/bombazoinformativo.com\\\/index.php\\\/2026\\\/01\\\/27\\\/jce-marca-inicio-del-nuevo-documento-de-identidad-con-entrega-de-la-primera-cedula-al-presidente-abinader\\\/\",\"url\":\"https:\\\/\\\/bombazoinformativo.com\\\/index.php\\\/2026\\\/01\\\/27\\\/jce-marca-inicio-del-nuevo-documento-de-identidad-con-entrega-de-la-primera-cedula-al-presidente-abinader\\\/\",\"name\":\"JCE marca inicio del nuevo documento de identidad con entrega de la primera c\u00e9dula al presidente Abinader - Bombazo Informativo\",\"isPartOf\":{\"@id\":\"https:\\\/\\\/bombazoinformativo.com\\\/#website\"},\"primaryImageOfPage\":{\"@id\":\"https:\\\/\\\/bombazoinformativo.com\\\/index.php\\\/2026\\\/01\\\/27\\\/jce-marca-inicio-del-nuevo-documento-de-identidad-con-entrega-de-la-primera-cedula-al-presidente-abinader\\\/#primaryimage\"},\"image\":{\"@id\":\"https:\\\/\\\/bombazoinformativo.com\\\/index.php\\\/2026\\\/01\\\/27\\\/jce-marca-inicio-del-nuevo-documento-de-identidad-con-entrega-de-la-primera-cedula-al-presidente-abinader\\\/#primaryimage\"},\"thumbnailUrl\":\"https:\\\/\\\/bombazoinformativo.com\\\/wp-content\\\/uploads\\\/2026\\\/01\\\/1001251782.jpg\",\"datePublished\":\"2026-01-27T13:30:05+00:00\",\"dateModified\":\"2026-01-27T13:30:07+00:00\",\"description\":\"En un acto que marca el\u00a0inicio formal\u00a0de la\u00a0renovaci\u00f3n del documento de identidad nacional, el presidente\u00a0Luis Abinader\u00a0y la primera dama\u00a0Raquel Arbaje\u00a0recibieron este lunes de manos de la Junta Central Electoral\u00a0(JCE)\u00a0la\u00a0primera c\u00e9dula de identidad y electoral.\",\"breadcrumb\":{\"@id\":\"https:\\\/\\\/bombazoinformativo.com\\\/index.php\\\/2026\\\/01\\\/27\\\/jce-marca-inicio-del-nuevo-documento-de-identidad-con-entrega-de-la-primera-cedula-al-presidente-abinader\\\/#breadcrumb\"},\"inLanguage\":\"es-DO\",\"potentialAction\":[{\"@type\":\"ReadAction\",\"target\":[\"https:\\\/\\\/bombazoinformativo.com\\\/index.php\\\/2026\\\/01\\\/27\\\/jce-marca-inicio-del-nuevo-documento-de-identidad-con-entrega-de-la-primera-cedula-al-presidente-abinader\\\/\"]}]},{\"@type\":\"ImageObject\",\"inLanguage\":\"es-DO\",\"@id\":\"https:\\\/\\\/bombazoinformativo.com\\\/index.php\\\/2026\\\/01\\\/27\\\/jce-marca-inicio-del-nuevo-documento-de-identidad-con-entrega-de-la-primera-cedula-al-presidente-abinader\\\/#primaryimage\",\"url\":\"https:\\\/\\\/bombazoinformativo.com\\\/wp-content\\\/uploads\\\/2026\\\/01\\\/1001251782.jpg\",\"contentUrl\":\"https:\\\/\\\/bombazoinformativo.com\\\/wp-content\\\/uploads\\\/2026\\\/01\\\/1001251782.jpg\",\"width\":1300,\"height\":866},{\"@type\":\"BreadcrumbList\",\"@id\":\"https:\\\/\\\/bombazoinformativo.com\\\/index.php\\\/2026\\\/01\\\/27\\\/jce-marca-inicio-del-nuevo-documento-de-identidad-con-entrega-de-la-primera-cedula-al-presidente-abinader\\\/#breadcrumb\",\"itemListElement\":[{\"@type\":\"ListItem\",\"position\":1,\"name\":\"Home\",\"item\":\"https:\\\/\\\/bombazoinformativo.com\\\/\"},{\"@type\":\"ListItem\",\"position\":2,\"name\":\"JCE marca inicio del nuevo documento de identidad con entrega de la primera c\u00e9dula al presidente Abinader\"}]},{\"@type\":\"WebSite\",\"@id\":\"https:\\\/\\\/bombazoinformativo.com\\\/#website\",\"url\":\"https:\\\/\\\/bombazoinformativo.com\\\/\",\"name\":\"Bombazo Informativo\",\"description\":\"En el Bombazo Informativo tenemos el objetivo de brindarte informaciones veraces, con claridad y objetividad.\",\"publisher\":{\"@id\":\"https:\\\/\\\/bombazoinformativo.com\\\/#organization\"},\"potentialAction\":[{\"@type\":\"SearchAction\",\"target\":{\"@type\":\"EntryPoint\",\"urlTemplate\":\"https:\\\/\\\/bombazoinformativo.com\\\/?s={search_term_string}\"},\"query-input\":{\"@type\":\"PropertyValueSpecification\",\"valueRequired\":true,\"valueName\":\"search_term_string\"}}],\"inLanguage\":\"es-DO\"},{\"@type\":\"Organization\",\"@id\":\"https:\\\/\\\/bombazoinformativo.com\\\/#organization\",\"name\":\"Bombazo Informativo\",\"url\":\"https:\\\/\\\/bombazoinformativo.com\\\/\",\"logo\":{\"@type\":\"ImageObject\",\"inLanguage\":\"es-DO\",\"@id\":\"https:\\\/\\\/bombazoinformativo.com\\\/#\\\/schema\\\/logo\\\/image\\\/\",\"url\":\"https:\\\/\\\/bombazoinformativo.com\\\/wp-content\\\/uploads\\\/2024\\\/11\\\/cropped-WhatsApp-Image-2024-11-29-at-12.01.48-PM.jpeg\",\"contentUrl\":\"https:\\\/\\\/bombazoinformativo.com\\\/wp-content\\\/uploads\\\/2024\\\/11\\\/cropped-WhatsApp-Image-2024-11-29-at-12.01.48-PM.jpeg\",\"width\":1599,\"height\":315,\"caption\":\"Bombazo Informativo\"},\"image\":{\"@id\":\"https:\\\/\\\/bombazoinformativo.com\\\/#\\\/schema\\\/logo\\\/image\\\/\"}},{\"@type\":\"Person\",\"@id\":\"https:\\\/\\\/bombazoinformativo.com\\\/#\\\/schema\\\/person\\\/8a14f30019ce669c2ff632f56c95babc\",\"name\":\"Bombazo Informativo\",\"image\":{\"@type\":\"ImageObject\",\"inLanguage\":\"es-DO\",\"@id\":\"https:\\\/\\\/bombazoinformativo.com\\\/wp-content\\\/litespeed\\\/avatar\\\/b076bbe918e43ad70d1f99495fbecd83.jpg?ver=1777262154\",\"url\":\"https:\\\/\\\/bombazoinformativo.com\\\/wp-content\\\/litespeed\\\/avatar\\\/b076bbe918e43ad70d1f99495fbecd83.jpg?ver=1777262154\",\"contentUrl\":\"https:\\\/\\\/bombazoinformativo.com\\\/wp-content\\\/litespeed\\\/avatar\\\/b076bbe918e43ad70d1f99495fbecd83.jpg?ver=1777262154\",\"caption\":\"Bombazo Informativo\"},\"url\":\"https:\\\/\\\/bombazoinformativo.com\\\/index.php\\\/author\\\/bombazo-informativo\\\/\"}]}<\/script>\n<!-- \/ Yoast SEO plugin. -->","yoast_head_json":{"title":"JCE marca inicio del nuevo documento de identidad con entrega de la primera c\u00e9dula al presidente Abinader - Bombazo Informativo","description":"En un acto que marca el\u00a0inicio formal\u00a0de la\u00a0renovaci\u00f3n del documento de identidad nacional, el presidente\u00a0Luis Abinader\u00a0y la primera dama\u00a0Raquel Arbaje\u00a0recibieron este lunes de manos de la Junta Central Electoral\u00a0(JCE)\u00a0la\u00a0primera c\u00e9dula de identidad y electoral.","robots":{"index":"index","follow":"follow","max-snippet":"max-snippet:-1","max-image-preview":"max-image-preview:large","max-video-preview":"max-video-preview:-1"},"canonical":"https:\/\/bombazoinformativo.com\/index.php\/2026\/01\/27\/jce-marca-inicio-del-nuevo-documento-de-identidad-con-entrega-de-la-primera-cedula-al-presidente-abinader\/","og_locale":"es_ES","og_type":"article","og_title":"JCE marca inicio del nuevo documento de identidad con entrega de la primera c\u00e9dula al presidente Abinader - Bombazo Informativo","og_description":"En un acto que marca el\u00a0inicio formal\u00a0de la\u00a0renovaci\u00f3n del documento de identidad nacional, el presidente\u00a0Luis Abinader\u00a0y la primera dama\u00a0Raquel Arbaje\u00a0recibieron este lunes de manos de la Junta Central Electoral\u00a0(JCE)\u00a0la\u00a0primera c\u00e9dula de identidad y electoral.","og_url":"https:\/\/bombazoinformativo.com\/index.php\/2026\/01\/27\/jce-marca-inicio-del-nuevo-documento-de-identidad-con-entrega-de-la-primera-cedula-al-presidente-abinader\/","og_site_name":"Bombazo Informativo","article_published_time":"2026-01-27T13:30:05+00:00","article_modified_time":"2026-01-27T13:30:07+00:00","og_image":[{"width":1300,"height":866,"url":"https:\/\/bombazoinformativo.com\/wp-content\/uploads\/2026\/01\/1001251782.jpg","type":"image\/jpeg"}],"author":"Bombazo Informativo","twitter_card":"summary_large_image","twitter_misc":{"Written by":"Bombazo Informativo","Est. reading time":"4 minutos"},"schema":{"@context":"https:\/\/schema.org","@graph":[{"@type":"Article","@id":"https:\/\/bombazoinformativo.com\/index.php\/2026\/01\/27\/jce-marca-inicio-del-nuevo-documento-de-identidad-con-entrega-de-la-primera-cedula-al-presidente-abinader\/#article","isPartOf":{"@id":"https:\/\/bombazoinformativo.com\/index.php\/2026\/01\/27\/jce-marca-inicio-del-nuevo-documento-de-identidad-con-entrega-de-la-primera-cedula-al-presidente-abinader\/"},"author":{"name":"Bombazo Informativo","@id":"https:\/\/bombazoinformativo.com\/#\/schema\/person\/8a14f30019ce669c2ff632f56c95babc"},"headline":"JCE marca inicio del nuevo documento de identidad con entrega de la primera c\u00e9dula al presidente Abinader","datePublished":"2026-01-27T13:30:05+00:00","dateModified":"2026-01-27T13:30:07+00:00","mainEntityOfPage":{"@id":"https:\/\/bombazoinformativo.com\/index.php\/2026\/01\/27\/jce-marca-inicio-del-nuevo-documento-de-identidad-con-entrega-de-la-primera-cedula-al-presidente-abinader\/"},"wordCount":830,"commentCount":0,"publisher":{"@id":"https:\/\/bombazoinformativo.com\/#organization"},"image":{"@id":"https:\/\/bombazoinformativo.com\/index.php\/2026\/01\/27\/jce-marca-inicio-del-nuevo-documento-de-identidad-con-entrega-de-la-primera-cedula-al-presidente-abinader\/#primaryimage"},"thumbnailUrl":"https:\/\/bombazoinformativo.com\/wp-content\/uploads\/2026\/01\/1001251782.jpg","keywords":["C\u00e9dula","JCE","Luis Abinader","Presidente"],"articleSection":["Nacionales"],"inLanguage":"es-DO","potentialAction":[{"@type":"CommentAction","name":"Comment","target":["https:\/\/bombazoinformativo.com\/index.php\/2026\/01\/27\/jce-marca-inicio-del-nuevo-documento-de-identidad-con-entrega-de-la-primera-cedula-al-presidente-abinader\/#respond"]}]},{"@type":"WebPage","@id":"https:\/\/bombazoinformativo.com\/index.php\/2026\/01\/27\/jce-marca-inicio-del-nuevo-documento-de-identidad-con-entrega-de-la-primera-cedula-al-presidente-abinader\/","url":"https:\/\/bombazoinformativo.com\/index.php\/2026\/01\/27\/jce-marca-inicio-del-nuevo-documento-de-identidad-con-entrega-de-la-primera-cedula-al-presidente-abinader\/","name":"JCE marca inicio del nuevo documento de identidad con entrega de la primera c\u00e9dula al presidente Abinader - Bombazo Informativo","isPartOf":{"@id":"https:\/\/bombazoinformativo.com\/#website"},"primaryImageOfPage":{"@id":"https:\/\/bombazoinformativo.com\/index.php\/2026\/01\/27\/jce-marca-inicio-del-nuevo-documento-de-identidad-con-entrega-de-la-primera-cedula-al-presidente-abinader\/#primaryimage"},"image":{"@id":"https:\/\/bombazoinformativo.com\/index.php\/2026\/01\/27\/jce-marca-inicio-del-nuevo-documento-de-identidad-con-entrega-de-la-primera-cedula-al-presidente-abinader\/#primaryimage"},"thumbnailUrl":"https:\/\/bombazoinformativo.com\/wp-content\/uploads\/2026\/01\/1001251782.jpg","datePublished":"2026-01-27T13:30:05+00:00","dateModified":"2026-01-27T13:30:07+00:00","description":"En un acto que marca el\u00a0inicio formal\u00a0de la\u00a0renovaci\u00f3n del documento de identidad nacional, el presidente\u00a0Luis Abinader\u00a0y la primera dama\u00a0Raquel Arbaje\u00a0recibieron este lunes de manos de la Junta Central Electoral\u00a0(JCE)\u00a0la\u00a0primera c\u00e9dula de identidad y electoral.","breadcrumb":{"@id":"https:\/\/bombazoinformativo.com\/index.php\/2026\/01\/27\/jce-marca-inicio-del-nuevo-documento-de-identidad-con-entrega-de-la-primera-cedula-al-presidente-abinader\/#breadcrumb"},"inLanguage":"es-DO","potentialAction":[{"@type":"ReadAction","target":["https:\/\/bombazoinformativo.com\/index.php\/2026\/01\/27\/jce-marca-inicio-del-nuevo-documento-de-identidad-con-entrega-de-la-primera-cedula-al-presidente-abinader\/"]}]},{"@type":"ImageObject","inLanguage":"es-DO","@id":"https:\/\/bombazoinformativo.com\/index.php\/2026\/01\/27\/jce-marca-inicio-del-nuevo-documento-de-identidad-con-entrega-de-la-primera-cedula-al-presidente-abinader\/#primaryimage","url":"https:\/\/bombazoinformativo.com\/wp-content\/uploads\/2026\/01\/1001251782.jpg","contentUrl":"https:\/\/bombazoinformativo.com\/wp-content\/uploads\/2026\/01\/1001251782.jpg","width":1300,"height":866},{"@type":"BreadcrumbList","@id":"https:\/\/bombazoinformativo.com\/index.php\/2026\/01\/27\/jce-marca-inicio-del-nuevo-documento-de-identidad-con-entrega-de-la-primera-cedula-al-presidente-abinader\/#breadcrumb","itemListElement":[{"@type":"ListItem","position":1,"name":"Home","item":"https:\/\/bombazoinformativo.com\/"},{"@type":"ListItem","position":2,"name":"JCE marca inicio del nuevo documento de identidad con entrega de la primera c\u00e9dula al presidente Abinader"}]},{"@type":"WebSite","@id":"https:\/\/bombazoinformativo.com\/#website","url":"https:\/\/bombazoinformativo.com\/","name":"Bombazo Informativo","description":"En el Bombazo Informativo tenemos el objetivo de brindarte informaciones veraces, con claridad y objetividad.","publisher":{"@id":"https:\/\/bombazoinformativo.com\/#organization"},"potentialAction":[{"@type":"SearchAction","target":{"@type":"EntryPoint","urlTemplate":"https:\/\/bombazoinformativo.com\/?s={search_term_string}"},"query-input":{"@type":"PropertyValueSpecification","valueRequired":true,"valueName":"search_term_string"}}],"inLanguage":"es-DO"},{"@type":"Organization","@id":"https:\/\/bombazoinformativo.com\/#organization","name":"Bombazo Informativo","url":"https:\/\/bombazoinformativo.com\/","logo":{"@type":"ImageObject","inLanguage":"es-DO","@id":"https:\/\/bombazoinformativo.com\/#\/schema\/logo\/image\/","url":"https:\/\/bombazoinformativo.com\/wp-content\/uploads\/2024\/11\/cropped-WhatsApp-Image-2024-11-29-at-12.01.48-PM.jpeg","contentUrl":"https:\/\/bombazoinformativo.com\/wp-content\/uploads\/2024\/11\/cropped-WhatsApp-Image-2024-11-29-at-12.01.48-PM.jpeg","width":1599,"height":315,"caption":"Bombazo Informativo"},"image":{"@id":"https:\/\/bombazoinformativo.com\/#\/schema\/logo\/image\/"}},{"@type":"Person","@id":"https:\/\/bombazoinformativo.com\/#\/schema\/person\/8a14f30019ce669c2ff632f56c95babc","name":"Bombazo Informativo","image":{"@type":"ImageObject","inLanguage":"es-DO","@id":"https:\/\/bombazoinformativo.com\/wp-content\/litespeed\/avatar\/b076bbe918e43ad70d1f99495fbecd83.jpg?ver=1777262154","url":"https:\/\/bombazoinformativo.com\/wp-content\/litespeed\/avatar\/b076bbe918e43ad70d1f99495fbecd83.jpg?ver=1777262154","contentUrl":"https:\/\/bombazoinformativo.com\/wp-content\/litespeed\/avatar\/b076bbe918e43ad70d1f99495fbecd83.jpg?ver=1777262154","caption":"Bombazo Informativo"},"url":"https:\/\/bombazoinformativo.com\/index.php\/author\/bombazo-informativo\/"}]}},"jetpack_featured_media_url":"https:\/\/bombazoinformativo.com\/wp-content\/uploads\/2026\/01\/1001251782.jpg","jetpack_sharing_enabled":true,"_links":{"self":[{"href":"https:\/\/bombazoinformativo.com\/index.php\/wp-json\/wp\/v2\/posts\/6887","targetHints":{"allow":["GET"]}}],"collection":[{"href":"https:\/\/bombazoinformativo.com\/index.php\/wp-json\/wp\/v2\/posts"}],"about":[{"href":"https:\/\/bombazoinformativo.com\/index.php\/wp-json\/wp\/v2\/types\/post"}],"author":[{"embeddable":true,"href":"https:\/\/bombazoinformativo.com\/index.php\/wp-json\/wp\/v2\/users\/4"}],"replies":[{"embeddable":true,"href":"https:\/\/bombazoinformativo.com\/index.php\/wp-json\/wp\/v2\/comments?post=6887"}],"version-history":[{"count":1,"href":"https:\/\/bombazoinformativo.com\/index.php\/wp-json\/wp\/v2\/posts\/6887\/revisions"}],"predecessor-version":[{"id":6889,"href":"https:\/\/bombazoinformativo.com\/index.php\/wp-json\/wp\/v2\/posts\/6887\/revisions\/6889"}],"wp:featuredmedia":[{"embeddable":true,"href":"https:\/\/bombazoinformativo.com\/index.php\/wp-json\/wp\/v2\/media\/6888"}],"wp:attachment":[{"href":"https:\/\/bombazoinformativo.com\/index.php\/wp-json\/wp\/v2\/media?parent=6887"}],"wp:term":[{"taxonomy":"category","embeddable":true,"href":"https:\/\/bombazoinformativo.com\/index.php\/wp-json\/wp\/v2\/categories?post=6887"},{"taxonomy":"post_tag","embeddable":true,"href":"https:\/\/bombazoinformativo.com\/index.php\/wp-json\/wp\/v2\/tags?post=6887"}],"curies":[{"name":"wp","href":"https:\/\/api.w.org\/{rel}","templated":true}]}}