{"id":6884,"date":"2026-01-27T09:22:48","date_gmt":"2026-01-27T13:22:48","guid":{"rendered":"https:\/\/bombazoinformativo.com\/?p=6884"},"modified":"2026-01-27T09:22:49","modified_gmt":"2026-01-27T13:22:49","slug":"gobierno-proyecta-expansion-del-sistema-electrico-con-mas-de-50-adicional-en-energia-base-al-2028","status":"publish","type":"post","link":"https:\/\/bombazoinformativo.com\/index.php\/2026\/01\/27\/gobierno-proyecta-expansion-del-sistema-electrico-con-mas-de-50-adicional-en-energia-base-al-2028\/","title":{"rendered":"Gobierno proyecta expansi\u00f3n del sistema el\u00e9ctrico con m\u00e1s de 50 % adicional en energ\u00eda base al 2028"},"content":{"rendered":"\n<p>Santo Domingo.- El ministro de Energ\u00eda y Minas,\u00a0<strong>Joel Santos<\/strong>, inform\u00f3 que la Rep\u00fablica Dominicana registrar\u00e1 un incremento de\u00a0<strong>m\u00e1s de un 50 %<\/strong>\u00a0en la capacidad instalada de energ\u00eda base al 2028, en comparaci\u00f3n con 2024, un avance que consolida al gobierno del\u00a0<strong>presidente Luis Abinader<\/strong>\u00a0como la gesti\u00f3n que m\u00e1s ha impulsado la\u00a0<strong>expansi\u00f3n del sistema el\u00e9ctrico nacional<\/strong>\u00a0en la historia del pa\u00eds.\u00a0<\/p>\n\n\n\n<p>Explic\u00f3 que en los \u00faltimos tres a\u00f1os de la actual administraci\u00f3n se habr\u00e1 instalado&nbsp;<strong>m\u00e1s de 2,000 megavatios<\/strong>&nbsp;(MW) de energ\u00eda base, al tiempo que la capacidad de&nbsp;<strong>energ\u00edas renovables<\/strong>&nbsp;alcanzar\u00e1 alrededor de&nbsp;<strong>2,800 MW,<\/strong>&nbsp;fortaleciendo la confiabilidad del&nbsp;<strong>Sistema El\u00e9ctrico Nacional Interconectado<\/strong>&nbsp;(SENI) y creando un entorno m\u00e1s competitivo para la inversi\u00f3n.&nbsp;<\/p>\n\n\n\n<p>\u201c<em>El crecimiento econ\u00f3mico del pa\u00eds est\u00e1 estrechamente vinculado al desarrollo energ\u00e9tico. Si hablamos de proyectos de alto valor agregado, como los semiconductores, la miner\u00eda sostenible o los centros de datos, todos dependen de una matriz energ\u00e9tica s\u00f3lida, confiable y moderna\u201d,<\/em>&nbsp;expres\u00f3 el ministro, al resaltar el impacto transversal del sector el\u00e9ctrico en la atracci\u00f3n de capital y en la productividad nacional.&nbsp;<\/p>\n\n\n\n<p>El titular de&nbsp;<strong>Energ\u00eda y Minas<\/strong>&nbsp;habl\u00f3 sobre estos t\u00e9rminos durante una entrevista ofrecida este domingo, en el programa Aeromundo, conducido por&nbsp;<strong>Guillermo G\u00f3mez.<\/strong>&nbsp;<\/p>\n\n\n\n<p><strong>Proyectos estrat\u00e9gicos hacia 2028<\/strong>&nbsp;<\/p>\n\n\n\n<p>Santos detall\u00f3 que el&nbsp;<strong>Ministerio de Energ\u00eda y Minas<\/strong>&nbsp;contin\u00faa integrando al&nbsp;<strong>SENI<\/strong>&nbsp;una cartera de proyectos que fortalecer\u00e1 la energ\u00eda base del pa\u00eds.&nbsp;<\/p>\n\n\n\n<p>Entre los ya incorporados cit\u00f3 el cierre de ciclo de&nbsp;<strong>SIBA<\/strong>, con 68 MW y&nbsp;<strong>Energ\u00e1s<\/strong>&nbsp;4, en San Pedro de Macor\u00eds, con 130 MW.&nbsp;<\/p>\n\n\n\n<p>Asimismo, anunci\u00f3 que&nbsp;<strong>Energ\u00eda 2000,<\/strong>&nbsp;en Manzanillo, entrar\u00e1 en operaci\u00f3n en el&nbsp;<strong>primer trimestre de este a\u00f1o<\/strong>, con un primer ciclo simple de&nbsp;<strong>300 MW<\/strong>, al que se sumar\u00e1n&nbsp;<strong>111 MW<\/strong>&nbsp;al cierre de ese mismo a\u00f1o, para un total de&nbsp;<strong>411 MW<\/strong>. A estos se agregan las generadoras&nbsp;<strong>San Felipe I y II, en Boca Chica<\/strong>, que aportar\u00e1n 460 MW y 240 MW entre 2027 y 2028, as\u00ed como las plantas&nbsp;<strong>Manzanillo I y Manzanillo II,<\/strong>&nbsp;que sumar\u00e1n otros 852 MW entre las dos en 2028.&nbsp;<\/p>\n\n\n\n<p>En el componente renovable, el ministro destac\u00f3 que la capacidad instalada pas\u00f3 de 555 MW en 2020 a cerca de&nbsp;<strong>1,500 MW en 2024<\/strong>&nbsp;y que esta administraci\u00f3n concluir\u00e1 con aproximadamente&nbsp;<strong>2,800 MW,<\/strong>&nbsp;parte de ellos con sistemas de almacenamiento energ\u00e9tico, lo que representa un salto cualitativo en la estabilidad del sistema.<\/p>\n\n\n\n<p>Santos subray\u00f3, adem\u00e1s, las&nbsp;<strong>inversiones en<\/strong>&nbsp;<strong>transmisi\u00f3n y distribuci\u00f3n<\/strong>&nbsp;para reducir las p\u00e9rdidas de energ\u00eda, la repotenciaci\u00f3n de presas y la revisi\u00f3n de la&nbsp;<strong>Ley General de Electricidad<\/strong>, como parte de un legado institucional orientado a fortalecer la&nbsp;<strong>sostenibilidad financiera y operativa<\/strong>&nbsp;del sector el\u00e9ctrico dominicano.<\/p>\n","protected":false},"excerpt":{"rendered":"<p>Santo Domingo.- El ministro de Energ\u00eda y Minas,\u00a0Joel Santos, inform\u00f3 que la Rep\u00fablica Dominicana registrar\u00e1 un incremento de\u00a0m\u00e1s de un 50 %\u00a0en la capacidad instalada de energ\u00eda base al 2028, en comparaci\u00f3n con 2024, un avance que consolida al gobierno del\u00a0presidente Luis Abinader\u00a0como la gesti\u00f3n que m\u00e1s ha impulsado la\u00a0expansi\u00f3n del sistema el\u00e9ctrico nacional\u00a0en la&#8230;<\/p>\n","protected":false},"author":4,"featured_media":6885,"comment_status":"open","ping_status":"open","sticky":false,"template":"","format":"standard","meta":{"_jetpack_memberships_contains_paid_content":false,"footnotes":""},"categories":[24],"tags":[724,2932,36,107],"class_list":["post-6884","post","type-post","status-publish","format-standard","has-post-thumbnail","hentry","category-nacionales","tag-energia","tag-expansion-sistema-electrico","tag-gobierno","tag-luis-abinader"],"yoast_head":"<!-- This site is optimized with the Yoast SEO plugin v27.4 - https:\/\/yoast.com\/product\/yoast-seo-wordpress\/ -->\n<title>Gobierno proyecta expansi\u00f3n del sistema el\u00e9ctrico con m\u00e1s de 50 % adicional en energ\u00eda base al 2028 - Bombazo Informativo<\/title>\n<meta name=\"description\" content=\"El ministro de Energ\u00eda y Minas,\u00a0Joel Santos, inform\u00f3 que la Rep\u00fablica Dominicana registrar\u00e1 un incremento de\u00a0m\u00e1s de un 50 %\u00a0en la capacidad instalada de energ\u00eda base al 2028, en comparaci\u00f3n con 2024\" \/>\n<meta name=\"robots\" content=\"index, follow, max-snippet:-1, max-image-preview:large, max-video-preview:-1\" \/>\n<link rel=\"canonical\" href=\"https:\/\/bombazoinformativo.com\/index.php\/2026\/01\/27\/gobierno-proyecta-expansion-del-sistema-electrico-con-mas-de-50-adicional-en-energia-base-al-2028\/\" \/>\n<meta property=\"og:locale\" content=\"es_ES\" \/>\n<meta property=\"og:type\" content=\"article\" \/>\n<meta property=\"og:title\" content=\"Gobierno proyecta expansi\u00f3n del sistema el\u00e9ctrico con m\u00e1s de 50 % adicional en energ\u00eda base al 2028 - Bombazo Informativo\" \/>\n<meta property=\"og:description\" content=\"El ministro de Energ\u00eda y Minas,\u00a0Joel Santos, inform\u00f3 que la Rep\u00fablica Dominicana registrar\u00e1 un incremento de\u00a0m\u00e1s de un 50 %\u00a0en la capacidad instalada de energ\u00eda base al 2028, en comparaci\u00f3n con 2024\" \/>\n<meta property=\"og:url\" content=\"https:\/\/bombazoinformativo.com\/index.php\/2026\/01\/27\/gobierno-proyecta-expansion-del-sistema-electrico-con-mas-de-50-adicional-en-energia-base-al-2028\/\" \/>\n<meta property=\"og:site_name\" content=\"Bombazo Informativo\" \/>\n<meta property=\"article:published_time\" content=\"2026-01-27T13:22:48+00:00\" \/>\n<meta property=\"article:modified_time\" content=\"2026-01-27T13:22:49+00:00\" \/>\n<meta property=\"og:image\" content=\"https:\/\/bombazoinformativo.com\/wp-content\/uploads\/2026\/01\/Foto-web_21.jpeg\" \/>\n\t<meta property=\"og:image:width\" content=\"1300\" \/>\n\t<meta property=\"og:image:height\" content=\"731\" \/>\n\t<meta property=\"og:image:type\" content=\"image\/jpeg\" \/>\n<meta name=\"author\" content=\"Bombazo Informativo\" \/>\n<meta name=\"twitter:card\" content=\"summary_large_image\" \/>\n<meta name=\"twitter:label1\" content=\"Written by\" \/>\n\t<meta name=\"twitter:data1\" content=\"Bombazo Informativo\" \/>\n\t<meta name=\"twitter:label2\" content=\"Est. reading time\" \/>\n\t<meta name=\"twitter:data2\" content=\"3 minutos\" \/>\n<script type=\"application\/ld+json\" class=\"yoast-schema-graph\">{\"@context\":\"https:\\\/\\\/schema.org\",\"@graph\":[{\"@type\":\"Article\",\"@id\":\"https:\\\/\\\/bombazoinformativo.com\\\/index.php\\\/2026\\\/01\\\/27\\\/gobierno-proyecta-expansion-del-sistema-electrico-con-mas-de-50-adicional-en-energia-base-al-2028\\\/#article\",\"isPartOf\":{\"@id\":\"https:\\\/\\\/bombazoinformativo.com\\\/index.php\\\/2026\\\/01\\\/27\\\/gobierno-proyecta-expansion-del-sistema-electrico-con-mas-de-50-adicional-en-energia-base-al-2028\\\/\"},\"author\":{\"name\":\"Bombazo Informativo\",\"@id\":\"https:\\\/\\\/bombazoinformativo.com\\\/#\\\/schema\\\/person\\\/8a14f30019ce669c2ff632f56c95babc\"},\"headline\":\"Gobierno proyecta expansi\u00f3n del sistema el\u00e9ctrico con m\u00e1s de 50 % adicional en energ\u00eda base al 2028\",\"datePublished\":\"2026-01-27T13:22:48+00:00\",\"dateModified\":\"2026-01-27T13:22:49+00:00\",\"mainEntityOfPage\":{\"@id\":\"https:\\\/\\\/bombazoinformativo.com\\\/index.php\\\/2026\\\/01\\\/27\\\/gobierno-proyecta-expansion-del-sistema-electrico-con-mas-de-50-adicional-en-energia-base-al-2028\\\/\"},\"wordCount\":534,\"commentCount\":0,\"publisher\":{\"@id\":\"https:\\\/\\\/bombazoinformativo.com\\\/#organization\"},\"image\":{\"@id\":\"https:\\\/\\\/bombazoinformativo.com\\\/index.php\\\/2026\\\/01\\\/27\\\/gobierno-proyecta-expansion-del-sistema-electrico-con-mas-de-50-adicional-en-energia-base-al-2028\\\/#primaryimage\"},\"thumbnailUrl\":\"https:\\\/\\\/bombazoinformativo.com\\\/wp-content\\\/uploads\\\/2026\\\/01\\\/Foto-web_21.jpeg\",\"keywords\":[\"Energ\u00eda\",\"Expansi\u00f3n Sistema El\u00e9ctrico\",\"Gobierno\",\"Luis Abinader\"],\"articleSection\":[\"Nacionales\"],\"inLanguage\":\"es-DO\",\"potentialAction\":[{\"@type\":\"CommentAction\",\"name\":\"Comment\",\"target\":[\"https:\\\/\\\/bombazoinformativo.com\\\/index.php\\\/2026\\\/01\\\/27\\\/gobierno-proyecta-expansion-del-sistema-electrico-con-mas-de-50-adicional-en-energia-base-al-2028\\\/#respond\"]}]},{\"@type\":\"WebPage\",\"@id\":\"https:\\\/\\\/bombazoinformativo.com\\\/index.php\\\/2026\\\/01\\\/27\\\/gobierno-proyecta-expansion-del-sistema-electrico-con-mas-de-50-adicional-en-energia-base-al-2028\\\/\",\"url\":\"https:\\\/\\\/bombazoinformativo.com\\\/index.php\\\/2026\\\/01\\\/27\\\/gobierno-proyecta-expansion-del-sistema-electrico-con-mas-de-50-adicional-en-energia-base-al-2028\\\/\",\"name\":\"Gobierno proyecta expansi\u00f3n del sistema el\u00e9ctrico con m\u00e1s de 50 % adicional en energ\u00eda base al 2028 - Bombazo Informativo\",\"isPartOf\":{\"@id\":\"https:\\\/\\\/bombazoinformativo.com\\\/#website\"},\"primaryImageOfPage\":{\"@id\":\"https:\\\/\\\/bombazoinformativo.com\\\/index.php\\\/2026\\\/01\\\/27\\\/gobierno-proyecta-expansion-del-sistema-electrico-con-mas-de-50-adicional-en-energia-base-al-2028\\\/#primaryimage\"},\"image\":{\"@id\":\"https:\\\/\\\/bombazoinformativo.com\\\/index.php\\\/2026\\\/01\\\/27\\\/gobierno-proyecta-expansion-del-sistema-electrico-con-mas-de-50-adicional-en-energia-base-al-2028\\\/#primaryimage\"},\"thumbnailUrl\":\"https:\\\/\\\/bombazoinformativo.com\\\/wp-content\\\/uploads\\\/2026\\\/01\\\/Foto-web_21.jpeg\",\"datePublished\":\"2026-01-27T13:22:48+00:00\",\"dateModified\":\"2026-01-27T13:22:49+00:00\",\"description\":\"El ministro de Energ\u00eda y Minas,\u00a0Joel Santos, inform\u00f3 que la Rep\u00fablica Dominicana registrar\u00e1 un incremento de\u00a0m\u00e1s de un 50 %\u00a0en la capacidad instalada de energ\u00eda base al 2028, en comparaci\u00f3n con 2024\",\"breadcrumb\":{\"@id\":\"https:\\\/\\\/bombazoinformativo.com\\\/index.php\\\/2026\\\/01\\\/27\\\/gobierno-proyecta-expansion-del-sistema-electrico-con-mas-de-50-adicional-en-energia-base-al-2028\\\/#breadcrumb\"},\"inLanguage\":\"es-DO\",\"potentialAction\":[{\"@type\":\"ReadAction\",\"target\":[\"https:\\\/\\\/bombazoinformativo.com\\\/index.php\\\/2026\\\/01\\\/27\\\/gobierno-proyecta-expansion-del-sistema-electrico-con-mas-de-50-adicional-en-energia-base-al-2028\\\/\"]}]},{\"@type\":\"ImageObject\",\"inLanguage\":\"es-DO\",\"@id\":\"https:\\\/\\\/bombazoinformativo.com\\\/index.php\\\/2026\\\/01\\\/27\\\/gobierno-proyecta-expansion-del-sistema-electrico-con-mas-de-50-adicional-en-energia-base-al-2028\\\/#primaryimage\",\"url\":\"https:\\\/\\\/bombazoinformativo.com\\\/wp-content\\\/uploads\\\/2026\\\/01\\\/Foto-web_21.jpeg\",\"contentUrl\":\"https:\\\/\\\/bombazoinformativo.com\\\/wp-content\\\/uploads\\\/2026\\\/01\\\/Foto-web_21.jpeg\",\"width\":1300,\"height\":731},{\"@type\":\"BreadcrumbList\",\"@id\":\"https:\\\/\\\/bombazoinformativo.com\\\/index.php\\\/2026\\\/01\\\/27\\\/gobierno-proyecta-expansion-del-sistema-electrico-con-mas-de-50-adicional-en-energia-base-al-2028\\\/#breadcrumb\",\"itemListElement\":[{\"@type\":\"ListItem\",\"position\":1,\"name\":\"Home\",\"item\":\"https:\\\/\\\/bombazoinformativo.com\\\/\"},{\"@type\":\"ListItem\",\"position\":2,\"name\":\"Gobierno proyecta expansi\u00f3n del sistema el\u00e9ctrico con m\u00e1s de 50 % adicional en energ\u00eda base al 2028\"}]},{\"@type\":\"WebSite\",\"@id\":\"https:\\\/\\\/bombazoinformativo.com\\\/#website\",\"url\":\"https:\\\/\\\/bombazoinformativo.com\\\/\",\"name\":\"Bombazo Informativo\",\"description\":\"En el Bombazo Informativo tenemos el objetivo de brindarte informaciones veraces, con claridad y objetividad.\",\"publisher\":{\"@id\":\"https:\\\/\\\/bombazoinformativo.com\\\/#organization\"},\"potentialAction\":[{\"@type\":\"SearchAction\",\"target\":{\"@type\":\"EntryPoint\",\"urlTemplate\":\"https:\\\/\\\/bombazoinformativo.com\\\/?s={search_term_string}\"},\"query-input\":{\"@type\":\"PropertyValueSpecification\",\"valueRequired\":true,\"valueName\":\"search_term_string\"}}],\"inLanguage\":\"es-DO\"},{\"@type\":\"Organization\",\"@id\":\"https:\\\/\\\/bombazoinformativo.com\\\/#organization\",\"name\":\"Bombazo Informativo\",\"url\":\"https:\\\/\\\/bombazoinformativo.com\\\/\",\"logo\":{\"@type\":\"ImageObject\",\"inLanguage\":\"es-DO\",\"@id\":\"https:\\\/\\\/bombazoinformativo.com\\\/#\\\/schema\\\/logo\\\/image\\\/\",\"url\":\"https:\\\/\\\/bombazoinformativo.com\\\/wp-content\\\/uploads\\\/2024\\\/11\\\/cropped-WhatsApp-Image-2024-11-29-at-12.01.48-PM.jpeg\",\"contentUrl\":\"https:\\\/\\\/bombazoinformativo.com\\\/wp-content\\\/uploads\\\/2024\\\/11\\\/cropped-WhatsApp-Image-2024-11-29-at-12.01.48-PM.jpeg\",\"width\":1599,\"height\":315,\"caption\":\"Bombazo Informativo\"},\"image\":{\"@id\":\"https:\\\/\\\/bombazoinformativo.com\\\/#\\\/schema\\\/logo\\\/image\\\/\"}},{\"@type\":\"Person\",\"@id\":\"https:\\\/\\\/bombazoinformativo.com\\\/#\\\/schema\\\/person\\\/8a14f30019ce669c2ff632f56c95babc\",\"name\":\"Bombazo Informativo\",\"image\":{\"@type\":\"ImageObject\",\"inLanguage\":\"es-DO\",\"@id\":\"https:\\\/\\\/bombazoinformativo.com\\\/wp-content\\\/litespeed\\\/avatar\\\/b076bbe918e43ad70d1f99495fbecd83.jpg?ver=1777262154\",\"url\":\"https:\\\/\\\/bombazoinformativo.com\\\/wp-content\\\/litespeed\\\/avatar\\\/b076bbe918e43ad70d1f99495fbecd83.jpg?ver=1777262154\",\"contentUrl\":\"https:\\\/\\\/bombazoinformativo.com\\\/wp-content\\\/litespeed\\\/avatar\\\/b076bbe918e43ad70d1f99495fbecd83.jpg?ver=1777262154\",\"caption\":\"Bombazo Informativo\"},\"url\":\"https:\\\/\\\/bombazoinformativo.com\\\/index.php\\\/author\\\/bombazo-informativo\\\/\"}]}<\/script>\n<!-- \/ Yoast SEO plugin. -->","yoast_head_json":{"title":"Gobierno proyecta expansi\u00f3n del sistema el\u00e9ctrico con m\u00e1s de 50 % adicional en energ\u00eda base al 2028 - Bombazo Informativo","description":"El ministro de Energ\u00eda y Minas,\u00a0Joel Santos, inform\u00f3 que la Rep\u00fablica Dominicana registrar\u00e1 un incremento de\u00a0m\u00e1s de un 50 %\u00a0en la capacidad instalada de energ\u00eda base al 2028, en comparaci\u00f3n con 2024","robots":{"index":"index","follow":"follow","max-snippet":"max-snippet:-1","max-image-preview":"max-image-preview:large","max-video-preview":"max-video-preview:-1"},"canonical":"https:\/\/bombazoinformativo.com\/index.php\/2026\/01\/27\/gobierno-proyecta-expansion-del-sistema-electrico-con-mas-de-50-adicional-en-energia-base-al-2028\/","og_locale":"es_ES","og_type":"article","og_title":"Gobierno proyecta expansi\u00f3n del sistema el\u00e9ctrico con m\u00e1s de 50 % adicional en energ\u00eda base al 2028 - Bombazo Informativo","og_description":"El ministro de Energ\u00eda y Minas,\u00a0Joel Santos, inform\u00f3 que la Rep\u00fablica Dominicana registrar\u00e1 un incremento de\u00a0m\u00e1s de un 50 %\u00a0en la capacidad instalada de energ\u00eda base al 2028, en comparaci\u00f3n con 2024","og_url":"https:\/\/bombazoinformativo.com\/index.php\/2026\/01\/27\/gobierno-proyecta-expansion-del-sistema-electrico-con-mas-de-50-adicional-en-energia-base-al-2028\/","og_site_name":"Bombazo Informativo","article_published_time":"2026-01-27T13:22:48+00:00","article_modified_time":"2026-01-27T13:22:49+00:00","og_image":[{"width":1300,"height":731,"url":"https:\/\/bombazoinformativo.com\/wp-content\/uploads\/2026\/01\/Foto-web_21.jpeg","type":"image\/jpeg"}],"author":"Bombazo Informativo","twitter_card":"summary_large_image","twitter_misc":{"Written by":"Bombazo Informativo","Est. reading time":"3 minutos"},"schema":{"@context":"https:\/\/schema.org","@graph":[{"@type":"Article","@id":"https:\/\/bombazoinformativo.com\/index.php\/2026\/01\/27\/gobierno-proyecta-expansion-del-sistema-electrico-con-mas-de-50-adicional-en-energia-base-al-2028\/#article","isPartOf":{"@id":"https:\/\/bombazoinformativo.com\/index.php\/2026\/01\/27\/gobierno-proyecta-expansion-del-sistema-electrico-con-mas-de-50-adicional-en-energia-base-al-2028\/"},"author":{"name":"Bombazo Informativo","@id":"https:\/\/bombazoinformativo.com\/#\/schema\/person\/8a14f30019ce669c2ff632f56c95babc"},"headline":"Gobierno proyecta expansi\u00f3n del sistema el\u00e9ctrico con m\u00e1s de 50 % adicional en energ\u00eda base al 2028","datePublished":"2026-01-27T13:22:48+00:00","dateModified":"2026-01-27T13:22:49+00:00","mainEntityOfPage":{"@id":"https:\/\/bombazoinformativo.com\/index.php\/2026\/01\/27\/gobierno-proyecta-expansion-del-sistema-electrico-con-mas-de-50-adicional-en-energia-base-al-2028\/"},"wordCount":534,"commentCount":0,"publisher":{"@id":"https:\/\/bombazoinformativo.com\/#organization"},"image":{"@id":"https:\/\/bombazoinformativo.com\/index.php\/2026\/01\/27\/gobierno-proyecta-expansion-del-sistema-electrico-con-mas-de-50-adicional-en-energia-base-al-2028\/#primaryimage"},"thumbnailUrl":"https:\/\/bombazoinformativo.com\/wp-content\/uploads\/2026\/01\/Foto-web_21.jpeg","keywords":["Energ\u00eda","Expansi\u00f3n Sistema El\u00e9ctrico","Gobierno","Luis Abinader"],"articleSection":["Nacionales"],"inLanguage":"es-DO","potentialAction":[{"@type":"CommentAction","name":"Comment","target":["https:\/\/bombazoinformativo.com\/index.php\/2026\/01\/27\/gobierno-proyecta-expansion-del-sistema-electrico-con-mas-de-50-adicional-en-energia-base-al-2028\/#respond"]}]},{"@type":"WebPage","@id":"https:\/\/bombazoinformativo.com\/index.php\/2026\/01\/27\/gobierno-proyecta-expansion-del-sistema-electrico-con-mas-de-50-adicional-en-energia-base-al-2028\/","url":"https:\/\/bombazoinformativo.com\/index.php\/2026\/01\/27\/gobierno-proyecta-expansion-del-sistema-electrico-con-mas-de-50-adicional-en-energia-base-al-2028\/","name":"Gobierno proyecta expansi\u00f3n del sistema el\u00e9ctrico con m\u00e1s de 50 % adicional en energ\u00eda base al 2028 - Bombazo Informativo","isPartOf":{"@id":"https:\/\/bombazoinformativo.com\/#website"},"primaryImageOfPage":{"@id":"https:\/\/bombazoinformativo.com\/index.php\/2026\/01\/27\/gobierno-proyecta-expansion-del-sistema-electrico-con-mas-de-50-adicional-en-energia-base-al-2028\/#primaryimage"},"image":{"@id":"https:\/\/bombazoinformativo.com\/index.php\/2026\/01\/27\/gobierno-proyecta-expansion-del-sistema-electrico-con-mas-de-50-adicional-en-energia-base-al-2028\/#primaryimage"},"thumbnailUrl":"https:\/\/bombazoinformativo.com\/wp-content\/uploads\/2026\/01\/Foto-web_21.jpeg","datePublished":"2026-01-27T13:22:48+00:00","dateModified":"2026-01-27T13:22:49+00:00","description":"El ministro de Energ\u00eda y Minas,\u00a0Joel Santos, inform\u00f3 que la Rep\u00fablica Dominicana registrar\u00e1 un incremento de\u00a0m\u00e1s de un 50 %\u00a0en la capacidad instalada de energ\u00eda base al 2028, en comparaci\u00f3n con 2024","breadcrumb":{"@id":"https:\/\/bombazoinformativo.com\/index.php\/2026\/01\/27\/gobierno-proyecta-expansion-del-sistema-electrico-con-mas-de-50-adicional-en-energia-base-al-2028\/#breadcrumb"},"inLanguage":"es-DO","potentialAction":[{"@type":"ReadAction","target":["https:\/\/bombazoinformativo.com\/index.php\/2026\/01\/27\/gobierno-proyecta-expansion-del-sistema-electrico-con-mas-de-50-adicional-en-energia-base-al-2028\/"]}]},{"@type":"ImageObject","inLanguage":"es-DO","@id":"https:\/\/bombazoinformativo.com\/index.php\/2026\/01\/27\/gobierno-proyecta-expansion-del-sistema-electrico-con-mas-de-50-adicional-en-energia-base-al-2028\/#primaryimage","url":"https:\/\/bombazoinformativo.com\/wp-content\/uploads\/2026\/01\/Foto-web_21.jpeg","contentUrl":"https:\/\/bombazoinformativo.com\/wp-content\/uploads\/2026\/01\/Foto-web_21.jpeg","width":1300,"height":731},{"@type":"BreadcrumbList","@id":"https:\/\/bombazoinformativo.com\/index.php\/2026\/01\/27\/gobierno-proyecta-expansion-del-sistema-electrico-con-mas-de-50-adicional-en-energia-base-al-2028\/#breadcrumb","itemListElement":[{"@type":"ListItem","position":1,"name":"Home","item":"https:\/\/bombazoinformativo.com\/"},{"@type":"ListItem","position":2,"name":"Gobierno proyecta expansi\u00f3n del sistema el\u00e9ctrico con m\u00e1s de 50 % adicional en energ\u00eda base al 2028"}]},{"@type":"WebSite","@id":"https:\/\/bombazoinformativo.com\/#website","url":"https:\/\/bombazoinformativo.com\/","name":"Bombazo Informativo","description":"En el Bombazo Informativo tenemos el objetivo de brindarte informaciones veraces, con claridad y objetividad.","publisher":{"@id":"https:\/\/bombazoinformativo.com\/#organization"},"potentialAction":[{"@type":"SearchAction","target":{"@type":"EntryPoint","urlTemplate":"https:\/\/bombazoinformativo.com\/?s={search_term_string}"},"query-input":{"@type":"PropertyValueSpecification","valueRequired":true,"valueName":"search_term_string"}}],"inLanguage":"es-DO"},{"@type":"Organization","@id":"https:\/\/bombazoinformativo.com\/#organization","name":"Bombazo Informativo","url":"https:\/\/bombazoinformativo.com\/","logo":{"@type":"ImageObject","inLanguage":"es-DO","@id":"https:\/\/bombazoinformativo.com\/#\/schema\/logo\/image\/","url":"https:\/\/bombazoinformativo.com\/wp-content\/uploads\/2024\/11\/cropped-WhatsApp-Image-2024-11-29-at-12.01.48-PM.jpeg","contentUrl":"https:\/\/bombazoinformativo.com\/wp-content\/uploads\/2024\/11\/cropped-WhatsApp-Image-2024-11-29-at-12.01.48-PM.jpeg","width":1599,"height":315,"caption":"Bombazo Informativo"},"image":{"@id":"https:\/\/bombazoinformativo.com\/#\/schema\/logo\/image\/"}},{"@type":"Person","@id":"https:\/\/bombazoinformativo.com\/#\/schema\/person\/8a14f30019ce669c2ff632f56c95babc","name":"Bombazo Informativo","image":{"@type":"ImageObject","inLanguage":"es-DO","@id":"https:\/\/bombazoinformativo.com\/wp-content\/litespeed\/avatar\/b076bbe918e43ad70d1f99495fbecd83.jpg?ver=1777262154","url":"https:\/\/bombazoinformativo.com\/wp-content\/litespeed\/avatar\/b076bbe918e43ad70d1f99495fbecd83.jpg?ver=1777262154","contentUrl":"https:\/\/bombazoinformativo.com\/wp-content\/litespeed\/avatar\/b076bbe918e43ad70d1f99495fbecd83.jpg?ver=1777262154","caption":"Bombazo Informativo"},"url":"https:\/\/bombazoinformativo.com\/index.php\/author\/bombazo-informativo\/"}]}},"jetpack_featured_media_url":"https:\/\/bombazoinformativo.com\/wp-content\/uploads\/2026\/01\/Foto-web_21.jpeg","jetpack_sharing_enabled":true,"_links":{"self":[{"href":"https:\/\/bombazoinformativo.com\/index.php\/wp-json\/wp\/v2\/posts\/6884","targetHints":{"allow":["GET"]}}],"collection":[{"href":"https:\/\/bombazoinformativo.com\/index.php\/wp-json\/wp\/v2\/posts"}],"about":[{"href":"https:\/\/bombazoinformativo.com\/index.php\/wp-json\/wp\/v2\/types\/post"}],"author":[{"embeddable":true,"href":"https:\/\/bombazoinformativo.com\/index.php\/wp-json\/wp\/v2\/users\/4"}],"replies":[{"embeddable":true,"href":"https:\/\/bombazoinformativo.com\/index.php\/wp-json\/wp\/v2\/comments?post=6884"}],"version-history":[{"count":1,"href":"https:\/\/bombazoinformativo.com\/index.php\/wp-json\/wp\/v2\/posts\/6884\/revisions"}],"predecessor-version":[{"id":6886,"href":"https:\/\/bombazoinformativo.com\/index.php\/wp-json\/wp\/v2\/posts\/6884\/revisions\/6886"}],"wp:featuredmedia":[{"embeddable":true,"href":"https:\/\/bombazoinformativo.com\/index.php\/wp-json\/wp\/v2\/media\/6885"}],"wp:attachment":[{"href":"https:\/\/bombazoinformativo.com\/index.php\/wp-json\/wp\/v2\/media?parent=6884"}],"wp:term":[{"taxonomy":"category","embeddable":true,"href":"https:\/\/bombazoinformativo.com\/index.php\/wp-json\/wp\/v2\/categories?post=6884"},{"taxonomy":"post_tag","embeddable":true,"href":"https:\/\/bombazoinformativo.com\/index.php\/wp-json\/wp\/v2\/tags?post=6884"}],"curies":[{"name":"wp","href":"https:\/\/api.w.org\/{rel}","templated":true}]}}