{"id":6850,"date":"2026-01-20T11:18:30","date_gmt":"2026-01-20T15:18:30","guid":{"rendered":"https:\/\/bombazoinformativo.com\/?p=6850"},"modified":"2026-01-20T11:18:32","modified_gmt":"2026-01-20T15:18:32","slug":"entre-polvo-y-lodo-comunitarios-de-comunidad-el-quemado-reclaman-asfaltado-urgente","status":"publish","type":"post","link":"https:\/\/bombazoinformativo.com\/index.php\/2026\/01\/20\/entre-polvo-y-lodo-comunitarios-de-comunidad-el-quemado-reclaman-asfaltado-urgente\/","title":{"rendered":"Entre polvo y lodo: comunitarios de comunidad El Quemado reclaman asfaltado urgente"},"content":{"rendered":"\n<p>Residentes de la comunidad El Quemado de esta provincia protestaron este lunes frente al Ministerio de Obras P\u00fablicas y Comunicaciones (MOPC) para exigir la construcci\u00f3n de sus calles, denunciando a\u00f1os de abandono y promesas incumplidas por las autoridades.<\/p>\n\n\n\n<p>Decenas de personas, en su mayor\u00eda adultos mayores, advirtieron que realizar\u00e1n protestas mensuales y manifestaciones permanentes hasta ser escuchados por el presidente Luis Abinader y el ministro de Obras P\u00fablicas, Eduardo Estrella.<\/p>\n\n\n\n<p>Afirman que en La Vega no existen autoridades que atiendan sus reclamos.<\/p>\n\n\n\n<p>Denunciaron que, mientras otras comunidades han sido asfaltadas, en El Quemado siguen entre el polvo y el lodo, lo que ha provocado deterioro de viviendas, da\u00f1os a veh\u00edculos, adem\u00e1s de accidentes frecuentes. Advirtieron que se mantendr\u00e1n unidos y en las calles hasta recibir respuestas a sus demandas.<\/p>\n\n\n\n<p>La comunidad rechaz\u00f3 el argumento de la falta de presupuesto y record\u00f3 que el Estado dispone de mecanismos de financiamiento, incluidos pr\u00e9stamos del Banco Interamericano de Desarrollo (BID) para ejecutar obras.<\/p>\n\n\n\n<p>\u201cSi hay recursos para grandes proyectos, tambi\u00e9n debe haberlos para El Quemado; nuestra calle es nuestro metro\u201d, expresaron, al exigir la construcci\u00f3n de v\u00edas dignas.<\/p>\n","protected":false},"excerpt":{"rendered":"<p>Residentes de la comunidad El Quemado de esta provincia protestaron este lunes frente al Ministerio de Obras P\u00fablicas y Comunicaciones (MOPC) para exigir la construcci\u00f3n de sus calles, denunciando a\u00f1os de abandono y promesas incumplidas por las autoridades. Decenas de personas, en su mayor\u00eda adultos mayores, advirtieron que realizar\u00e1n protestas mensuales y manifestaciones permanentes hasta&#8230;<\/p>\n","protected":false},"author":4,"featured_media":6851,"comment_status":"open","ping_status":"open","sticky":false,"template":"","format":"standard","meta":{"_jetpack_memberships_contains_paid_content":false,"footnotes":""},"categories":[41],"tags":[2915,1343,2914,252,2916],"class_list":["post-6850","post","type-post","status-publish","format-standard","has-post-thumbnail","hentry","category-regionales","tag-asfalto","tag-comunitarios","tag-el-quemado","tag-mopc","tag-polvo-y-lodo"],"yoast_head":"<!-- This site is optimized with the Yoast SEO plugin v27.4 - https:\/\/yoast.com\/product\/yoast-seo-wordpress\/ -->\n<title>Entre polvo y lodo: comunitarios de comunidad El Quemado reclaman asfaltado urgente - Bombazo Informativo<\/title>\n<meta name=\"description\" content=\"Residentes de la comunidad El Quemado de esta provincia protestaron este lunes frente al Ministerio de Obras P\u00fablicas y Comunicaciones (MOPC) para exigir la construcci\u00f3n de sus calles, denunciando a\u00f1os de abandono y promesas incumplidas por las autoridades.\" \/>\n<meta name=\"robots\" content=\"index, follow, max-snippet:-1, max-image-preview:large, max-video-preview:-1\" \/>\n<link rel=\"canonical\" href=\"https:\/\/bombazoinformativo.com\/index.php\/2026\/01\/20\/entre-polvo-y-lodo-comunitarios-de-comunidad-el-quemado-reclaman-asfaltado-urgente\/\" \/>\n<meta property=\"og:locale\" content=\"es_ES\" \/>\n<meta property=\"og:type\" content=\"article\" \/>\n<meta property=\"og:title\" content=\"Entre polvo y lodo: comunitarios de comunidad El Quemado reclaman asfaltado urgente - Bombazo Informativo\" \/>\n<meta property=\"og:description\" content=\"Residentes de la comunidad El Quemado de esta provincia protestaron este lunes frente al Ministerio de Obras P\u00fablicas y Comunicaciones (MOPC) para exigir la construcci\u00f3n de sus calles, denunciando a\u00f1os de abandono y promesas incumplidas por las autoridades.\" \/>\n<meta property=\"og:url\" content=\"https:\/\/bombazoinformativo.com\/index.php\/2026\/01\/20\/entre-polvo-y-lodo-comunitarios-de-comunidad-el-quemado-reclaman-asfaltado-urgente\/\" \/>\n<meta property=\"og:site_name\" content=\"Bombazo Informativo\" \/>\n<meta property=\"article:published_time\" content=\"2026-01-20T15:18:30+00:00\" \/>\n<meta property=\"article:modified_time\" content=\"2026-01-20T15:18:32+00:00\" \/>\n<meta property=\"og:image\" content=\"https:\/\/bombazoinformativo.com\/wp-content\/uploads\/2026\/01\/WhatsApp-Image-2026-01-20-at-9.41.53-AM-770x540-1.jpeg\" \/>\n\t<meta property=\"og:image:width\" content=\"770\" \/>\n\t<meta property=\"og:image:height\" content=\"540\" \/>\n\t<meta property=\"og:image:type\" content=\"image\/jpeg\" \/>\n<meta name=\"author\" content=\"Bombazo Informativo\" \/>\n<meta name=\"twitter:card\" content=\"summary_large_image\" \/>\n<meta name=\"twitter:label1\" content=\"Written by\" \/>\n\t<meta name=\"twitter:data1\" content=\"Bombazo Informativo\" \/>\n\t<meta name=\"twitter:label2\" content=\"Est. reading time\" \/>\n\t<meta name=\"twitter:data2\" content=\"2 minutos\" \/>\n<script type=\"application\/ld+json\" class=\"yoast-schema-graph\">{\"@context\":\"https:\\\/\\\/schema.org\",\"@graph\":[{\"@type\":\"Article\",\"@id\":\"https:\\\/\\\/bombazoinformativo.com\\\/index.php\\\/2026\\\/01\\\/20\\\/entre-polvo-y-lodo-comunitarios-de-comunidad-el-quemado-reclaman-asfaltado-urgente\\\/#article\",\"isPartOf\":{\"@id\":\"https:\\\/\\\/bombazoinformativo.com\\\/index.php\\\/2026\\\/01\\\/20\\\/entre-polvo-y-lodo-comunitarios-de-comunidad-el-quemado-reclaman-asfaltado-urgente\\\/\"},\"author\":{\"name\":\"Bombazo Informativo\",\"@id\":\"https:\\\/\\\/bombazoinformativo.com\\\/#\\\/schema\\\/person\\\/8a14f30019ce669c2ff632f56c95babc\"},\"headline\":\"Entre polvo y lodo: comunitarios de comunidad El Quemado reclaman asfaltado urgente\",\"datePublished\":\"2026-01-20T15:18:30+00:00\",\"dateModified\":\"2026-01-20T15:18:32+00:00\",\"mainEntityOfPage\":{\"@id\":\"https:\\\/\\\/bombazoinformativo.com\\\/index.php\\\/2026\\\/01\\\/20\\\/entre-polvo-y-lodo-comunitarios-de-comunidad-el-quemado-reclaman-asfaltado-urgente\\\/\"},\"wordCount\":211,\"commentCount\":0,\"publisher\":{\"@id\":\"https:\\\/\\\/bombazoinformativo.com\\\/#organization\"},\"image\":{\"@id\":\"https:\\\/\\\/bombazoinformativo.com\\\/index.php\\\/2026\\\/01\\\/20\\\/entre-polvo-y-lodo-comunitarios-de-comunidad-el-quemado-reclaman-asfaltado-urgente\\\/#primaryimage\"},\"thumbnailUrl\":\"https:\\\/\\\/bombazoinformativo.com\\\/wp-content\\\/uploads\\\/2026\\\/01\\\/WhatsApp-Image-2026-01-20-at-9.41.53-AM-770x540-1.jpeg\",\"keywords\":[\"Asfalto\",\"Comunitarios\",\"El Quemado\",\"MOPC\",\"Polvo y Lodo\"],\"articleSection\":[\"Regionales\"],\"inLanguage\":\"es-DO\",\"potentialAction\":[{\"@type\":\"CommentAction\",\"name\":\"Comment\",\"target\":[\"https:\\\/\\\/bombazoinformativo.com\\\/index.php\\\/2026\\\/01\\\/20\\\/entre-polvo-y-lodo-comunitarios-de-comunidad-el-quemado-reclaman-asfaltado-urgente\\\/#respond\"]}]},{\"@type\":\"WebPage\",\"@id\":\"https:\\\/\\\/bombazoinformativo.com\\\/index.php\\\/2026\\\/01\\\/20\\\/entre-polvo-y-lodo-comunitarios-de-comunidad-el-quemado-reclaman-asfaltado-urgente\\\/\",\"url\":\"https:\\\/\\\/bombazoinformativo.com\\\/index.php\\\/2026\\\/01\\\/20\\\/entre-polvo-y-lodo-comunitarios-de-comunidad-el-quemado-reclaman-asfaltado-urgente\\\/\",\"name\":\"Entre polvo y lodo: comunitarios de comunidad El Quemado reclaman asfaltado urgente - Bombazo Informativo\",\"isPartOf\":{\"@id\":\"https:\\\/\\\/bombazoinformativo.com\\\/#website\"},\"primaryImageOfPage\":{\"@id\":\"https:\\\/\\\/bombazoinformativo.com\\\/index.php\\\/2026\\\/01\\\/20\\\/entre-polvo-y-lodo-comunitarios-de-comunidad-el-quemado-reclaman-asfaltado-urgente\\\/#primaryimage\"},\"image\":{\"@id\":\"https:\\\/\\\/bombazoinformativo.com\\\/index.php\\\/2026\\\/01\\\/20\\\/entre-polvo-y-lodo-comunitarios-de-comunidad-el-quemado-reclaman-asfaltado-urgente\\\/#primaryimage\"},\"thumbnailUrl\":\"https:\\\/\\\/bombazoinformativo.com\\\/wp-content\\\/uploads\\\/2026\\\/01\\\/WhatsApp-Image-2026-01-20-at-9.41.53-AM-770x540-1.jpeg\",\"datePublished\":\"2026-01-20T15:18:30+00:00\",\"dateModified\":\"2026-01-20T15:18:32+00:00\",\"description\":\"Residentes de la comunidad El Quemado de esta provincia protestaron este lunes frente al Ministerio de Obras P\u00fablicas y Comunicaciones (MOPC) para exigir la construcci\u00f3n de sus calles, denunciando a\u00f1os de abandono y promesas incumplidas por las autoridades.\",\"breadcrumb\":{\"@id\":\"https:\\\/\\\/bombazoinformativo.com\\\/index.php\\\/2026\\\/01\\\/20\\\/entre-polvo-y-lodo-comunitarios-de-comunidad-el-quemado-reclaman-asfaltado-urgente\\\/#breadcrumb\"},\"inLanguage\":\"es-DO\",\"potentialAction\":[{\"@type\":\"ReadAction\",\"target\":[\"https:\\\/\\\/bombazoinformativo.com\\\/index.php\\\/2026\\\/01\\\/20\\\/entre-polvo-y-lodo-comunitarios-de-comunidad-el-quemado-reclaman-asfaltado-urgente\\\/\"]}]},{\"@type\":\"ImageObject\",\"inLanguage\":\"es-DO\",\"@id\":\"https:\\\/\\\/bombazoinformativo.com\\\/index.php\\\/2026\\\/01\\\/20\\\/entre-polvo-y-lodo-comunitarios-de-comunidad-el-quemado-reclaman-asfaltado-urgente\\\/#primaryimage\",\"url\":\"https:\\\/\\\/bombazoinformativo.com\\\/wp-content\\\/uploads\\\/2026\\\/01\\\/WhatsApp-Image-2026-01-20-at-9.41.53-AM-770x540-1.jpeg\",\"contentUrl\":\"https:\\\/\\\/bombazoinformativo.com\\\/wp-content\\\/uploads\\\/2026\\\/01\\\/WhatsApp-Image-2026-01-20-at-9.41.53-AM-770x540-1.jpeg\",\"width\":770,\"height\":540},{\"@type\":\"BreadcrumbList\",\"@id\":\"https:\\\/\\\/bombazoinformativo.com\\\/index.php\\\/2026\\\/01\\\/20\\\/entre-polvo-y-lodo-comunitarios-de-comunidad-el-quemado-reclaman-asfaltado-urgente\\\/#breadcrumb\",\"itemListElement\":[{\"@type\":\"ListItem\",\"position\":1,\"name\":\"Home\",\"item\":\"https:\\\/\\\/bombazoinformativo.com\\\/\"},{\"@type\":\"ListItem\",\"position\":2,\"name\":\"Entre polvo y lodo: comunitarios de comunidad El Quemado reclaman asfaltado urgente\"}]},{\"@type\":\"WebSite\",\"@id\":\"https:\\\/\\\/bombazoinformativo.com\\\/#website\",\"url\":\"https:\\\/\\\/bombazoinformativo.com\\\/\",\"name\":\"Bombazo Informativo\",\"description\":\"En el Bombazo Informativo tenemos el objetivo de brindarte informaciones veraces, con claridad y objetividad.\",\"publisher\":{\"@id\":\"https:\\\/\\\/bombazoinformativo.com\\\/#organization\"},\"potentialAction\":[{\"@type\":\"SearchAction\",\"target\":{\"@type\":\"EntryPoint\",\"urlTemplate\":\"https:\\\/\\\/bombazoinformativo.com\\\/?s={search_term_string}\"},\"query-input\":{\"@type\":\"PropertyValueSpecification\",\"valueRequired\":true,\"valueName\":\"search_term_string\"}}],\"inLanguage\":\"es-DO\"},{\"@type\":\"Organization\",\"@id\":\"https:\\\/\\\/bombazoinformativo.com\\\/#organization\",\"name\":\"Bombazo Informativo\",\"url\":\"https:\\\/\\\/bombazoinformativo.com\\\/\",\"logo\":{\"@type\":\"ImageObject\",\"inLanguage\":\"es-DO\",\"@id\":\"https:\\\/\\\/bombazoinformativo.com\\\/#\\\/schema\\\/logo\\\/image\\\/\",\"url\":\"https:\\\/\\\/bombazoinformativo.com\\\/wp-content\\\/uploads\\\/2024\\\/11\\\/cropped-WhatsApp-Image-2024-11-29-at-12.01.48-PM.jpeg\",\"contentUrl\":\"https:\\\/\\\/bombazoinformativo.com\\\/wp-content\\\/uploads\\\/2024\\\/11\\\/cropped-WhatsApp-Image-2024-11-29-at-12.01.48-PM.jpeg\",\"width\":1599,\"height\":315,\"caption\":\"Bombazo Informativo\"},\"image\":{\"@id\":\"https:\\\/\\\/bombazoinformativo.com\\\/#\\\/schema\\\/logo\\\/image\\\/\"}},{\"@type\":\"Person\",\"@id\":\"https:\\\/\\\/bombazoinformativo.com\\\/#\\\/schema\\\/person\\\/8a14f30019ce669c2ff632f56c95babc\",\"name\":\"Bombazo Informativo\",\"image\":{\"@type\":\"ImageObject\",\"inLanguage\":\"es-DO\",\"@id\":\"https:\\\/\\\/bombazoinformativo.com\\\/wp-content\\\/litespeed\\\/avatar\\\/b076bbe918e43ad70d1f99495fbecd83.jpg?ver=1777262154\",\"url\":\"https:\\\/\\\/bombazoinformativo.com\\\/wp-content\\\/litespeed\\\/avatar\\\/b076bbe918e43ad70d1f99495fbecd83.jpg?ver=1777262154\",\"contentUrl\":\"https:\\\/\\\/bombazoinformativo.com\\\/wp-content\\\/litespeed\\\/avatar\\\/b076bbe918e43ad70d1f99495fbecd83.jpg?ver=1777262154\",\"caption\":\"Bombazo Informativo\"},\"url\":\"https:\\\/\\\/bombazoinformativo.com\\\/index.php\\\/author\\\/bombazo-informativo\\\/\"}]}<\/script>\n<!-- \/ Yoast SEO plugin. -->","yoast_head_json":{"title":"Entre polvo y lodo: comunitarios de comunidad El Quemado reclaman asfaltado urgente - Bombazo Informativo","description":"Residentes de la comunidad El Quemado de esta provincia protestaron este lunes frente al Ministerio de Obras P\u00fablicas y Comunicaciones (MOPC) para exigir la construcci\u00f3n de sus calles, denunciando a\u00f1os de abandono y promesas incumplidas por las autoridades.","robots":{"index":"index","follow":"follow","max-snippet":"max-snippet:-1","max-image-preview":"max-image-preview:large","max-video-preview":"max-video-preview:-1"},"canonical":"https:\/\/bombazoinformativo.com\/index.php\/2026\/01\/20\/entre-polvo-y-lodo-comunitarios-de-comunidad-el-quemado-reclaman-asfaltado-urgente\/","og_locale":"es_ES","og_type":"article","og_title":"Entre polvo y lodo: comunitarios de comunidad El Quemado reclaman asfaltado urgente - Bombazo Informativo","og_description":"Residentes de la comunidad El Quemado de esta provincia protestaron este lunes frente al Ministerio de Obras P\u00fablicas y Comunicaciones (MOPC) para exigir la construcci\u00f3n de sus calles, denunciando a\u00f1os de abandono y promesas incumplidas por las autoridades.","og_url":"https:\/\/bombazoinformativo.com\/index.php\/2026\/01\/20\/entre-polvo-y-lodo-comunitarios-de-comunidad-el-quemado-reclaman-asfaltado-urgente\/","og_site_name":"Bombazo Informativo","article_published_time":"2026-01-20T15:18:30+00:00","article_modified_time":"2026-01-20T15:18:32+00:00","og_image":[{"width":770,"height":540,"url":"https:\/\/bombazoinformativo.com\/wp-content\/uploads\/2026\/01\/WhatsApp-Image-2026-01-20-at-9.41.53-AM-770x540-1.jpeg","type":"image\/jpeg"}],"author":"Bombazo Informativo","twitter_card":"summary_large_image","twitter_misc":{"Written by":"Bombazo Informativo","Est. reading time":"2 minutos"},"schema":{"@context":"https:\/\/schema.org","@graph":[{"@type":"Article","@id":"https:\/\/bombazoinformativo.com\/index.php\/2026\/01\/20\/entre-polvo-y-lodo-comunitarios-de-comunidad-el-quemado-reclaman-asfaltado-urgente\/#article","isPartOf":{"@id":"https:\/\/bombazoinformativo.com\/index.php\/2026\/01\/20\/entre-polvo-y-lodo-comunitarios-de-comunidad-el-quemado-reclaman-asfaltado-urgente\/"},"author":{"name":"Bombazo Informativo","@id":"https:\/\/bombazoinformativo.com\/#\/schema\/person\/8a14f30019ce669c2ff632f56c95babc"},"headline":"Entre polvo y lodo: comunitarios de comunidad El Quemado reclaman asfaltado urgente","datePublished":"2026-01-20T15:18:30+00:00","dateModified":"2026-01-20T15:18:32+00:00","mainEntityOfPage":{"@id":"https:\/\/bombazoinformativo.com\/index.php\/2026\/01\/20\/entre-polvo-y-lodo-comunitarios-de-comunidad-el-quemado-reclaman-asfaltado-urgente\/"},"wordCount":211,"commentCount":0,"publisher":{"@id":"https:\/\/bombazoinformativo.com\/#organization"},"image":{"@id":"https:\/\/bombazoinformativo.com\/index.php\/2026\/01\/20\/entre-polvo-y-lodo-comunitarios-de-comunidad-el-quemado-reclaman-asfaltado-urgente\/#primaryimage"},"thumbnailUrl":"https:\/\/bombazoinformativo.com\/wp-content\/uploads\/2026\/01\/WhatsApp-Image-2026-01-20-at-9.41.53-AM-770x540-1.jpeg","keywords":["Asfalto","Comunitarios","El Quemado","MOPC","Polvo y Lodo"],"articleSection":["Regionales"],"inLanguage":"es-DO","potentialAction":[{"@type":"CommentAction","name":"Comment","target":["https:\/\/bombazoinformativo.com\/index.php\/2026\/01\/20\/entre-polvo-y-lodo-comunitarios-de-comunidad-el-quemado-reclaman-asfaltado-urgente\/#respond"]}]},{"@type":"WebPage","@id":"https:\/\/bombazoinformativo.com\/index.php\/2026\/01\/20\/entre-polvo-y-lodo-comunitarios-de-comunidad-el-quemado-reclaman-asfaltado-urgente\/","url":"https:\/\/bombazoinformativo.com\/index.php\/2026\/01\/20\/entre-polvo-y-lodo-comunitarios-de-comunidad-el-quemado-reclaman-asfaltado-urgente\/","name":"Entre polvo y lodo: comunitarios de comunidad El Quemado reclaman asfaltado urgente - Bombazo Informativo","isPartOf":{"@id":"https:\/\/bombazoinformativo.com\/#website"},"primaryImageOfPage":{"@id":"https:\/\/bombazoinformativo.com\/index.php\/2026\/01\/20\/entre-polvo-y-lodo-comunitarios-de-comunidad-el-quemado-reclaman-asfaltado-urgente\/#primaryimage"},"image":{"@id":"https:\/\/bombazoinformativo.com\/index.php\/2026\/01\/20\/entre-polvo-y-lodo-comunitarios-de-comunidad-el-quemado-reclaman-asfaltado-urgente\/#primaryimage"},"thumbnailUrl":"https:\/\/bombazoinformativo.com\/wp-content\/uploads\/2026\/01\/WhatsApp-Image-2026-01-20-at-9.41.53-AM-770x540-1.jpeg","datePublished":"2026-01-20T15:18:30+00:00","dateModified":"2026-01-20T15:18:32+00:00","description":"Residentes de la comunidad El Quemado de esta provincia protestaron este lunes frente al Ministerio de Obras P\u00fablicas y Comunicaciones (MOPC) para exigir la construcci\u00f3n de sus calles, denunciando a\u00f1os de abandono y promesas incumplidas por las autoridades.","breadcrumb":{"@id":"https:\/\/bombazoinformativo.com\/index.php\/2026\/01\/20\/entre-polvo-y-lodo-comunitarios-de-comunidad-el-quemado-reclaman-asfaltado-urgente\/#breadcrumb"},"inLanguage":"es-DO","potentialAction":[{"@type":"ReadAction","target":["https:\/\/bombazoinformativo.com\/index.php\/2026\/01\/20\/entre-polvo-y-lodo-comunitarios-de-comunidad-el-quemado-reclaman-asfaltado-urgente\/"]}]},{"@type":"ImageObject","inLanguage":"es-DO","@id":"https:\/\/bombazoinformativo.com\/index.php\/2026\/01\/20\/entre-polvo-y-lodo-comunitarios-de-comunidad-el-quemado-reclaman-asfaltado-urgente\/#primaryimage","url":"https:\/\/bombazoinformativo.com\/wp-content\/uploads\/2026\/01\/WhatsApp-Image-2026-01-20-at-9.41.53-AM-770x540-1.jpeg","contentUrl":"https:\/\/bombazoinformativo.com\/wp-content\/uploads\/2026\/01\/WhatsApp-Image-2026-01-20-at-9.41.53-AM-770x540-1.jpeg","width":770,"height":540},{"@type":"BreadcrumbList","@id":"https:\/\/bombazoinformativo.com\/index.php\/2026\/01\/20\/entre-polvo-y-lodo-comunitarios-de-comunidad-el-quemado-reclaman-asfaltado-urgente\/#breadcrumb","itemListElement":[{"@type":"ListItem","position":1,"name":"Home","item":"https:\/\/bombazoinformativo.com\/"},{"@type":"ListItem","position":2,"name":"Entre polvo y lodo: comunitarios de comunidad El Quemado reclaman asfaltado urgente"}]},{"@type":"WebSite","@id":"https:\/\/bombazoinformativo.com\/#website","url":"https:\/\/bombazoinformativo.com\/","name":"Bombazo Informativo","description":"En el Bombazo Informativo tenemos el objetivo de brindarte informaciones veraces, con claridad y objetividad.","publisher":{"@id":"https:\/\/bombazoinformativo.com\/#organization"},"potentialAction":[{"@type":"SearchAction","target":{"@type":"EntryPoint","urlTemplate":"https:\/\/bombazoinformativo.com\/?s={search_term_string}"},"query-input":{"@type":"PropertyValueSpecification","valueRequired":true,"valueName":"search_term_string"}}],"inLanguage":"es-DO"},{"@type":"Organization","@id":"https:\/\/bombazoinformativo.com\/#organization","name":"Bombazo Informativo","url":"https:\/\/bombazoinformativo.com\/","logo":{"@type":"ImageObject","inLanguage":"es-DO","@id":"https:\/\/bombazoinformativo.com\/#\/schema\/logo\/image\/","url":"https:\/\/bombazoinformativo.com\/wp-content\/uploads\/2024\/11\/cropped-WhatsApp-Image-2024-11-29-at-12.01.48-PM.jpeg","contentUrl":"https:\/\/bombazoinformativo.com\/wp-content\/uploads\/2024\/11\/cropped-WhatsApp-Image-2024-11-29-at-12.01.48-PM.jpeg","width":1599,"height":315,"caption":"Bombazo Informativo"},"image":{"@id":"https:\/\/bombazoinformativo.com\/#\/schema\/logo\/image\/"}},{"@type":"Person","@id":"https:\/\/bombazoinformativo.com\/#\/schema\/person\/8a14f30019ce669c2ff632f56c95babc","name":"Bombazo Informativo","image":{"@type":"ImageObject","inLanguage":"es-DO","@id":"https:\/\/bombazoinformativo.com\/wp-content\/litespeed\/avatar\/b076bbe918e43ad70d1f99495fbecd83.jpg?ver=1777262154","url":"https:\/\/bombazoinformativo.com\/wp-content\/litespeed\/avatar\/b076bbe918e43ad70d1f99495fbecd83.jpg?ver=1777262154","contentUrl":"https:\/\/bombazoinformativo.com\/wp-content\/litespeed\/avatar\/b076bbe918e43ad70d1f99495fbecd83.jpg?ver=1777262154","caption":"Bombazo Informativo"},"url":"https:\/\/bombazoinformativo.com\/index.php\/author\/bombazo-informativo\/"}]}},"jetpack_featured_media_url":"https:\/\/bombazoinformativo.com\/wp-content\/uploads\/2026\/01\/WhatsApp-Image-2026-01-20-at-9.41.53-AM-770x540-1.jpeg","jetpack_sharing_enabled":true,"_links":{"self":[{"href":"https:\/\/bombazoinformativo.com\/index.php\/wp-json\/wp\/v2\/posts\/6850","targetHints":{"allow":["GET"]}}],"collection":[{"href":"https:\/\/bombazoinformativo.com\/index.php\/wp-json\/wp\/v2\/posts"}],"about":[{"href":"https:\/\/bombazoinformativo.com\/index.php\/wp-json\/wp\/v2\/types\/post"}],"author":[{"embeddable":true,"href":"https:\/\/bombazoinformativo.com\/index.php\/wp-json\/wp\/v2\/users\/4"}],"replies":[{"embeddable":true,"href":"https:\/\/bombazoinformativo.com\/index.php\/wp-json\/wp\/v2\/comments?post=6850"}],"version-history":[{"count":1,"href":"https:\/\/bombazoinformativo.com\/index.php\/wp-json\/wp\/v2\/posts\/6850\/revisions"}],"predecessor-version":[{"id":6852,"href":"https:\/\/bombazoinformativo.com\/index.php\/wp-json\/wp\/v2\/posts\/6850\/revisions\/6852"}],"wp:featuredmedia":[{"embeddable":true,"href":"https:\/\/bombazoinformativo.com\/index.php\/wp-json\/wp\/v2\/media\/6851"}],"wp:attachment":[{"href":"https:\/\/bombazoinformativo.com\/index.php\/wp-json\/wp\/v2\/media?parent=6850"}],"wp:term":[{"taxonomy":"category","embeddable":true,"href":"https:\/\/bombazoinformativo.com\/index.php\/wp-json\/wp\/v2\/categories?post=6850"},{"taxonomy":"post_tag","embeddable":true,"href":"https:\/\/bombazoinformativo.com\/index.php\/wp-json\/wp\/v2\/tags?post=6850"}],"curies":[{"name":"wp","href":"https:\/\/api.w.org\/{rel}","templated":true}]}}