{"id":6844,"date":"2026-01-19T11:52:56","date_gmt":"2026-01-19T15:52:56","guid":{"rendered":"https:\/\/bombazoinformativo.com\/?p=6844"},"modified":"2026-01-19T11:52:57","modified_gmt":"2026-01-19T15:52:57","slug":"presidente-abinader-encabeza-reunion-de-seguimiento-al-plan-de-seguridad-ciudadana-16","status":"publish","type":"post","link":"https:\/\/bombazoinformativo.com\/index.php\/2026\/01\/19\/presidente-abinader-encabeza-reunion-de-seguimiento-al-plan-de-seguridad-ciudadana-16\/","title":{"rendered":"Presidente Abinader encabeza reuni\u00f3n de seguimiento al Plan de Seguridad Ciudadana"},"content":{"rendered":"\n<p>Santo Domingo.\u2013\u00a0<strong>El presidente Luis Abinader<\/strong>\u00a0encabeza, en estos momentos, la reuni\u00f3n de seguimiento al\u00a0<strong>Plan de Seguridad Ciudadana<\/strong>, con el prop\u00f3sito de\u00a0<strong>fortalecer las estrategias<\/strong>\u00a0que se implementan en todo el pa\u00eds para garantizar mayor\u00a0<strong>protecci\u00f3n y tranquilidad<\/strong>\u00a0a la poblaci\u00f3n.<\/p>\n\n\n\n<p>La sesi\u00f3n de trabajo se lleva a cabo en el&nbsp;<strong>Sal\u00f3n del Club de Oficiales del Palacio de la Polic\u00eda Nacional<\/strong>. En ella se eval\u00faan las&nbsp;<strong>tareas cumplidas<\/strong>&nbsp;hasta la fecha, los&nbsp;<strong>resultados alcanzados<\/strong>&nbsp;y las&nbsp;<strong>nuevas disposiciones<\/strong>&nbsp;que ser\u00e1n adoptadas para continuar elevando los&nbsp;<strong>niveles de seguridad<\/strong>&nbsp;en beneficio de los dominicanos.<\/p>\n\n\n\n<p>En compa\u00f1\u00eda del mandatario se encuentran los ministros de la Presidencia,&nbsp;<strong>Jos\u00e9 Ignacio Paliza<\/strong>; de Interior y Polic\u00eda,&nbsp;<strong>Faride Raful<\/strong>; de Defensa,&nbsp;<strong>teniente general Carlos Antonio Fern\u00e1ndez Onofre<\/strong>; el comandante general de la Armada de Rep\u00fablica Dominicana,&nbsp;<strong>vicealmirante Juan Bienvenido Cris\u00f3stomo Mart\u00ednez<\/strong>; el director de la Polic\u00eda Nacional,&nbsp;<strong>mayor general Ram\u00f3n Antonio Guzm\u00e1n Peralta<\/strong>, y el viceministro de la Presidencia para Proyectos Especiales y Coordinaci\u00f3n de Seguridad,&nbsp;<strong>Roger G. Pujols.<\/strong><\/p>\n\n\n\n<p>Tambi\u00e9n, el presidente, del Consejo Nacional de Drogas (CND),&nbsp;<strong>Alejandro de Jes\u00fas Abreu;<\/strong>&nbsp;los directores de la Comisi\u00f3n Militar y Policial (Comipol),&nbsp;<strong>coronel Luis Rafael Herrera Almonte<\/strong>; de Migraci\u00f3n,&nbsp;<strong>vicealmirante Luis Rafael Lee Ballester<\/strong>; de la Direcci\u00f3n General de Seguridad de Tr\u00e1nsito y Transporte Terrestre (Digesett),&nbsp;<strong>general Pascual Cruz M\u00e9ndez<\/strong>; de la Polic\u00eda de Turismo (Politur),&nbsp;<strong>general Minoru Matsunaga<\/strong>; del Sistema Nacional de Atenci\u00f3n a Emergencias 911,&nbsp;<strong>coronel piloto Randolfo Rijo<\/strong>; de la Direcci\u00f3n Nacional de Ni\u00f1os, Ni\u00f1as, Adolescentes y Familia (Dinnaf),&nbsp;<strong>Olga Din\u00e1 Llaver\u00edas<\/strong>; el subdirector general de la Polic\u00eda Nacional y director central de Transformaci\u00f3n Policial,&nbsp;<strong>general Juan H. Guzm\u00e1n Badia,&nbsp;<\/strong>y el director de Asuntos Internos de la Polic\u00eda Nacional,&nbsp;<strong>general Werner N\u00fa\u00f1ez Quezada<\/strong>.<\/p>\n\n\n\n<p>Adem\u00e1s de los directores de la Polic\u00eda Escolar,&nbsp;<strong>general Francisco Osoria de la Cruz<\/strong>; de Prisiones,&nbsp;<strong>Roberto Santana<\/strong>; el Comisionado Ejecutivo para Reforma Policial,&nbsp;<strong>Luis Ernesto Garc\u00eda Hern\u00e1ndez,<\/strong>&nbsp;y el coronel paracaidista&nbsp;<strong>Osvaldo W. Montero Mena<\/strong>, en representaci\u00f3n de la Fuerza A\u00e9rea.<\/p>\n\n\n\n<p>En la reuni\u00f3n participan una comisi\u00f3n de fiscales integrada por la del Distrito Nacional,&nbsp;<strong>Rosalba Ramos<\/strong>; de San Crist\u00f3bal,&nbsp;<strong>Ramona Santana<\/strong>; de La Vega,&nbsp;<strong>Aura Luz Garc\u00eda;<\/strong>&nbsp;de Mar\u00eda Trinidad S\u00e1nchez,&nbsp;<strong>Juan Antonio Mateo Cipri\u00e1n<\/strong>; de La Altagracia,&nbsp;<strong>Claudia Garrido<\/strong>; de San Pedro de Macor\u00eds,&nbsp;<strong>Suleyka Mateo<\/strong>, y de Duarte,&nbsp;<strong>Smaily Yamel Rodr\u00edguez.<\/strong><\/p>\n\n\n\n<p>Al igual que, los fiscales titulares de Santo Domingo Este,&nbsp;<strong>Milc\u00edades Guzm\u00e1n<\/strong>; de Santo Domingo Oeste,&nbsp;<strong>Eduard L\u00f3pez;<\/strong>&nbsp;de Valverde,&nbsp;<strong>V\u00edctor Mej\u00eda;<\/strong>&nbsp;de Hermanas Mirabal,&nbsp;<strong>Zoila Agustina Rodr\u00edguez Ynfante<\/strong>; de Barahona,&nbsp;<strong>Wellington Matos Espinal<\/strong>; de Peravia,&nbsp;<strong>\u00c1ngel Dar\u00edo Tejeda Fabal<\/strong>; de Dajab\u00f3n,&nbsp;<strong>Yeisin Alc\u00e1ntara<\/strong>; de Espaillat, Yorelbin Rivas, y de La Romana,&nbsp;<strong>Kevin Santana.<\/strong><\/p>\n","protected":false},"excerpt":{"rendered":"<p>Santo Domingo.\u2013\u00a0El presidente Luis Abinader\u00a0encabeza, en estos momentos, la reuni\u00f3n de seguimiento al\u00a0Plan de Seguridad Ciudadana, con el prop\u00f3sito de\u00a0fortalecer las estrategias\u00a0que se implementan en todo el pa\u00eds para garantizar mayor\u00a0protecci\u00f3n y tranquilidad\u00a0a la poblaci\u00f3n. La sesi\u00f3n de trabajo se lleva a cabo en el&nbsp;Sal\u00f3n del Club de Oficiales del Palacio de la Polic\u00eda Nacional&#8230;.<\/p>\n","protected":false},"author":4,"featured_media":6845,"comment_status":"open","ping_status":"open","sticky":false,"template":"","format":"standard","meta":{"_jetpack_memberships_contains_paid_content":false,"footnotes":""},"categories":[24],"tags":[107,130,123],"class_list":["post-6844","post","type-post","status-publish","format-standard","has-post-thumbnail","hentry","category-nacionales","tag-luis-abinader","tag-presidente","tag-seguridad-ciudadana"],"yoast_head":"<!-- This site is optimized with the Yoast SEO plugin v27.4 - https:\/\/yoast.com\/product\/yoast-seo-wordpress\/ -->\n<title>Presidente Abinader encabeza reuni\u00f3n de seguimiento al Plan de Seguridad Ciudadana - Bombazo Informativo<\/title>\n<meta name=\"description\" content=\"El presidente Luis Abinader\u00a0encabeza, en estos momentos, la reuni\u00f3n de seguimiento al\u00a0Plan de Seguridad Ciudadana, con el prop\u00f3sito de\u00a0fortalecer las estrategias\u00a0que se implementan en todo el pa\u00eds para garantizar mayor\u00a0protecci\u00f3n y tranquilidad\u00a0a la poblaci\u00f3n.\" \/>\n<meta name=\"robots\" content=\"index, follow, max-snippet:-1, max-image-preview:large, max-video-preview:-1\" \/>\n<link rel=\"canonical\" href=\"https:\/\/bombazoinformativo.com\/index.php\/2026\/01\/19\/presidente-abinader-encabeza-reunion-de-seguimiento-al-plan-de-seguridad-ciudadana-16\/\" \/>\n<meta property=\"og:locale\" content=\"es_ES\" \/>\n<meta property=\"og:type\" content=\"article\" \/>\n<meta property=\"og:title\" content=\"Presidente Abinader encabeza reuni\u00f3n de seguimiento al Plan de Seguridad Ciudadana - Bombazo Informativo\" \/>\n<meta property=\"og:description\" content=\"El presidente Luis Abinader\u00a0encabeza, en estos momentos, la reuni\u00f3n de seguimiento al\u00a0Plan de Seguridad Ciudadana, con el prop\u00f3sito de\u00a0fortalecer las estrategias\u00a0que se implementan en todo el pa\u00eds para garantizar mayor\u00a0protecci\u00f3n y tranquilidad\u00a0a la poblaci\u00f3n.\" \/>\n<meta property=\"og:url\" content=\"https:\/\/bombazoinformativo.com\/index.php\/2026\/01\/19\/presidente-abinader-encabeza-reunion-de-seguimiento-al-plan-de-seguridad-ciudadana-16\/\" \/>\n<meta property=\"og:site_name\" content=\"Bombazo Informativo\" \/>\n<meta property=\"article:published_time\" content=\"2026-01-19T15:52:56+00:00\" \/>\n<meta property=\"article:modified_time\" content=\"2026-01-19T15:52:57+00:00\" \/>\n<meta property=\"og:image\" content=\"https:\/\/bombazoinformativo.com\/wp-content\/uploads\/2026\/01\/Foto-web_19.jpeg\" \/>\n\t<meta property=\"og:image:width\" content=\"1300\" \/>\n\t<meta property=\"og:image:height\" content=\"731\" \/>\n\t<meta property=\"og:image:type\" content=\"image\/jpeg\" \/>\n<meta name=\"author\" content=\"Bombazo Informativo\" \/>\n<meta name=\"twitter:card\" content=\"summary_large_image\" \/>\n<meta name=\"twitter:label1\" content=\"Written by\" \/>\n\t<meta name=\"twitter:data1\" content=\"Bombazo Informativo\" \/>\n\t<meta name=\"twitter:label2\" content=\"Est. reading time\" \/>\n\t<meta name=\"twitter:data2\" content=\"3 minutos\" \/>\n<script type=\"application\/ld+json\" class=\"yoast-schema-graph\">{\"@context\":\"https:\\\/\\\/schema.org\",\"@graph\":[{\"@type\":\"Article\",\"@id\":\"https:\\\/\\\/bombazoinformativo.com\\\/index.php\\\/2026\\\/01\\\/19\\\/presidente-abinader-encabeza-reunion-de-seguimiento-al-plan-de-seguridad-ciudadana-16\\\/#article\",\"isPartOf\":{\"@id\":\"https:\\\/\\\/bombazoinformativo.com\\\/index.php\\\/2026\\\/01\\\/19\\\/presidente-abinader-encabeza-reunion-de-seguimiento-al-plan-de-seguridad-ciudadana-16\\\/\"},\"author\":{\"name\":\"Bombazo Informativo\",\"@id\":\"https:\\\/\\\/bombazoinformativo.com\\\/#\\\/schema\\\/person\\\/8a14f30019ce669c2ff632f56c95babc\"},\"headline\":\"Presidente Abinader encabeza reuni\u00f3n de seguimiento al Plan de Seguridad Ciudadana\",\"datePublished\":\"2026-01-19T15:52:56+00:00\",\"dateModified\":\"2026-01-19T15:52:57+00:00\",\"mainEntityOfPage\":{\"@id\":\"https:\\\/\\\/bombazoinformativo.com\\\/index.php\\\/2026\\\/01\\\/19\\\/presidente-abinader-encabeza-reunion-de-seguimiento-al-plan-de-seguridad-ciudadana-16\\\/\"},\"wordCount\":553,\"commentCount\":0,\"publisher\":{\"@id\":\"https:\\\/\\\/bombazoinformativo.com\\\/#organization\"},\"image\":{\"@id\":\"https:\\\/\\\/bombazoinformativo.com\\\/index.php\\\/2026\\\/01\\\/19\\\/presidente-abinader-encabeza-reunion-de-seguimiento-al-plan-de-seguridad-ciudadana-16\\\/#primaryimage\"},\"thumbnailUrl\":\"https:\\\/\\\/bombazoinformativo.com\\\/wp-content\\\/uploads\\\/2026\\\/01\\\/Foto-web_19.jpeg\",\"keywords\":[\"Luis Abinader\",\"Presidente\",\"Seguridad Ciudadana\"],\"articleSection\":[\"Nacionales\"],\"inLanguage\":\"es-DO\",\"potentialAction\":[{\"@type\":\"CommentAction\",\"name\":\"Comment\",\"target\":[\"https:\\\/\\\/bombazoinformativo.com\\\/index.php\\\/2026\\\/01\\\/19\\\/presidente-abinader-encabeza-reunion-de-seguimiento-al-plan-de-seguridad-ciudadana-16\\\/#respond\"]}]},{\"@type\":\"WebPage\",\"@id\":\"https:\\\/\\\/bombazoinformativo.com\\\/index.php\\\/2026\\\/01\\\/19\\\/presidente-abinader-encabeza-reunion-de-seguimiento-al-plan-de-seguridad-ciudadana-16\\\/\",\"url\":\"https:\\\/\\\/bombazoinformativo.com\\\/index.php\\\/2026\\\/01\\\/19\\\/presidente-abinader-encabeza-reunion-de-seguimiento-al-plan-de-seguridad-ciudadana-16\\\/\",\"name\":\"Presidente Abinader encabeza reuni\u00f3n de seguimiento al Plan de Seguridad Ciudadana - Bombazo Informativo\",\"isPartOf\":{\"@id\":\"https:\\\/\\\/bombazoinformativo.com\\\/#website\"},\"primaryImageOfPage\":{\"@id\":\"https:\\\/\\\/bombazoinformativo.com\\\/index.php\\\/2026\\\/01\\\/19\\\/presidente-abinader-encabeza-reunion-de-seguimiento-al-plan-de-seguridad-ciudadana-16\\\/#primaryimage\"},\"image\":{\"@id\":\"https:\\\/\\\/bombazoinformativo.com\\\/index.php\\\/2026\\\/01\\\/19\\\/presidente-abinader-encabeza-reunion-de-seguimiento-al-plan-de-seguridad-ciudadana-16\\\/#primaryimage\"},\"thumbnailUrl\":\"https:\\\/\\\/bombazoinformativo.com\\\/wp-content\\\/uploads\\\/2026\\\/01\\\/Foto-web_19.jpeg\",\"datePublished\":\"2026-01-19T15:52:56+00:00\",\"dateModified\":\"2026-01-19T15:52:57+00:00\",\"description\":\"El presidente Luis Abinader\u00a0encabeza, en estos momentos, la reuni\u00f3n de seguimiento al\u00a0Plan de Seguridad Ciudadana, con el prop\u00f3sito de\u00a0fortalecer las estrategias\u00a0que se implementan en todo el pa\u00eds para garantizar mayor\u00a0protecci\u00f3n y tranquilidad\u00a0a la poblaci\u00f3n.\",\"breadcrumb\":{\"@id\":\"https:\\\/\\\/bombazoinformativo.com\\\/index.php\\\/2026\\\/01\\\/19\\\/presidente-abinader-encabeza-reunion-de-seguimiento-al-plan-de-seguridad-ciudadana-16\\\/#breadcrumb\"},\"inLanguage\":\"es-DO\",\"potentialAction\":[{\"@type\":\"ReadAction\",\"target\":[\"https:\\\/\\\/bombazoinformativo.com\\\/index.php\\\/2026\\\/01\\\/19\\\/presidente-abinader-encabeza-reunion-de-seguimiento-al-plan-de-seguridad-ciudadana-16\\\/\"]}]},{\"@type\":\"ImageObject\",\"inLanguage\":\"es-DO\",\"@id\":\"https:\\\/\\\/bombazoinformativo.com\\\/index.php\\\/2026\\\/01\\\/19\\\/presidente-abinader-encabeza-reunion-de-seguimiento-al-plan-de-seguridad-ciudadana-16\\\/#primaryimage\",\"url\":\"https:\\\/\\\/bombazoinformativo.com\\\/wp-content\\\/uploads\\\/2026\\\/01\\\/Foto-web_19.jpeg\",\"contentUrl\":\"https:\\\/\\\/bombazoinformativo.com\\\/wp-content\\\/uploads\\\/2026\\\/01\\\/Foto-web_19.jpeg\",\"width\":1300,\"height\":731},{\"@type\":\"BreadcrumbList\",\"@id\":\"https:\\\/\\\/bombazoinformativo.com\\\/index.php\\\/2026\\\/01\\\/19\\\/presidente-abinader-encabeza-reunion-de-seguimiento-al-plan-de-seguridad-ciudadana-16\\\/#breadcrumb\",\"itemListElement\":[{\"@type\":\"ListItem\",\"position\":1,\"name\":\"Home\",\"item\":\"https:\\\/\\\/bombazoinformativo.com\\\/\"},{\"@type\":\"ListItem\",\"position\":2,\"name\":\"Presidente Abinader encabeza reuni\u00f3n de seguimiento al Plan de Seguridad Ciudadana\"}]},{\"@type\":\"WebSite\",\"@id\":\"https:\\\/\\\/bombazoinformativo.com\\\/#website\",\"url\":\"https:\\\/\\\/bombazoinformativo.com\\\/\",\"name\":\"Bombazo Informativo\",\"description\":\"En el Bombazo Informativo tenemos el objetivo de brindarte informaciones veraces, con claridad y objetividad.\",\"publisher\":{\"@id\":\"https:\\\/\\\/bombazoinformativo.com\\\/#organization\"},\"potentialAction\":[{\"@type\":\"SearchAction\",\"target\":{\"@type\":\"EntryPoint\",\"urlTemplate\":\"https:\\\/\\\/bombazoinformativo.com\\\/?s={search_term_string}\"},\"query-input\":{\"@type\":\"PropertyValueSpecification\",\"valueRequired\":true,\"valueName\":\"search_term_string\"}}],\"inLanguage\":\"es-DO\"},{\"@type\":\"Organization\",\"@id\":\"https:\\\/\\\/bombazoinformativo.com\\\/#organization\",\"name\":\"Bombazo Informativo\",\"url\":\"https:\\\/\\\/bombazoinformativo.com\\\/\",\"logo\":{\"@type\":\"ImageObject\",\"inLanguage\":\"es-DO\",\"@id\":\"https:\\\/\\\/bombazoinformativo.com\\\/#\\\/schema\\\/logo\\\/image\\\/\",\"url\":\"https:\\\/\\\/bombazoinformativo.com\\\/wp-content\\\/uploads\\\/2024\\\/11\\\/cropped-WhatsApp-Image-2024-11-29-at-12.01.48-PM.jpeg\",\"contentUrl\":\"https:\\\/\\\/bombazoinformativo.com\\\/wp-content\\\/uploads\\\/2024\\\/11\\\/cropped-WhatsApp-Image-2024-11-29-at-12.01.48-PM.jpeg\",\"width\":1599,\"height\":315,\"caption\":\"Bombazo Informativo\"},\"image\":{\"@id\":\"https:\\\/\\\/bombazoinformativo.com\\\/#\\\/schema\\\/logo\\\/image\\\/\"}},{\"@type\":\"Person\",\"@id\":\"https:\\\/\\\/bombazoinformativo.com\\\/#\\\/schema\\\/person\\\/8a14f30019ce669c2ff632f56c95babc\",\"name\":\"Bombazo Informativo\",\"image\":{\"@type\":\"ImageObject\",\"inLanguage\":\"es-DO\",\"@id\":\"https:\\\/\\\/bombazoinformativo.com\\\/wp-content\\\/litespeed\\\/avatar\\\/b076bbe918e43ad70d1f99495fbecd83.jpg?ver=1777262154\",\"url\":\"https:\\\/\\\/bombazoinformativo.com\\\/wp-content\\\/litespeed\\\/avatar\\\/b076bbe918e43ad70d1f99495fbecd83.jpg?ver=1777262154\",\"contentUrl\":\"https:\\\/\\\/bombazoinformativo.com\\\/wp-content\\\/litespeed\\\/avatar\\\/b076bbe918e43ad70d1f99495fbecd83.jpg?ver=1777262154\",\"caption\":\"Bombazo Informativo\"},\"url\":\"https:\\\/\\\/bombazoinformativo.com\\\/index.php\\\/author\\\/bombazo-informativo\\\/\"}]}<\/script>\n<!-- \/ Yoast SEO plugin. -->","yoast_head_json":{"title":"Presidente Abinader encabeza reuni\u00f3n de seguimiento al Plan de Seguridad Ciudadana - Bombazo Informativo","description":"El presidente Luis Abinader\u00a0encabeza, en estos momentos, la reuni\u00f3n de seguimiento al\u00a0Plan de Seguridad Ciudadana, con el prop\u00f3sito de\u00a0fortalecer las estrategias\u00a0que se implementan en todo el pa\u00eds para garantizar mayor\u00a0protecci\u00f3n y tranquilidad\u00a0a la poblaci\u00f3n.","robots":{"index":"index","follow":"follow","max-snippet":"max-snippet:-1","max-image-preview":"max-image-preview:large","max-video-preview":"max-video-preview:-1"},"canonical":"https:\/\/bombazoinformativo.com\/index.php\/2026\/01\/19\/presidente-abinader-encabeza-reunion-de-seguimiento-al-plan-de-seguridad-ciudadana-16\/","og_locale":"es_ES","og_type":"article","og_title":"Presidente Abinader encabeza reuni\u00f3n de seguimiento al Plan de Seguridad Ciudadana - Bombazo Informativo","og_description":"El presidente Luis Abinader\u00a0encabeza, en estos momentos, la reuni\u00f3n de seguimiento al\u00a0Plan de Seguridad Ciudadana, con el prop\u00f3sito de\u00a0fortalecer las estrategias\u00a0que se implementan en todo el pa\u00eds para garantizar mayor\u00a0protecci\u00f3n y tranquilidad\u00a0a la poblaci\u00f3n.","og_url":"https:\/\/bombazoinformativo.com\/index.php\/2026\/01\/19\/presidente-abinader-encabeza-reunion-de-seguimiento-al-plan-de-seguridad-ciudadana-16\/","og_site_name":"Bombazo Informativo","article_published_time":"2026-01-19T15:52:56+00:00","article_modified_time":"2026-01-19T15:52:57+00:00","og_image":[{"width":1300,"height":731,"url":"https:\/\/bombazoinformativo.com\/wp-content\/uploads\/2026\/01\/Foto-web_19.jpeg","type":"image\/jpeg"}],"author":"Bombazo Informativo","twitter_card":"summary_large_image","twitter_misc":{"Written by":"Bombazo Informativo","Est. reading time":"3 minutos"},"schema":{"@context":"https:\/\/schema.org","@graph":[{"@type":"Article","@id":"https:\/\/bombazoinformativo.com\/index.php\/2026\/01\/19\/presidente-abinader-encabeza-reunion-de-seguimiento-al-plan-de-seguridad-ciudadana-16\/#article","isPartOf":{"@id":"https:\/\/bombazoinformativo.com\/index.php\/2026\/01\/19\/presidente-abinader-encabeza-reunion-de-seguimiento-al-plan-de-seguridad-ciudadana-16\/"},"author":{"name":"Bombazo Informativo","@id":"https:\/\/bombazoinformativo.com\/#\/schema\/person\/8a14f30019ce669c2ff632f56c95babc"},"headline":"Presidente Abinader encabeza reuni\u00f3n de seguimiento al Plan de Seguridad Ciudadana","datePublished":"2026-01-19T15:52:56+00:00","dateModified":"2026-01-19T15:52:57+00:00","mainEntityOfPage":{"@id":"https:\/\/bombazoinformativo.com\/index.php\/2026\/01\/19\/presidente-abinader-encabeza-reunion-de-seguimiento-al-plan-de-seguridad-ciudadana-16\/"},"wordCount":553,"commentCount":0,"publisher":{"@id":"https:\/\/bombazoinformativo.com\/#organization"},"image":{"@id":"https:\/\/bombazoinformativo.com\/index.php\/2026\/01\/19\/presidente-abinader-encabeza-reunion-de-seguimiento-al-plan-de-seguridad-ciudadana-16\/#primaryimage"},"thumbnailUrl":"https:\/\/bombazoinformativo.com\/wp-content\/uploads\/2026\/01\/Foto-web_19.jpeg","keywords":["Luis Abinader","Presidente","Seguridad Ciudadana"],"articleSection":["Nacionales"],"inLanguage":"es-DO","potentialAction":[{"@type":"CommentAction","name":"Comment","target":["https:\/\/bombazoinformativo.com\/index.php\/2026\/01\/19\/presidente-abinader-encabeza-reunion-de-seguimiento-al-plan-de-seguridad-ciudadana-16\/#respond"]}]},{"@type":"WebPage","@id":"https:\/\/bombazoinformativo.com\/index.php\/2026\/01\/19\/presidente-abinader-encabeza-reunion-de-seguimiento-al-plan-de-seguridad-ciudadana-16\/","url":"https:\/\/bombazoinformativo.com\/index.php\/2026\/01\/19\/presidente-abinader-encabeza-reunion-de-seguimiento-al-plan-de-seguridad-ciudadana-16\/","name":"Presidente Abinader encabeza reuni\u00f3n de seguimiento al Plan de Seguridad Ciudadana - Bombazo Informativo","isPartOf":{"@id":"https:\/\/bombazoinformativo.com\/#website"},"primaryImageOfPage":{"@id":"https:\/\/bombazoinformativo.com\/index.php\/2026\/01\/19\/presidente-abinader-encabeza-reunion-de-seguimiento-al-plan-de-seguridad-ciudadana-16\/#primaryimage"},"image":{"@id":"https:\/\/bombazoinformativo.com\/index.php\/2026\/01\/19\/presidente-abinader-encabeza-reunion-de-seguimiento-al-plan-de-seguridad-ciudadana-16\/#primaryimage"},"thumbnailUrl":"https:\/\/bombazoinformativo.com\/wp-content\/uploads\/2026\/01\/Foto-web_19.jpeg","datePublished":"2026-01-19T15:52:56+00:00","dateModified":"2026-01-19T15:52:57+00:00","description":"El presidente Luis Abinader\u00a0encabeza, en estos momentos, la reuni\u00f3n de seguimiento al\u00a0Plan de Seguridad Ciudadana, con el prop\u00f3sito de\u00a0fortalecer las estrategias\u00a0que se implementan en todo el pa\u00eds para garantizar mayor\u00a0protecci\u00f3n y tranquilidad\u00a0a la poblaci\u00f3n.","breadcrumb":{"@id":"https:\/\/bombazoinformativo.com\/index.php\/2026\/01\/19\/presidente-abinader-encabeza-reunion-de-seguimiento-al-plan-de-seguridad-ciudadana-16\/#breadcrumb"},"inLanguage":"es-DO","potentialAction":[{"@type":"ReadAction","target":["https:\/\/bombazoinformativo.com\/index.php\/2026\/01\/19\/presidente-abinader-encabeza-reunion-de-seguimiento-al-plan-de-seguridad-ciudadana-16\/"]}]},{"@type":"ImageObject","inLanguage":"es-DO","@id":"https:\/\/bombazoinformativo.com\/index.php\/2026\/01\/19\/presidente-abinader-encabeza-reunion-de-seguimiento-al-plan-de-seguridad-ciudadana-16\/#primaryimage","url":"https:\/\/bombazoinformativo.com\/wp-content\/uploads\/2026\/01\/Foto-web_19.jpeg","contentUrl":"https:\/\/bombazoinformativo.com\/wp-content\/uploads\/2026\/01\/Foto-web_19.jpeg","width":1300,"height":731},{"@type":"BreadcrumbList","@id":"https:\/\/bombazoinformativo.com\/index.php\/2026\/01\/19\/presidente-abinader-encabeza-reunion-de-seguimiento-al-plan-de-seguridad-ciudadana-16\/#breadcrumb","itemListElement":[{"@type":"ListItem","position":1,"name":"Home","item":"https:\/\/bombazoinformativo.com\/"},{"@type":"ListItem","position":2,"name":"Presidente Abinader encabeza reuni\u00f3n de seguimiento al Plan de Seguridad Ciudadana"}]},{"@type":"WebSite","@id":"https:\/\/bombazoinformativo.com\/#website","url":"https:\/\/bombazoinformativo.com\/","name":"Bombazo Informativo","description":"En el Bombazo Informativo tenemos el objetivo de brindarte informaciones veraces, con claridad y objetividad.","publisher":{"@id":"https:\/\/bombazoinformativo.com\/#organization"},"potentialAction":[{"@type":"SearchAction","target":{"@type":"EntryPoint","urlTemplate":"https:\/\/bombazoinformativo.com\/?s={search_term_string}"},"query-input":{"@type":"PropertyValueSpecification","valueRequired":true,"valueName":"search_term_string"}}],"inLanguage":"es-DO"},{"@type":"Organization","@id":"https:\/\/bombazoinformativo.com\/#organization","name":"Bombazo Informativo","url":"https:\/\/bombazoinformativo.com\/","logo":{"@type":"ImageObject","inLanguage":"es-DO","@id":"https:\/\/bombazoinformativo.com\/#\/schema\/logo\/image\/","url":"https:\/\/bombazoinformativo.com\/wp-content\/uploads\/2024\/11\/cropped-WhatsApp-Image-2024-11-29-at-12.01.48-PM.jpeg","contentUrl":"https:\/\/bombazoinformativo.com\/wp-content\/uploads\/2024\/11\/cropped-WhatsApp-Image-2024-11-29-at-12.01.48-PM.jpeg","width":1599,"height":315,"caption":"Bombazo Informativo"},"image":{"@id":"https:\/\/bombazoinformativo.com\/#\/schema\/logo\/image\/"}},{"@type":"Person","@id":"https:\/\/bombazoinformativo.com\/#\/schema\/person\/8a14f30019ce669c2ff632f56c95babc","name":"Bombazo Informativo","image":{"@type":"ImageObject","inLanguage":"es-DO","@id":"https:\/\/bombazoinformativo.com\/wp-content\/litespeed\/avatar\/b076bbe918e43ad70d1f99495fbecd83.jpg?ver=1777262154","url":"https:\/\/bombazoinformativo.com\/wp-content\/litespeed\/avatar\/b076bbe918e43ad70d1f99495fbecd83.jpg?ver=1777262154","contentUrl":"https:\/\/bombazoinformativo.com\/wp-content\/litespeed\/avatar\/b076bbe918e43ad70d1f99495fbecd83.jpg?ver=1777262154","caption":"Bombazo Informativo"},"url":"https:\/\/bombazoinformativo.com\/index.php\/author\/bombazo-informativo\/"}]}},"jetpack_featured_media_url":"https:\/\/bombazoinformativo.com\/wp-content\/uploads\/2026\/01\/Foto-web_19.jpeg","jetpack_sharing_enabled":true,"_links":{"self":[{"href":"https:\/\/bombazoinformativo.com\/index.php\/wp-json\/wp\/v2\/posts\/6844","targetHints":{"allow":["GET"]}}],"collection":[{"href":"https:\/\/bombazoinformativo.com\/index.php\/wp-json\/wp\/v2\/posts"}],"about":[{"href":"https:\/\/bombazoinformativo.com\/index.php\/wp-json\/wp\/v2\/types\/post"}],"author":[{"embeddable":true,"href":"https:\/\/bombazoinformativo.com\/index.php\/wp-json\/wp\/v2\/users\/4"}],"replies":[{"embeddable":true,"href":"https:\/\/bombazoinformativo.com\/index.php\/wp-json\/wp\/v2\/comments?post=6844"}],"version-history":[{"count":1,"href":"https:\/\/bombazoinformativo.com\/index.php\/wp-json\/wp\/v2\/posts\/6844\/revisions"}],"predecessor-version":[{"id":6846,"href":"https:\/\/bombazoinformativo.com\/index.php\/wp-json\/wp\/v2\/posts\/6844\/revisions\/6846"}],"wp:featuredmedia":[{"embeddable":true,"href":"https:\/\/bombazoinformativo.com\/index.php\/wp-json\/wp\/v2\/media\/6845"}],"wp:attachment":[{"href":"https:\/\/bombazoinformativo.com\/index.php\/wp-json\/wp\/v2\/media?parent=6844"}],"wp:term":[{"taxonomy":"category","embeddable":true,"href":"https:\/\/bombazoinformativo.com\/index.php\/wp-json\/wp\/v2\/categories?post=6844"},{"taxonomy":"post_tag","embeddable":true,"href":"https:\/\/bombazoinformativo.com\/index.php\/wp-json\/wp\/v2\/tags?post=6844"}],"curies":[{"name":"wp","href":"https:\/\/api.w.org\/{rel}","templated":true}]}}