{"id":6832,"date":"2026-01-19T10:06:45","date_gmt":"2026-01-19T14:06:45","guid":{"rendered":"https:\/\/bombazoinformativo.com\/?p=6832"},"modified":"2026-01-19T10:06:46","modified_gmt":"2026-01-19T14:06:46","slug":"que-se-sabe-hasta-ahora-del-accidente-de-tren-de-adamuz-se-han-reportado-39-personas-fallecidas","status":"publish","type":"post","link":"https:\/\/bombazoinformativo.com\/index.php\/2026\/01\/19\/que-se-sabe-hasta-ahora-del-accidente-de-tren-de-adamuz-se-han-reportado-39-personas-fallecidas\/","title":{"rendered":"Qu\u00e9 se sabe hasta ahora del accidente de tren de Adamuz; se han reportado 39 personas fallecidas"},"content":{"rendered":"\n<p class=\"has-text-align-left\">El accidente ferroviario ocurrido en Adamuz, C\u00f3rdoba, este domingo, ha dejado al menos 39 v\u00edctimas mortales y decenas de heridos, ha generado una profunda conmoci\u00f3n en Espa\u00f1a, al igual que ha provocado una oleada de reacciones por parte de mandatarios de todo el mundo, que han trasladado su p\u00e9same y solidaridad. <\/p>\n\n\n\n<p>El\u00a0accidente\u00a0se produjo hacia las 19:40 horas del domingo, cuando un Iryo que circulaba entre M\u00e1laga y Madrid descarril\u00f3 e impact\u00f3 contra los dos primeros vagones de un Alvia de Renfe, cayendo por\u00a0<strong>un terrapl\u00e9n de unos cuatro metros<\/strong>, por lo que el n\u00famero de fallecidos podr\u00eda aumentar en las pr\u00f3ximas horas.<a href=\"https:\/\/www.infobae.com\/espana\/2026\/01\/18\/una-mujer-de-australia-se-despierta-con-una-piton-en-su-pecho-25-metros-y-el-cuerpo-frio\/\" target=\"_blank\" rel=\"noreferrer noopener\"><\/a><\/p>\n\n\n\n<p><strong>A continuaci\u00f3n destacamos lo que se sabe hasta el momento:<\/strong><\/p>\n\n\n\n<p>&#8211; La UME, la Guardia Civil y el Grupo de Emergencias de Andaluc\u00eda (GREA) est\u00e1n participando en la \u00a0b\u00fasqueda de personas. <\/p>\n\n\n\n<p>Para facilitar la identificaci\u00f3n de las v\u00edctimas, se han habilitado puntos donde los familiares directos pueden aportar muestras de ADN. <\/p>\n\n\n\n<p>El presidente de Renfe, \u00c1lvaro Fern\u00e1ndez Heredia, ha explicado que\u00a0<strong>las tareas presentan una gran dificultad<\/strong>, ya que los dos vagones que han ca\u00eddo por un terrapl\u00e9n han quedado \u201cpr\u00e1cticamente desintegrados\u201d.<\/p>\n\n\n\n<figure class=\"wp-block-image\"><a class=\"recommended-card recommended-card--infobae recommended-card--first\" href=\"https:\/\/www.infobae.com\/espana\/2026\/01\/19\/video-las-imagenes-aereas-del-accidente-ferroviario-de-adamuz-una-recta-con-un-cambio-de-via-dos-trenes-y-cientos-de-rescatistas\/\" target=\"_blank\" rel=\"noreferrer noopener\"><img decoding=\"async\" src=\"https:\/\/www.infobae.com\/resizer\/v2\/YIQPXEERKVDUJAF2XFOSF5N6JM.png?auth=2db9189a2016cd5621a79fa9c3ab2e3bf5c68bdc8650786d406b75629cd7c579&amp;smart=true&amp;width=256&amp;height=140&amp;quality=85\" alt=\"V\u00eddeo | Las im\u00e1genes a\u00e9reas del accidente ferroviario de Adamuz: una recta con un cambio de v\u00eda, dos trenes y cientos de rescatistas\"\/><\/a><\/figure>\n\n\n\n<p><a href=\"https:\/\/www.infobae.com\/espana\/2026\/01\/19\/video-las-imagenes-aereas-del-accidente-ferroviario-de-adamuz-una-recta-con-un-cambio-de-via-dos-trenes-y-cientos-de-rescatistas\/\" target=\"_blank\" rel=\"noreferrer noopener\"><\/a>&#8211; Los primeros cad\u00e1veres ya han llegado al Instituto de Medicina Legal de C\u00f3rdoba, donde se ha reforzado el equipo de forenses. Tambi\u00e9n hay un amplio despliegue de psic\u00f3logos para atender a los familiares de las v\u00edctimas y desaparecidos, y desde el domingo funciona un tel\u00e9fono de Adif (el 900101020) para asistencia a las v\u00edctimas. <\/p>\n\n\n\n<p>En cuanto a los\u00a0<strong>heridos ingresados en la UCI<\/strong>, seg\u00fan ha explicado el presidente de la Junta de Andaluc\u00eda, Juanma Moreno, su vida no corre peligro.<img decoding=\"async\" height=\"3785\" width=\"5678\" src=\"https:\/\/www.infobae.com\/resizer\/v2\/36A6UAPAERHDFGQ5YYU6Q2BDCQ.jpg?auth=27cb37e3e34be979b14e521f267059525f6d81b699b71f322aada0f8fe8572a3&amp;smart=true&amp;width=350&amp;height=233&amp;quality=85\" alt=\"Coordinaci\u00f3n de los equipos emergencias\">Coordinaci\u00f3n de los equipos emergencias en el Polideportivo de Adamuz. (Antonio Sanz. \/ Francisco J. Olmo &#8211; Europa Press)<\/p>\n\n\n\n<p>&#8211; Por el momento, las causas del siniestro se desconocen y la investigaci\u00f3n sigue en curso, aunque el presidente de Renfe ya&nbsp;<strong>ha descartado que el suceso se deba a un error humano<\/strong>&nbsp;o a una velocidad excesiva del tren. Como principales hip\u00f3tesis se barajan un fallo en el convoy o en la v\u00eda, y ser\u00e1 la Comisi\u00f3n de Investigaci\u00f3n de Accidentes Ferroviarios -un organismo independiente aunque adscrito al Ministerio de Transportes- quien se encargue de las pesquisas.<\/p>\n\n\n\n<p><a href=\"https:\/\/www.infobae.com\/espana\/2026\/01\/19\/el-descarrilamiento-en-adamuz-no-sorprende-a-maquinistas-que-circularon-horas-antes-por-esa-via-note-algo-raro-como-el-impacto-de-un-pajaro\/\" target=\"_blank\" rel=\"noreferrer noopener\"><\/a><\/p>\n\n\n\n<figure class=\"wp-block-image\"><a class=\"recommended-card recommended-card--infobae recommended-card--first\" href=\"https:\/\/www.infobae.com\/espana\/2026\/01\/19\/el-descarrilamiento-en-adamuz-no-sorprende-a-maquinistas-que-circularon-horas-antes-por-esa-via-note-algo-raro-como-el-impacto-de-un-pajaro\/\" target=\"_blank\" rel=\"noreferrer noopener\"><img decoding=\"async\" src=\"https:\/\/www.infobae.com\/resizer\/v2\/FS5PX3BDKBCGJNG6NBPWIRQ6NI.JPG?auth=a0a97f990d52da2fe98183d4de995419114d73210d2cc9fe72514655ec2d3222&amp;smart=true&amp;width=258&amp;height=140&amp;quality=85\" alt=\"El descarrilamiento en Adamuz no sorprende a maquinistas que circularon horas antes por esa v\u00eda: \u201cNot\u00e9 algo raro, como el impacto de un p\u00e1jaro\u201d\"\/><\/a><\/figure>\n\n\n\n<p>&#8211; Heredia tambi\u00e9n ha explicado que la tragedia entre ambos trenes debi\u00f3 producirse en apenas 20 segundos: \u201cEl sistema de LZB est\u00e1 equipado de tal manera que cuando hay un obst\u00e1culo en la v\u00eda se bloquea el surco e impide la circulaci\u00f3n y&nbsp;<strong>ordena el frenado de emergencia al tren<\/strong>. Pero al parecer, el intervalo de tiempo entre un tren y otro que se cruzaban en sentidos contrarios ha sido de 20 segundos y, por lo tanto, es imposible que act\u00fae ese mecanismo\u201d, ha se\u00f1alado.<\/p>\n\n\n\n<p>&#8211; Seg\u00fan han informado fuentes de Iryo, el tren que ha descarrilado hab\u00eda sido revisado el pasado 15 de enero, hace tan solo cuatro d\u00edas, y se fabric\u00f3 en 2022. Aunque se trata de dos trenes de caracter\u00edsticas diferentes, son dos modelos punteros en el mercado.<\/p>\n\n\n\n<p>&#8211; Los pasajeros ilesos de los trenes accidentados han sido trasladados, principalmente, en autobuses, mientras que el servicio de alta velocidad entre Madrid y Andaluc\u00eda<strong>&nbsp;a\u00fan tardar\u00e1 varios d\u00edas en recuperarse.<\/strong>Una joven que ha resultado herida en la tragedia ferroviaria cuenta los minutos m\u00e1s cr\u00edticos. Ahora busca a su perro, que viajaba con ella.<\/p>\n\n\n\n<p>&#8211; Tras el accidente, Adamuz ha registrado una notable respuesta solidaria, con numerosas personas acerc\u00e1ndose este lunes a donar sangre, incluso cuando las autoridades aseguraron que las reservas eran suficientes.<\/p>\n\n\n\n<p>&#8211; El accidente de Adamuz representa el primer siniestro de esta magnitud registrado en la red de alta velocidad en Espa\u00f1a. Hasta ahora, el pa\u00eds no hab\u00eda experimentado un accidente ferroviario tan grave en este tipo de infraestructuras, conocidas por sus elevados est\u00e1ndares de seguridad. Este hecho&nbsp;<strong>marca un precedente en la historia del transporte ferroviario<\/strong>.<\/p>\n","protected":false},"excerpt":{"rendered":"<p>El accidente ferroviario ocurrido en Adamuz, C\u00f3rdoba, este domingo, ha dejado al menos 39 v\u00edctimas mortales y decenas de heridos, ha generado una profunda conmoci\u00f3n en Espa\u00f1a, al igual que ha provocado una oleada de reacciones por parte de mandatarios de todo el mundo, que han trasladado su p\u00e9same y solidaridad. El\u00a0accidente\u00a0se produjo hacia las&#8230;<\/p>\n","protected":false},"author":4,"featured_media":6833,"comment_status":"open","ping_status":"open","sticky":false,"template":"","format":"standard","meta":{"_jetpack_memberships_contains_paid_content":false,"footnotes":""},"categories":[15],"tags":[322,2911,35,595,2084],"class_list":["post-6832","post","type-post","status-publish","format-standard","has-post-thumbnail","hentry","category-internacionales","tag-accidente","tag-adamuz","tag-espana","tag-fallecidos","tag-trenes"],"yoast_head":"<!-- This site is optimized with the Yoast SEO plugin v27.4 - https:\/\/yoast.com\/product\/yoast-seo-wordpress\/ -->\n<title>Qu\u00e9 se sabe hasta ahora del accidente de tren de Adamuz; se han reportado 39 personas fallecidas - Bombazo Informativo<\/title>\n<meta name=\"description\" content=\"El accidente ferroviario ocurrido en Adamuz, C\u00f3rdoba, este domingo, ha dejado al menos 39 v\u00edctimas mortales y decenas de heridos, ha generado una profunda conmoci\u00f3n en Espa\u00f1a, al igual que ha provocado una oleada de reacciones por parte de mandatarios de todo el mundo,\" \/>\n<meta name=\"robots\" content=\"index, follow, max-snippet:-1, max-image-preview:large, max-video-preview:-1\" \/>\n<link rel=\"canonical\" href=\"https:\/\/bombazoinformativo.com\/index.php\/2026\/01\/19\/que-se-sabe-hasta-ahora-del-accidente-de-tren-de-adamuz-se-han-reportado-39-personas-fallecidas\/\" \/>\n<meta property=\"og:locale\" content=\"es_ES\" \/>\n<meta property=\"og:type\" content=\"article\" \/>\n<meta property=\"og:title\" content=\"Qu\u00e9 se sabe hasta ahora del accidente de tren de Adamuz; se han reportado 39 personas fallecidas - Bombazo Informativo\" \/>\n<meta property=\"og:description\" content=\"El accidente ferroviario ocurrido en Adamuz, C\u00f3rdoba, este domingo, ha dejado al menos 39 v\u00edctimas mortales y decenas de heridos, ha generado una profunda conmoci\u00f3n en Espa\u00f1a, al igual que ha provocado una oleada de reacciones por parte de mandatarios de todo el mundo,\" \/>\n<meta property=\"og:url\" content=\"https:\/\/bombazoinformativo.com\/index.php\/2026\/01\/19\/que-se-sabe-hasta-ahora-del-accidente-de-tren-de-adamuz-se-han-reportado-39-personas-fallecidas\/\" \/>\n<meta property=\"og:site_name\" content=\"Bombazo Informativo\" \/>\n<meta property=\"article:published_time\" content=\"2026-01-19T14:06:45+00:00\" \/>\n<meta property=\"article:modified_time\" content=\"2026-01-19T14:06:46+00:00\" \/>\n<meta name=\"author\" content=\"Bombazo Informativo\" \/>\n<meta name=\"twitter:card\" content=\"summary_large_image\" \/>\n<meta name=\"twitter:label1\" content=\"Written by\" \/>\n\t<meta name=\"twitter:data1\" content=\"Bombazo Informativo\" \/>\n\t<meta name=\"twitter:label2\" content=\"Est. reading time\" \/>\n\t<meta name=\"twitter:data2\" content=\"4 minutos\" \/>\n<script type=\"application\/ld+json\" class=\"yoast-schema-graph\">{\"@context\":\"https:\\\/\\\/schema.org\",\"@graph\":[{\"@type\":\"Article\",\"@id\":\"https:\\\/\\\/bombazoinformativo.com\\\/index.php\\\/2026\\\/01\\\/19\\\/que-se-sabe-hasta-ahora-del-accidente-de-tren-de-adamuz-se-han-reportado-39-personas-fallecidas\\\/#article\",\"isPartOf\":{\"@id\":\"https:\\\/\\\/bombazoinformativo.com\\\/index.php\\\/2026\\\/01\\\/19\\\/que-se-sabe-hasta-ahora-del-accidente-de-tren-de-adamuz-se-han-reportado-39-personas-fallecidas\\\/\"},\"author\":{\"name\":\"Bombazo Informativo\",\"@id\":\"https:\\\/\\\/bombazoinformativo.com\\\/#\\\/schema\\\/person\\\/8a14f30019ce669c2ff632f56c95babc\"},\"headline\":\"Qu\u00e9 se sabe hasta ahora del accidente de tren de Adamuz; se han reportado 39 personas fallecidas\",\"datePublished\":\"2026-01-19T14:06:45+00:00\",\"dateModified\":\"2026-01-19T14:06:46+00:00\",\"mainEntityOfPage\":{\"@id\":\"https:\\\/\\\/bombazoinformativo.com\\\/index.php\\\/2026\\\/01\\\/19\\\/que-se-sabe-hasta-ahora-del-accidente-de-tren-de-adamuz-se-han-reportado-39-personas-fallecidas\\\/\"},\"wordCount\":704,\"commentCount\":0,\"publisher\":{\"@id\":\"https:\\\/\\\/bombazoinformativo.com\\\/#organization\"},\"image\":{\"@id\":\"https:\\\/\\\/bombazoinformativo.com\\\/index.php\\\/2026\\\/01\\\/19\\\/que-se-sabe-hasta-ahora-del-accidente-de-tren-de-adamuz-se-han-reportado-39-personas-fallecidas\\\/#primaryimage\"},\"thumbnailUrl\":\"https:\\\/\\\/bombazoinformativo.com\\\/wp-content\\\/uploads\\\/2026\\\/01\\\/3M3ETHNF5RCHPMPTYA2FIQIEQA.avif\",\"keywords\":[\"Accidente\",\"Adamuz\",\"Espa\u00f1a\",\"Fallecidos\",\"Trenes\"],\"articleSection\":[\"Internacionales\"],\"inLanguage\":\"es-DO\",\"potentialAction\":[{\"@type\":\"CommentAction\",\"name\":\"Comment\",\"target\":[\"https:\\\/\\\/bombazoinformativo.com\\\/index.php\\\/2026\\\/01\\\/19\\\/que-se-sabe-hasta-ahora-del-accidente-de-tren-de-adamuz-se-han-reportado-39-personas-fallecidas\\\/#respond\"]}]},{\"@type\":\"WebPage\",\"@id\":\"https:\\\/\\\/bombazoinformativo.com\\\/index.php\\\/2026\\\/01\\\/19\\\/que-se-sabe-hasta-ahora-del-accidente-de-tren-de-adamuz-se-han-reportado-39-personas-fallecidas\\\/\",\"url\":\"https:\\\/\\\/bombazoinformativo.com\\\/index.php\\\/2026\\\/01\\\/19\\\/que-se-sabe-hasta-ahora-del-accidente-de-tren-de-adamuz-se-han-reportado-39-personas-fallecidas\\\/\",\"name\":\"Qu\u00e9 se sabe hasta ahora del accidente de tren de Adamuz; se han reportado 39 personas fallecidas - Bombazo Informativo\",\"isPartOf\":{\"@id\":\"https:\\\/\\\/bombazoinformativo.com\\\/#website\"},\"primaryImageOfPage\":{\"@id\":\"https:\\\/\\\/bombazoinformativo.com\\\/index.php\\\/2026\\\/01\\\/19\\\/que-se-sabe-hasta-ahora-del-accidente-de-tren-de-adamuz-se-han-reportado-39-personas-fallecidas\\\/#primaryimage\"},\"image\":{\"@id\":\"https:\\\/\\\/bombazoinformativo.com\\\/index.php\\\/2026\\\/01\\\/19\\\/que-se-sabe-hasta-ahora-del-accidente-de-tren-de-adamuz-se-han-reportado-39-personas-fallecidas\\\/#primaryimage\"},\"thumbnailUrl\":\"https:\\\/\\\/bombazoinformativo.com\\\/wp-content\\\/uploads\\\/2026\\\/01\\\/3M3ETHNF5RCHPMPTYA2FIQIEQA.avif\",\"datePublished\":\"2026-01-19T14:06:45+00:00\",\"dateModified\":\"2026-01-19T14:06:46+00:00\",\"description\":\"El accidente ferroviario ocurrido en Adamuz, C\u00f3rdoba, este domingo, ha dejado al menos 39 v\u00edctimas mortales y decenas de heridos, ha generado una profunda conmoci\u00f3n en Espa\u00f1a, al igual que ha provocado una oleada de reacciones por parte de mandatarios de todo el mundo,\",\"breadcrumb\":{\"@id\":\"https:\\\/\\\/bombazoinformativo.com\\\/index.php\\\/2026\\\/01\\\/19\\\/que-se-sabe-hasta-ahora-del-accidente-de-tren-de-adamuz-se-han-reportado-39-personas-fallecidas\\\/#breadcrumb\"},\"inLanguage\":\"es-DO\",\"potentialAction\":[{\"@type\":\"ReadAction\",\"target\":[\"https:\\\/\\\/bombazoinformativo.com\\\/index.php\\\/2026\\\/01\\\/19\\\/que-se-sabe-hasta-ahora-del-accidente-de-tren-de-adamuz-se-han-reportado-39-personas-fallecidas\\\/\"]}]},{\"@type\":\"ImageObject\",\"inLanguage\":\"es-DO\",\"@id\":\"https:\\\/\\\/bombazoinformativo.com\\\/index.php\\\/2026\\\/01\\\/19\\\/que-se-sabe-hasta-ahora-del-accidente-de-tren-de-adamuz-se-han-reportado-39-personas-fallecidas\\\/#primaryimage\",\"url\":\"https:\\\/\\\/bombazoinformativo.com\\\/wp-content\\\/uploads\\\/2026\\\/01\\\/3M3ETHNF5RCHPMPTYA2FIQIEQA.avif\",\"contentUrl\":\"https:\\\/\\\/bombazoinformativo.com\\\/wp-content\\\/uploads\\\/2026\\\/01\\\/3M3ETHNF5RCHPMPTYA2FIQIEQA.avif\",\"width\":992,\"height\":744},{\"@type\":\"BreadcrumbList\",\"@id\":\"https:\\\/\\\/bombazoinformativo.com\\\/index.php\\\/2026\\\/01\\\/19\\\/que-se-sabe-hasta-ahora-del-accidente-de-tren-de-adamuz-se-han-reportado-39-personas-fallecidas\\\/#breadcrumb\",\"itemListElement\":[{\"@type\":\"ListItem\",\"position\":1,\"name\":\"Home\",\"item\":\"https:\\\/\\\/bombazoinformativo.com\\\/\"},{\"@type\":\"ListItem\",\"position\":2,\"name\":\"Qu\u00e9 se sabe hasta ahora del accidente de tren de Adamuz; se han reportado 39 personas fallecidas\"}]},{\"@type\":\"WebSite\",\"@id\":\"https:\\\/\\\/bombazoinformativo.com\\\/#website\",\"url\":\"https:\\\/\\\/bombazoinformativo.com\\\/\",\"name\":\"Bombazo Informativo\",\"description\":\"En el Bombazo Informativo tenemos el objetivo de brindarte informaciones veraces, con claridad y objetividad.\",\"publisher\":{\"@id\":\"https:\\\/\\\/bombazoinformativo.com\\\/#organization\"},\"potentialAction\":[{\"@type\":\"SearchAction\",\"target\":{\"@type\":\"EntryPoint\",\"urlTemplate\":\"https:\\\/\\\/bombazoinformativo.com\\\/?s={search_term_string}\"},\"query-input\":{\"@type\":\"PropertyValueSpecification\",\"valueRequired\":true,\"valueName\":\"search_term_string\"}}],\"inLanguage\":\"es-DO\"},{\"@type\":\"Organization\",\"@id\":\"https:\\\/\\\/bombazoinformativo.com\\\/#organization\",\"name\":\"Bombazo Informativo\",\"url\":\"https:\\\/\\\/bombazoinformativo.com\\\/\",\"logo\":{\"@type\":\"ImageObject\",\"inLanguage\":\"es-DO\",\"@id\":\"https:\\\/\\\/bombazoinformativo.com\\\/#\\\/schema\\\/logo\\\/image\\\/\",\"url\":\"https:\\\/\\\/bombazoinformativo.com\\\/wp-content\\\/uploads\\\/2024\\\/11\\\/cropped-WhatsApp-Image-2024-11-29-at-12.01.48-PM.jpeg\",\"contentUrl\":\"https:\\\/\\\/bombazoinformativo.com\\\/wp-content\\\/uploads\\\/2024\\\/11\\\/cropped-WhatsApp-Image-2024-11-29-at-12.01.48-PM.jpeg\",\"width\":1599,\"height\":315,\"caption\":\"Bombazo Informativo\"},\"image\":{\"@id\":\"https:\\\/\\\/bombazoinformativo.com\\\/#\\\/schema\\\/logo\\\/image\\\/\"}},{\"@type\":\"Person\",\"@id\":\"https:\\\/\\\/bombazoinformativo.com\\\/#\\\/schema\\\/person\\\/8a14f30019ce669c2ff632f56c95babc\",\"name\":\"Bombazo Informativo\",\"image\":{\"@type\":\"ImageObject\",\"inLanguage\":\"es-DO\",\"@id\":\"https:\\\/\\\/bombazoinformativo.com\\\/wp-content\\\/litespeed\\\/avatar\\\/b076bbe918e43ad70d1f99495fbecd83.jpg?ver=1777262154\",\"url\":\"https:\\\/\\\/bombazoinformativo.com\\\/wp-content\\\/litespeed\\\/avatar\\\/b076bbe918e43ad70d1f99495fbecd83.jpg?ver=1777262154\",\"contentUrl\":\"https:\\\/\\\/bombazoinformativo.com\\\/wp-content\\\/litespeed\\\/avatar\\\/b076bbe918e43ad70d1f99495fbecd83.jpg?ver=1777262154\",\"caption\":\"Bombazo Informativo\"},\"url\":\"https:\\\/\\\/bombazoinformativo.com\\\/index.php\\\/author\\\/bombazo-informativo\\\/\"}]}<\/script>\n<!-- \/ Yoast SEO plugin. -->","yoast_head_json":{"title":"Qu\u00e9 se sabe hasta ahora del accidente de tren de Adamuz; se han reportado 39 personas fallecidas - Bombazo Informativo","description":"El accidente ferroviario ocurrido en Adamuz, C\u00f3rdoba, este domingo, ha dejado al menos 39 v\u00edctimas mortales y decenas de heridos, ha generado una profunda conmoci\u00f3n en Espa\u00f1a, al igual que ha provocado una oleada de reacciones por parte de mandatarios de todo el mundo,","robots":{"index":"index","follow":"follow","max-snippet":"max-snippet:-1","max-image-preview":"max-image-preview:large","max-video-preview":"max-video-preview:-1"},"canonical":"https:\/\/bombazoinformativo.com\/index.php\/2026\/01\/19\/que-se-sabe-hasta-ahora-del-accidente-de-tren-de-adamuz-se-han-reportado-39-personas-fallecidas\/","og_locale":"es_ES","og_type":"article","og_title":"Qu\u00e9 se sabe hasta ahora del accidente de tren de Adamuz; se han reportado 39 personas fallecidas - Bombazo Informativo","og_description":"El accidente ferroviario ocurrido en Adamuz, C\u00f3rdoba, este domingo, ha dejado al menos 39 v\u00edctimas mortales y decenas de heridos, ha generado una profunda conmoci\u00f3n en Espa\u00f1a, al igual que ha provocado una oleada de reacciones por parte de mandatarios de todo el mundo,","og_url":"https:\/\/bombazoinformativo.com\/index.php\/2026\/01\/19\/que-se-sabe-hasta-ahora-del-accidente-de-tren-de-adamuz-se-han-reportado-39-personas-fallecidas\/","og_site_name":"Bombazo Informativo","article_published_time":"2026-01-19T14:06:45+00:00","article_modified_time":"2026-01-19T14:06:46+00:00","author":"Bombazo Informativo","twitter_card":"summary_large_image","twitter_misc":{"Written by":"Bombazo Informativo","Est. reading time":"4 minutos"},"schema":{"@context":"https:\/\/schema.org","@graph":[{"@type":"Article","@id":"https:\/\/bombazoinformativo.com\/index.php\/2026\/01\/19\/que-se-sabe-hasta-ahora-del-accidente-de-tren-de-adamuz-se-han-reportado-39-personas-fallecidas\/#article","isPartOf":{"@id":"https:\/\/bombazoinformativo.com\/index.php\/2026\/01\/19\/que-se-sabe-hasta-ahora-del-accidente-de-tren-de-adamuz-se-han-reportado-39-personas-fallecidas\/"},"author":{"name":"Bombazo Informativo","@id":"https:\/\/bombazoinformativo.com\/#\/schema\/person\/8a14f30019ce669c2ff632f56c95babc"},"headline":"Qu\u00e9 se sabe hasta ahora del accidente de tren de Adamuz; se han reportado 39 personas fallecidas","datePublished":"2026-01-19T14:06:45+00:00","dateModified":"2026-01-19T14:06:46+00:00","mainEntityOfPage":{"@id":"https:\/\/bombazoinformativo.com\/index.php\/2026\/01\/19\/que-se-sabe-hasta-ahora-del-accidente-de-tren-de-adamuz-se-han-reportado-39-personas-fallecidas\/"},"wordCount":704,"commentCount":0,"publisher":{"@id":"https:\/\/bombazoinformativo.com\/#organization"},"image":{"@id":"https:\/\/bombazoinformativo.com\/index.php\/2026\/01\/19\/que-se-sabe-hasta-ahora-del-accidente-de-tren-de-adamuz-se-han-reportado-39-personas-fallecidas\/#primaryimage"},"thumbnailUrl":"https:\/\/bombazoinformativo.com\/wp-content\/uploads\/2026\/01\/3M3ETHNF5RCHPMPTYA2FIQIEQA.avif","keywords":["Accidente","Adamuz","Espa\u00f1a","Fallecidos","Trenes"],"articleSection":["Internacionales"],"inLanguage":"es-DO","potentialAction":[{"@type":"CommentAction","name":"Comment","target":["https:\/\/bombazoinformativo.com\/index.php\/2026\/01\/19\/que-se-sabe-hasta-ahora-del-accidente-de-tren-de-adamuz-se-han-reportado-39-personas-fallecidas\/#respond"]}]},{"@type":"WebPage","@id":"https:\/\/bombazoinformativo.com\/index.php\/2026\/01\/19\/que-se-sabe-hasta-ahora-del-accidente-de-tren-de-adamuz-se-han-reportado-39-personas-fallecidas\/","url":"https:\/\/bombazoinformativo.com\/index.php\/2026\/01\/19\/que-se-sabe-hasta-ahora-del-accidente-de-tren-de-adamuz-se-han-reportado-39-personas-fallecidas\/","name":"Qu\u00e9 se sabe hasta ahora del accidente de tren de Adamuz; se han reportado 39 personas fallecidas - Bombazo Informativo","isPartOf":{"@id":"https:\/\/bombazoinformativo.com\/#website"},"primaryImageOfPage":{"@id":"https:\/\/bombazoinformativo.com\/index.php\/2026\/01\/19\/que-se-sabe-hasta-ahora-del-accidente-de-tren-de-adamuz-se-han-reportado-39-personas-fallecidas\/#primaryimage"},"image":{"@id":"https:\/\/bombazoinformativo.com\/index.php\/2026\/01\/19\/que-se-sabe-hasta-ahora-del-accidente-de-tren-de-adamuz-se-han-reportado-39-personas-fallecidas\/#primaryimage"},"thumbnailUrl":"https:\/\/bombazoinformativo.com\/wp-content\/uploads\/2026\/01\/3M3ETHNF5RCHPMPTYA2FIQIEQA.avif","datePublished":"2026-01-19T14:06:45+00:00","dateModified":"2026-01-19T14:06:46+00:00","description":"El accidente ferroviario ocurrido en Adamuz, C\u00f3rdoba, este domingo, ha dejado al menos 39 v\u00edctimas mortales y decenas de heridos, ha generado una profunda conmoci\u00f3n en Espa\u00f1a, al igual que ha provocado una oleada de reacciones por parte de mandatarios de todo el mundo,","breadcrumb":{"@id":"https:\/\/bombazoinformativo.com\/index.php\/2026\/01\/19\/que-se-sabe-hasta-ahora-del-accidente-de-tren-de-adamuz-se-han-reportado-39-personas-fallecidas\/#breadcrumb"},"inLanguage":"es-DO","potentialAction":[{"@type":"ReadAction","target":["https:\/\/bombazoinformativo.com\/index.php\/2026\/01\/19\/que-se-sabe-hasta-ahora-del-accidente-de-tren-de-adamuz-se-han-reportado-39-personas-fallecidas\/"]}]},{"@type":"ImageObject","inLanguage":"es-DO","@id":"https:\/\/bombazoinformativo.com\/index.php\/2026\/01\/19\/que-se-sabe-hasta-ahora-del-accidente-de-tren-de-adamuz-se-han-reportado-39-personas-fallecidas\/#primaryimage","url":"https:\/\/bombazoinformativo.com\/wp-content\/uploads\/2026\/01\/3M3ETHNF5RCHPMPTYA2FIQIEQA.avif","contentUrl":"https:\/\/bombazoinformativo.com\/wp-content\/uploads\/2026\/01\/3M3ETHNF5RCHPMPTYA2FIQIEQA.avif","width":992,"height":744},{"@type":"BreadcrumbList","@id":"https:\/\/bombazoinformativo.com\/index.php\/2026\/01\/19\/que-se-sabe-hasta-ahora-del-accidente-de-tren-de-adamuz-se-han-reportado-39-personas-fallecidas\/#breadcrumb","itemListElement":[{"@type":"ListItem","position":1,"name":"Home","item":"https:\/\/bombazoinformativo.com\/"},{"@type":"ListItem","position":2,"name":"Qu\u00e9 se sabe hasta ahora del accidente de tren de Adamuz; se han reportado 39 personas fallecidas"}]},{"@type":"WebSite","@id":"https:\/\/bombazoinformativo.com\/#website","url":"https:\/\/bombazoinformativo.com\/","name":"Bombazo Informativo","description":"En el Bombazo Informativo tenemos el objetivo de brindarte informaciones veraces, con claridad y objetividad.","publisher":{"@id":"https:\/\/bombazoinformativo.com\/#organization"},"potentialAction":[{"@type":"SearchAction","target":{"@type":"EntryPoint","urlTemplate":"https:\/\/bombazoinformativo.com\/?s={search_term_string}"},"query-input":{"@type":"PropertyValueSpecification","valueRequired":true,"valueName":"search_term_string"}}],"inLanguage":"es-DO"},{"@type":"Organization","@id":"https:\/\/bombazoinformativo.com\/#organization","name":"Bombazo Informativo","url":"https:\/\/bombazoinformativo.com\/","logo":{"@type":"ImageObject","inLanguage":"es-DO","@id":"https:\/\/bombazoinformativo.com\/#\/schema\/logo\/image\/","url":"https:\/\/bombazoinformativo.com\/wp-content\/uploads\/2024\/11\/cropped-WhatsApp-Image-2024-11-29-at-12.01.48-PM.jpeg","contentUrl":"https:\/\/bombazoinformativo.com\/wp-content\/uploads\/2024\/11\/cropped-WhatsApp-Image-2024-11-29-at-12.01.48-PM.jpeg","width":1599,"height":315,"caption":"Bombazo Informativo"},"image":{"@id":"https:\/\/bombazoinformativo.com\/#\/schema\/logo\/image\/"}},{"@type":"Person","@id":"https:\/\/bombazoinformativo.com\/#\/schema\/person\/8a14f30019ce669c2ff632f56c95babc","name":"Bombazo Informativo","image":{"@type":"ImageObject","inLanguage":"es-DO","@id":"https:\/\/bombazoinformativo.com\/wp-content\/litespeed\/avatar\/b076bbe918e43ad70d1f99495fbecd83.jpg?ver=1777262154","url":"https:\/\/bombazoinformativo.com\/wp-content\/litespeed\/avatar\/b076bbe918e43ad70d1f99495fbecd83.jpg?ver=1777262154","contentUrl":"https:\/\/bombazoinformativo.com\/wp-content\/litespeed\/avatar\/b076bbe918e43ad70d1f99495fbecd83.jpg?ver=1777262154","caption":"Bombazo Informativo"},"url":"https:\/\/bombazoinformativo.com\/index.php\/author\/bombazo-informativo\/"}]}},"jetpack_featured_media_url":"https:\/\/bombazoinformativo.com\/wp-content\/uploads\/2026\/01\/3M3ETHNF5RCHPMPTYA2FIQIEQA.avif","jetpack_sharing_enabled":true,"_links":{"self":[{"href":"https:\/\/bombazoinformativo.com\/index.php\/wp-json\/wp\/v2\/posts\/6832","targetHints":{"allow":["GET"]}}],"collection":[{"href":"https:\/\/bombazoinformativo.com\/index.php\/wp-json\/wp\/v2\/posts"}],"about":[{"href":"https:\/\/bombazoinformativo.com\/index.php\/wp-json\/wp\/v2\/types\/post"}],"author":[{"embeddable":true,"href":"https:\/\/bombazoinformativo.com\/index.php\/wp-json\/wp\/v2\/users\/4"}],"replies":[{"embeddable":true,"href":"https:\/\/bombazoinformativo.com\/index.php\/wp-json\/wp\/v2\/comments?post=6832"}],"version-history":[{"count":2,"href":"https:\/\/bombazoinformativo.com\/index.php\/wp-json\/wp\/v2\/posts\/6832\/revisions"}],"predecessor-version":[{"id":6835,"href":"https:\/\/bombazoinformativo.com\/index.php\/wp-json\/wp\/v2\/posts\/6832\/revisions\/6835"}],"wp:featuredmedia":[{"embeddable":true,"href":"https:\/\/bombazoinformativo.com\/index.php\/wp-json\/wp\/v2\/media\/6833"}],"wp:attachment":[{"href":"https:\/\/bombazoinformativo.com\/index.php\/wp-json\/wp\/v2\/media?parent=6832"}],"wp:term":[{"taxonomy":"category","embeddable":true,"href":"https:\/\/bombazoinformativo.com\/index.php\/wp-json\/wp\/v2\/categories?post=6832"},{"taxonomy":"post_tag","embeddable":true,"href":"https:\/\/bombazoinformativo.com\/index.php\/wp-json\/wp\/v2\/tags?post=6832"}],"curies":[{"name":"wp","href":"https:\/\/api.w.org\/{rel}","templated":true}]}}