{"id":6819,"date":"2026-01-16T11:06:22","date_gmt":"2026-01-16T15:06:22","guid":{"rendered":"https:\/\/bombazoinformativo.com\/?p=6819"},"modified":"2026-01-16T11:06:23","modified_gmt":"2026-01-16T15:06:23","slug":"ministerio-de-trabajo-reitera-que-el-dia-de-nuestra-senora-de-la-altagracia-no-se-cambia","status":"publish","type":"post","link":"https:\/\/bombazoinformativo.com\/index.php\/2026\/01\/16\/ministerio-de-trabajo-reitera-que-el-dia-de-nuestra-senora-de-la-altagracia-no-se-cambia\/","title":{"rendered":"Ministerio de Trabajo reitera que el D\u00eda de Nuestra Se\u00f1ora de la Altagracia no se cambia"},"content":{"rendered":"\n<p>Santo Domingo.\u2013 El&nbsp;<strong>Ministerio de Trabajo<\/strong>&nbsp;record\u00f3 a&nbsp;<strong>empleadores y trabajadores<\/strong>&nbsp;de la Rep\u00fablica Dominicana que el&nbsp;<strong>mi\u00e9rcoles 21 de enero,<\/strong>&nbsp;con motivo de la celebraci\u00f3n del&nbsp;<strong>D\u00eda de Nuestra Se\u00f1ora de la Altagracia<\/strong>, es&nbsp;<strong>feriado<\/strong>&nbsp;no laborable y&nbsp;<strong>no est\u00e1 sujeto a cambios<\/strong>, por lo que deber\u00e1 cumplirse conforme a lo establecido en la&nbsp;<strong>Ley 139-97.<\/strong><\/p>\n\n\n\n<p>La celebraci\u00f3n de esta fecha deber\u00e1 ser aplicada en todos los establecimientos del pa\u00eds.<\/p>\n","protected":false},"excerpt":{"rendered":"<p>Santo Domingo.\u2013 El&nbsp;Ministerio de Trabajo&nbsp;record\u00f3 a&nbsp;empleadores y trabajadores&nbsp;de la Rep\u00fablica Dominicana que el&nbsp;mi\u00e9rcoles 21 de enero,&nbsp;con motivo de la celebraci\u00f3n del&nbsp;D\u00eda de Nuestra Se\u00f1ora de la Altagracia, es&nbsp;feriado&nbsp;no laborable y&nbsp;no est\u00e1 sujeto a cambios, por lo que deber\u00e1 cumplirse conforme a lo establecido en la&nbsp;Ley 139-97. La celebraci\u00f3n de esta fecha deber\u00e1 ser aplicada en&#8230;<\/p>\n","protected":false},"author":4,"featured_media":4979,"comment_status":"open","ping_status":"open","sticky":false,"template":"","format":"standard","meta":{"_jetpack_memberships_contains_paid_content":false,"footnotes":""},"categories":[24],"tags":[794,90,1960],"class_list":["post-6819","post","type-post","status-publish","format-standard","has-post-thumbnail","hentry","category-nacionales","tag-feriado","tag-ministerio-de-trabajo","tag-nuestra-senora-de-la-altagracia"],"yoast_head":"<!-- This site is optimized with the Yoast SEO plugin v27.4 - https:\/\/yoast.com\/product\/yoast-seo-wordpress\/ -->\n<title>Ministerio de Trabajo reitera que el D\u00eda de Nuestra Se\u00f1ora de la Altagracia no se cambia - Bombazo Informativo<\/title>\n<meta name=\"description\" content=\"El\u00a0Ministerio de Trabajo\u00a0record\u00f3 a\u00a0empleadores y trabajadores\u00a0de la Rep\u00fablica Dominicana que el\u00a0mi\u00e9rcoles 21 de enero,\u00a0con motivo de la celebraci\u00f3n del\u00a0D\u00eda de Nuestra Se\u00f1ora de la Altagracia, es\u00a0feriado\u00a0no laborable y\u00a0no est\u00e1 sujeto a cambios\" \/>\n<meta name=\"robots\" content=\"index, follow, max-snippet:-1, max-image-preview:large, max-video-preview:-1\" \/>\n<link rel=\"canonical\" href=\"https:\/\/bombazoinformativo.com\/index.php\/2026\/01\/16\/ministerio-de-trabajo-reitera-que-el-dia-de-nuestra-senora-de-la-altagracia-no-se-cambia\/\" \/>\n<meta property=\"og:locale\" content=\"es_ES\" \/>\n<meta property=\"og:type\" content=\"article\" \/>\n<meta property=\"og:title\" content=\"Ministerio de Trabajo reitera que el D\u00eda de Nuestra Se\u00f1ora de la Altagracia no se cambia - Bombazo Informativo\" \/>\n<meta property=\"og:description\" content=\"El\u00a0Ministerio de Trabajo\u00a0record\u00f3 a\u00a0empleadores y trabajadores\u00a0de la Rep\u00fablica Dominicana que el\u00a0mi\u00e9rcoles 21 de enero,\u00a0con motivo de la celebraci\u00f3n del\u00a0D\u00eda de Nuestra Se\u00f1ora de la Altagracia, es\u00a0feriado\u00a0no laborable y\u00a0no est\u00e1 sujeto a cambios\" \/>\n<meta property=\"og:url\" content=\"https:\/\/bombazoinformativo.com\/index.php\/2026\/01\/16\/ministerio-de-trabajo-reitera-que-el-dia-de-nuestra-senora-de-la-altagracia-no-se-cambia\/\" \/>\n<meta property=\"og:site_name\" content=\"Bombazo Informativo\" \/>\n<meta property=\"article:published_time\" content=\"2026-01-16T15:06:22+00:00\" \/>\n<meta property=\"article:modified_time\" content=\"2026-01-16T15:06:23+00:00\" \/>\n<meta property=\"og:image\" content=\"https:\/\/bombazoinformativo.com\/wp-content\/uploads\/2025\/04\/Trabajo_0.jpeg\" \/>\n\t<meta property=\"og:image:width\" content=\"1300\" \/>\n\t<meta property=\"og:image:height\" content=\"731\" \/>\n\t<meta property=\"og:image:type\" content=\"image\/jpeg\" \/>\n<meta name=\"author\" content=\"Bombazo Informativo\" \/>\n<meta name=\"twitter:card\" content=\"summary_large_image\" \/>\n<meta name=\"twitter:label1\" content=\"Written by\" \/>\n\t<meta name=\"twitter:data1\" content=\"Bombazo Informativo\" \/>\n\t<meta name=\"twitter:label2\" content=\"Est. reading time\" \/>\n\t<meta name=\"twitter:data2\" content=\"1 minuto\" \/>\n<script type=\"application\/ld+json\" class=\"yoast-schema-graph\">{\"@context\":\"https:\\\/\\\/schema.org\",\"@graph\":[{\"@type\":\"Article\",\"@id\":\"https:\\\/\\\/bombazoinformativo.com\\\/index.php\\\/2026\\\/01\\\/16\\\/ministerio-de-trabajo-reitera-que-el-dia-de-nuestra-senora-de-la-altagracia-no-se-cambia\\\/#article\",\"isPartOf\":{\"@id\":\"https:\\\/\\\/bombazoinformativo.com\\\/index.php\\\/2026\\\/01\\\/16\\\/ministerio-de-trabajo-reitera-que-el-dia-de-nuestra-senora-de-la-altagracia-no-se-cambia\\\/\"},\"author\":{\"name\":\"Bombazo Informativo\",\"@id\":\"https:\\\/\\\/bombazoinformativo.com\\\/#\\\/schema\\\/person\\\/8a14f30019ce669c2ff632f56c95babc\"},\"headline\":\"Ministerio de Trabajo reitera que el D\u00eda de Nuestra Se\u00f1ora de la Altagracia no se cambia\",\"datePublished\":\"2026-01-16T15:06:22+00:00\",\"dateModified\":\"2026-01-16T15:06:23+00:00\",\"mainEntityOfPage\":{\"@id\":\"https:\\\/\\\/bombazoinformativo.com\\\/index.php\\\/2026\\\/01\\\/16\\\/ministerio-de-trabajo-reitera-que-el-dia-de-nuestra-senora-de-la-altagracia-no-se-cambia\\\/\"},\"wordCount\":106,\"commentCount\":0,\"publisher\":{\"@id\":\"https:\\\/\\\/bombazoinformativo.com\\\/#organization\"},\"image\":{\"@id\":\"https:\\\/\\\/bombazoinformativo.com\\\/index.php\\\/2026\\\/01\\\/16\\\/ministerio-de-trabajo-reitera-que-el-dia-de-nuestra-senora-de-la-altagracia-no-se-cambia\\\/#primaryimage\"},\"thumbnailUrl\":\"https:\\\/\\\/bombazoinformativo.com\\\/wp-content\\\/uploads\\\/2025\\\/04\\\/Trabajo_0.jpeg\",\"keywords\":[\"Feriado\",\"Ministerio de Trabajo\",\"Nuestra Se\u00f1ora de la Altagracia\"],\"articleSection\":[\"Nacionales\"],\"inLanguage\":\"es-DO\",\"potentialAction\":[{\"@type\":\"CommentAction\",\"name\":\"Comment\",\"target\":[\"https:\\\/\\\/bombazoinformativo.com\\\/index.php\\\/2026\\\/01\\\/16\\\/ministerio-de-trabajo-reitera-que-el-dia-de-nuestra-senora-de-la-altagracia-no-se-cambia\\\/#respond\"]}]},{\"@type\":\"WebPage\",\"@id\":\"https:\\\/\\\/bombazoinformativo.com\\\/index.php\\\/2026\\\/01\\\/16\\\/ministerio-de-trabajo-reitera-que-el-dia-de-nuestra-senora-de-la-altagracia-no-se-cambia\\\/\",\"url\":\"https:\\\/\\\/bombazoinformativo.com\\\/index.php\\\/2026\\\/01\\\/16\\\/ministerio-de-trabajo-reitera-que-el-dia-de-nuestra-senora-de-la-altagracia-no-se-cambia\\\/\",\"name\":\"Ministerio de Trabajo reitera que el D\u00eda de Nuestra Se\u00f1ora de la Altagracia no se cambia - Bombazo Informativo\",\"isPartOf\":{\"@id\":\"https:\\\/\\\/bombazoinformativo.com\\\/#website\"},\"primaryImageOfPage\":{\"@id\":\"https:\\\/\\\/bombazoinformativo.com\\\/index.php\\\/2026\\\/01\\\/16\\\/ministerio-de-trabajo-reitera-que-el-dia-de-nuestra-senora-de-la-altagracia-no-se-cambia\\\/#primaryimage\"},\"image\":{\"@id\":\"https:\\\/\\\/bombazoinformativo.com\\\/index.php\\\/2026\\\/01\\\/16\\\/ministerio-de-trabajo-reitera-que-el-dia-de-nuestra-senora-de-la-altagracia-no-se-cambia\\\/#primaryimage\"},\"thumbnailUrl\":\"https:\\\/\\\/bombazoinformativo.com\\\/wp-content\\\/uploads\\\/2025\\\/04\\\/Trabajo_0.jpeg\",\"datePublished\":\"2026-01-16T15:06:22+00:00\",\"dateModified\":\"2026-01-16T15:06:23+00:00\",\"description\":\"El\u00a0Ministerio de Trabajo\u00a0record\u00f3 a\u00a0empleadores y trabajadores\u00a0de la Rep\u00fablica Dominicana que el\u00a0mi\u00e9rcoles 21 de enero,\u00a0con motivo de la celebraci\u00f3n del\u00a0D\u00eda de Nuestra Se\u00f1ora de la Altagracia, es\u00a0feriado\u00a0no laborable y\u00a0no est\u00e1 sujeto a cambios\",\"breadcrumb\":{\"@id\":\"https:\\\/\\\/bombazoinformativo.com\\\/index.php\\\/2026\\\/01\\\/16\\\/ministerio-de-trabajo-reitera-que-el-dia-de-nuestra-senora-de-la-altagracia-no-se-cambia\\\/#breadcrumb\"},\"inLanguage\":\"es-DO\",\"potentialAction\":[{\"@type\":\"ReadAction\",\"target\":[\"https:\\\/\\\/bombazoinformativo.com\\\/index.php\\\/2026\\\/01\\\/16\\\/ministerio-de-trabajo-reitera-que-el-dia-de-nuestra-senora-de-la-altagracia-no-se-cambia\\\/\"]}]},{\"@type\":\"ImageObject\",\"inLanguage\":\"es-DO\",\"@id\":\"https:\\\/\\\/bombazoinformativo.com\\\/index.php\\\/2026\\\/01\\\/16\\\/ministerio-de-trabajo-reitera-que-el-dia-de-nuestra-senora-de-la-altagracia-no-se-cambia\\\/#primaryimage\",\"url\":\"https:\\\/\\\/bombazoinformativo.com\\\/wp-content\\\/uploads\\\/2025\\\/04\\\/Trabajo_0.jpeg\",\"contentUrl\":\"https:\\\/\\\/bombazoinformativo.com\\\/wp-content\\\/uploads\\\/2025\\\/04\\\/Trabajo_0.jpeg\",\"width\":1300,\"height\":731},{\"@type\":\"BreadcrumbList\",\"@id\":\"https:\\\/\\\/bombazoinformativo.com\\\/index.php\\\/2026\\\/01\\\/16\\\/ministerio-de-trabajo-reitera-que-el-dia-de-nuestra-senora-de-la-altagracia-no-se-cambia\\\/#breadcrumb\",\"itemListElement\":[{\"@type\":\"ListItem\",\"position\":1,\"name\":\"Home\",\"item\":\"https:\\\/\\\/bombazoinformativo.com\\\/\"},{\"@type\":\"ListItem\",\"position\":2,\"name\":\"Ministerio de Trabajo reitera que el D\u00eda de Nuestra Se\u00f1ora de la Altagracia no se cambia\"}]},{\"@type\":\"WebSite\",\"@id\":\"https:\\\/\\\/bombazoinformativo.com\\\/#website\",\"url\":\"https:\\\/\\\/bombazoinformativo.com\\\/\",\"name\":\"Bombazo Informativo\",\"description\":\"En el Bombazo Informativo tenemos el objetivo de brindarte informaciones veraces, con claridad y objetividad.\",\"publisher\":{\"@id\":\"https:\\\/\\\/bombazoinformativo.com\\\/#organization\"},\"potentialAction\":[{\"@type\":\"SearchAction\",\"target\":{\"@type\":\"EntryPoint\",\"urlTemplate\":\"https:\\\/\\\/bombazoinformativo.com\\\/?s={search_term_string}\"},\"query-input\":{\"@type\":\"PropertyValueSpecification\",\"valueRequired\":true,\"valueName\":\"search_term_string\"}}],\"inLanguage\":\"es-DO\"},{\"@type\":\"Organization\",\"@id\":\"https:\\\/\\\/bombazoinformativo.com\\\/#organization\",\"name\":\"Bombazo Informativo\",\"url\":\"https:\\\/\\\/bombazoinformativo.com\\\/\",\"logo\":{\"@type\":\"ImageObject\",\"inLanguage\":\"es-DO\",\"@id\":\"https:\\\/\\\/bombazoinformativo.com\\\/#\\\/schema\\\/logo\\\/image\\\/\",\"url\":\"https:\\\/\\\/bombazoinformativo.com\\\/wp-content\\\/uploads\\\/2024\\\/11\\\/cropped-WhatsApp-Image-2024-11-29-at-12.01.48-PM.jpeg\",\"contentUrl\":\"https:\\\/\\\/bombazoinformativo.com\\\/wp-content\\\/uploads\\\/2024\\\/11\\\/cropped-WhatsApp-Image-2024-11-29-at-12.01.48-PM.jpeg\",\"width\":1599,\"height\":315,\"caption\":\"Bombazo Informativo\"},\"image\":{\"@id\":\"https:\\\/\\\/bombazoinformativo.com\\\/#\\\/schema\\\/logo\\\/image\\\/\"}},{\"@type\":\"Person\",\"@id\":\"https:\\\/\\\/bombazoinformativo.com\\\/#\\\/schema\\\/person\\\/8a14f30019ce669c2ff632f56c95babc\",\"name\":\"Bombazo Informativo\",\"image\":{\"@type\":\"ImageObject\",\"inLanguage\":\"es-DO\",\"@id\":\"https:\\\/\\\/bombazoinformativo.com\\\/wp-content\\\/litespeed\\\/avatar\\\/b076bbe918e43ad70d1f99495fbecd83.jpg?ver=1777262154\",\"url\":\"https:\\\/\\\/bombazoinformativo.com\\\/wp-content\\\/litespeed\\\/avatar\\\/b076bbe918e43ad70d1f99495fbecd83.jpg?ver=1777262154\",\"contentUrl\":\"https:\\\/\\\/bombazoinformativo.com\\\/wp-content\\\/litespeed\\\/avatar\\\/b076bbe918e43ad70d1f99495fbecd83.jpg?ver=1777262154\",\"caption\":\"Bombazo Informativo\"},\"url\":\"https:\\\/\\\/bombazoinformativo.com\\\/index.php\\\/author\\\/bombazo-informativo\\\/\"}]}<\/script>\n<!-- \/ Yoast SEO plugin. -->","yoast_head_json":{"title":"Ministerio de Trabajo reitera que el D\u00eda de Nuestra Se\u00f1ora de la Altagracia no se cambia - Bombazo Informativo","description":"El\u00a0Ministerio de Trabajo\u00a0record\u00f3 a\u00a0empleadores y trabajadores\u00a0de la Rep\u00fablica Dominicana que el\u00a0mi\u00e9rcoles 21 de enero,\u00a0con motivo de la celebraci\u00f3n del\u00a0D\u00eda de Nuestra Se\u00f1ora de la Altagracia, es\u00a0feriado\u00a0no laborable y\u00a0no est\u00e1 sujeto a cambios","robots":{"index":"index","follow":"follow","max-snippet":"max-snippet:-1","max-image-preview":"max-image-preview:large","max-video-preview":"max-video-preview:-1"},"canonical":"https:\/\/bombazoinformativo.com\/index.php\/2026\/01\/16\/ministerio-de-trabajo-reitera-que-el-dia-de-nuestra-senora-de-la-altagracia-no-se-cambia\/","og_locale":"es_ES","og_type":"article","og_title":"Ministerio de Trabajo reitera que el D\u00eda de Nuestra Se\u00f1ora de la Altagracia no se cambia - Bombazo Informativo","og_description":"El\u00a0Ministerio de Trabajo\u00a0record\u00f3 a\u00a0empleadores y trabajadores\u00a0de la Rep\u00fablica Dominicana que el\u00a0mi\u00e9rcoles 21 de enero,\u00a0con motivo de la celebraci\u00f3n del\u00a0D\u00eda de Nuestra Se\u00f1ora de la Altagracia, es\u00a0feriado\u00a0no laborable y\u00a0no est\u00e1 sujeto a cambios","og_url":"https:\/\/bombazoinformativo.com\/index.php\/2026\/01\/16\/ministerio-de-trabajo-reitera-que-el-dia-de-nuestra-senora-de-la-altagracia-no-se-cambia\/","og_site_name":"Bombazo Informativo","article_published_time":"2026-01-16T15:06:22+00:00","article_modified_time":"2026-01-16T15:06:23+00:00","og_image":[{"width":1300,"height":731,"url":"https:\/\/bombazoinformativo.com\/wp-content\/uploads\/2025\/04\/Trabajo_0.jpeg","type":"image\/jpeg"}],"author":"Bombazo Informativo","twitter_card":"summary_large_image","twitter_misc":{"Written by":"Bombazo Informativo","Est. reading time":"1 minuto"},"schema":{"@context":"https:\/\/schema.org","@graph":[{"@type":"Article","@id":"https:\/\/bombazoinformativo.com\/index.php\/2026\/01\/16\/ministerio-de-trabajo-reitera-que-el-dia-de-nuestra-senora-de-la-altagracia-no-se-cambia\/#article","isPartOf":{"@id":"https:\/\/bombazoinformativo.com\/index.php\/2026\/01\/16\/ministerio-de-trabajo-reitera-que-el-dia-de-nuestra-senora-de-la-altagracia-no-se-cambia\/"},"author":{"name":"Bombazo Informativo","@id":"https:\/\/bombazoinformativo.com\/#\/schema\/person\/8a14f30019ce669c2ff632f56c95babc"},"headline":"Ministerio de Trabajo reitera que el D\u00eda de Nuestra Se\u00f1ora de la Altagracia no se cambia","datePublished":"2026-01-16T15:06:22+00:00","dateModified":"2026-01-16T15:06:23+00:00","mainEntityOfPage":{"@id":"https:\/\/bombazoinformativo.com\/index.php\/2026\/01\/16\/ministerio-de-trabajo-reitera-que-el-dia-de-nuestra-senora-de-la-altagracia-no-se-cambia\/"},"wordCount":106,"commentCount":0,"publisher":{"@id":"https:\/\/bombazoinformativo.com\/#organization"},"image":{"@id":"https:\/\/bombazoinformativo.com\/index.php\/2026\/01\/16\/ministerio-de-trabajo-reitera-que-el-dia-de-nuestra-senora-de-la-altagracia-no-se-cambia\/#primaryimage"},"thumbnailUrl":"https:\/\/bombazoinformativo.com\/wp-content\/uploads\/2025\/04\/Trabajo_0.jpeg","keywords":["Feriado","Ministerio de Trabajo","Nuestra Se\u00f1ora de la Altagracia"],"articleSection":["Nacionales"],"inLanguage":"es-DO","potentialAction":[{"@type":"CommentAction","name":"Comment","target":["https:\/\/bombazoinformativo.com\/index.php\/2026\/01\/16\/ministerio-de-trabajo-reitera-que-el-dia-de-nuestra-senora-de-la-altagracia-no-se-cambia\/#respond"]}]},{"@type":"WebPage","@id":"https:\/\/bombazoinformativo.com\/index.php\/2026\/01\/16\/ministerio-de-trabajo-reitera-que-el-dia-de-nuestra-senora-de-la-altagracia-no-se-cambia\/","url":"https:\/\/bombazoinformativo.com\/index.php\/2026\/01\/16\/ministerio-de-trabajo-reitera-que-el-dia-de-nuestra-senora-de-la-altagracia-no-se-cambia\/","name":"Ministerio de Trabajo reitera que el D\u00eda de Nuestra Se\u00f1ora de la Altagracia no se cambia - Bombazo Informativo","isPartOf":{"@id":"https:\/\/bombazoinformativo.com\/#website"},"primaryImageOfPage":{"@id":"https:\/\/bombazoinformativo.com\/index.php\/2026\/01\/16\/ministerio-de-trabajo-reitera-que-el-dia-de-nuestra-senora-de-la-altagracia-no-se-cambia\/#primaryimage"},"image":{"@id":"https:\/\/bombazoinformativo.com\/index.php\/2026\/01\/16\/ministerio-de-trabajo-reitera-que-el-dia-de-nuestra-senora-de-la-altagracia-no-se-cambia\/#primaryimage"},"thumbnailUrl":"https:\/\/bombazoinformativo.com\/wp-content\/uploads\/2025\/04\/Trabajo_0.jpeg","datePublished":"2026-01-16T15:06:22+00:00","dateModified":"2026-01-16T15:06:23+00:00","description":"El\u00a0Ministerio de Trabajo\u00a0record\u00f3 a\u00a0empleadores y trabajadores\u00a0de la Rep\u00fablica Dominicana que el\u00a0mi\u00e9rcoles 21 de enero,\u00a0con motivo de la celebraci\u00f3n del\u00a0D\u00eda de Nuestra Se\u00f1ora de la Altagracia, es\u00a0feriado\u00a0no laborable y\u00a0no est\u00e1 sujeto a cambios","breadcrumb":{"@id":"https:\/\/bombazoinformativo.com\/index.php\/2026\/01\/16\/ministerio-de-trabajo-reitera-que-el-dia-de-nuestra-senora-de-la-altagracia-no-se-cambia\/#breadcrumb"},"inLanguage":"es-DO","potentialAction":[{"@type":"ReadAction","target":["https:\/\/bombazoinformativo.com\/index.php\/2026\/01\/16\/ministerio-de-trabajo-reitera-que-el-dia-de-nuestra-senora-de-la-altagracia-no-se-cambia\/"]}]},{"@type":"ImageObject","inLanguage":"es-DO","@id":"https:\/\/bombazoinformativo.com\/index.php\/2026\/01\/16\/ministerio-de-trabajo-reitera-que-el-dia-de-nuestra-senora-de-la-altagracia-no-se-cambia\/#primaryimage","url":"https:\/\/bombazoinformativo.com\/wp-content\/uploads\/2025\/04\/Trabajo_0.jpeg","contentUrl":"https:\/\/bombazoinformativo.com\/wp-content\/uploads\/2025\/04\/Trabajo_0.jpeg","width":1300,"height":731},{"@type":"BreadcrumbList","@id":"https:\/\/bombazoinformativo.com\/index.php\/2026\/01\/16\/ministerio-de-trabajo-reitera-que-el-dia-de-nuestra-senora-de-la-altagracia-no-se-cambia\/#breadcrumb","itemListElement":[{"@type":"ListItem","position":1,"name":"Home","item":"https:\/\/bombazoinformativo.com\/"},{"@type":"ListItem","position":2,"name":"Ministerio de Trabajo reitera que el D\u00eda de Nuestra Se\u00f1ora de la Altagracia no se cambia"}]},{"@type":"WebSite","@id":"https:\/\/bombazoinformativo.com\/#website","url":"https:\/\/bombazoinformativo.com\/","name":"Bombazo Informativo","description":"En el Bombazo Informativo tenemos el objetivo de brindarte informaciones veraces, con claridad y objetividad.","publisher":{"@id":"https:\/\/bombazoinformativo.com\/#organization"},"potentialAction":[{"@type":"SearchAction","target":{"@type":"EntryPoint","urlTemplate":"https:\/\/bombazoinformativo.com\/?s={search_term_string}"},"query-input":{"@type":"PropertyValueSpecification","valueRequired":true,"valueName":"search_term_string"}}],"inLanguage":"es-DO"},{"@type":"Organization","@id":"https:\/\/bombazoinformativo.com\/#organization","name":"Bombazo Informativo","url":"https:\/\/bombazoinformativo.com\/","logo":{"@type":"ImageObject","inLanguage":"es-DO","@id":"https:\/\/bombazoinformativo.com\/#\/schema\/logo\/image\/","url":"https:\/\/bombazoinformativo.com\/wp-content\/uploads\/2024\/11\/cropped-WhatsApp-Image-2024-11-29-at-12.01.48-PM.jpeg","contentUrl":"https:\/\/bombazoinformativo.com\/wp-content\/uploads\/2024\/11\/cropped-WhatsApp-Image-2024-11-29-at-12.01.48-PM.jpeg","width":1599,"height":315,"caption":"Bombazo Informativo"},"image":{"@id":"https:\/\/bombazoinformativo.com\/#\/schema\/logo\/image\/"}},{"@type":"Person","@id":"https:\/\/bombazoinformativo.com\/#\/schema\/person\/8a14f30019ce669c2ff632f56c95babc","name":"Bombazo Informativo","image":{"@type":"ImageObject","inLanguage":"es-DO","@id":"https:\/\/bombazoinformativo.com\/wp-content\/litespeed\/avatar\/b076bbe918e43ad70d1f99495fbecd83.jpg?ver=1777262154","url":"https:\/\/bombazoinformativo.com\/wp-content\/litespeed\/avatar\/b076bbe918e43ad70d1f99495fbecd83.jpg?ver=1777262154","contentUrl":"https:\/\/bombazoinformativo.com\/wp-content\/litespeed\/avatar\/b076bbe918e43ad70d1f99495fbecd83.jpg?ver=1777262154","caption":"Bombazo Informativo"},"url":"https:\/\/bombazoinformativo.com\/index.php\/author\/bombazo-informativo\/"}]}},"jetpack_featured_media_url":"https:\/\/bombazoinformativo.com\/wp-content\/uploads\/2025\/04\/Trabajo_0.jpeg","jetpack_sharing_enabled":true,"_links":{"self":[{"href":"https:\/\/bombazoinformativo.com\/index.php\/wp-json\/wp\/v2\/posts\/6819","targetHints":{"allow":["GET"]}}],"collection":[{"href":"https:\/\/bombazoinformativo.com\/index.php\/wp-json\/wp\/v2\/posts"}],"about":[{"href":"https:\/\/bombazoinformativo.com\/index.php\/wp-json\/wp\/v2\/types\/post"}],"author":[{"embeddable":true,"href":"https:\/\/bombazoinformativo.com\/index.php\/wp-json\/wp\/v2\/users\/4"}],"replies":[{"embeddable":true,"href":"https:\/\/bombazoinformativo.com\/index.php\/wp-json\/wp\/v2\/comments?post=6819"}],"version-history":[{"count":1,"href":"https:\/\/bombazoinformativo.com\/index.php\/wp-json\/wp\/v2\/posts\/6819\/revisions"}],"predecessor-version":[{"id":6820,"href":"https:\/\/bombazoinformativo.com\/index.php\/wp-json\/wp\/v2\/posts\/6819\/revisions\/6820"}],"wp:featuredmedia":[{"embeddable":true,"href":"https:\/\/bombazoinformativo.com\/index.php\/wp-json\/wp\/v2\/media\/4979"}],"wp:attachment":[{"href":"https:\/\/bombazoinformativo.com\/index.php\/wp-json\/wp\/v2\/media?parent=6819"}],"wp:term":[{"taxonomy":"category","embeddable":true,"href":"https:\/\/bombazoinformativo.com\/index.php\/wp-json\/wp\/v2\/categories?post=6819"},{"taxonomy":"post_tag","embeddable":true,"href":"https:\/\/bombazoinformativo.com\/index.php\/wp-json\/wp\/v2\/tags?post=6819"}],"curies":[{"name":"wp","href":"https:\/\/api.w.org\/{rel}","templated":true}]}}