{"id":6807,"date":"2026-01-15T14:21:41","date_gmt":"2026-01-15T18:21:41","guid":{"rendered":"https:\/\/bombazoinformativo.com\/?p=6807"},"modified":"2026-01-15T14:21:42","modified_gmt":"2026-01-15T18:21:42","slug":"presentan-primer-vehiculo-blindado-ensamblado-por-la-industria-militar-dominicana","status":"publish","type":"post","link":"https:\/\/bombazoinformativo.com\/index.php\/2026\/01\/15\/presentan-primer-vehiculo-blindado-ensamblado-por-la-industria-militar-dominicana\/","title":{"rendered":"Presentan primer veh\u00edculo blindado ensamblado por la Industria Militar Dominicana"},"content":{"rendered":"\n<p>El presidente de la Rep\u00fablica, Luis Abinader, encabez\u00f3 este martes la presentaci\u00f3n del primer veh\u00edculo militar blindado ensamblado por la Industria Militar Dominicana, en un acto realizado junto al ministro de Defensa, teniente general Carlos Fern\u00e1ndez Onofre. <\/p>\n\n\n\n<p>El veh\u00edculo, denominado \u201cFURIA\u201d (Fuerza Unificada de Respuesta Inmediata Armada), corresponde a su primer modelo VBD-1 \u2013 Veh\u00edculo Blindado Dominicano, dise\u00f1ado y ensamblado para responder a las necesidades operativas de las Fuerzas Armadas, la Polic\u00eda Nacional y otras instituciones de seguridad del Estado.<\/p>\n\n\n\n<p><strong>Caracter\u00edsticas del VBD-01 \u201cFURIA\u201d<\/strong><\/p>\n\n\n\n<p>El VBD-01 es un veh\u00edculo todoterreno 4\u00d74, con capacidad para 11 soldados, ensamblado sobre un chasis Ford Super Duty F-250 y equipado con motor di\u00e9sel V8. Cuenta con blindaje nivel 3 en toda su estructura, acero bal\u00edstico de alta resistencia y vidrios bal\u00edsticos multicapa capaces de repeler municiones de hasta calibre 7.62 mm.<\/p>\n\n\n\n<p><strong>Entre sus principales capacidades destacan<\/strong>:<\/p>\n\n\n\n<p>Estas caracter\u00edsticas permiten mayor protecci\u00f3n, movilidad y capacidad de respuesta en escenarios de alto riesgo.<br>Llantas con tecnolog\u00eda runflat, que permiten continuar la marcha aun con p\u00e9rdida total de presi\u00f3n.<br>Suspensi\u00f3n reforzada para altas cargas.<\/p>\n\n\n\n<p>\u25cf Torreta giratoria de 360 grados para ametralladoras o lanzagranadas.<br>\u25cf C\u00e1maras de vigilancia perimetral.<br>\u25cf Faros rob\u00f3ticos giratorios.<br>\u25cf Sistema GPS.<br>\u25cf Aire acondicionado y equipamiento t\u00e1ctico especializado.<\/p>\n\n\n\n<p><strong>Producci\u00f3n nacional<\/strong><\/p>\n\n\n\n<p>Durante la presentaci\u00f3n se inform\u00f3 que este tipo de veh\u00edculo tiene un costo aproximado de US$400,000 en el mercado internacional, mientras que su ensamblaje local reduce el valor en cerca de un 50 %, generando un ahorro significativo para el Estado dominicano y fortaleciendo la soberan\u00eda industrial en materia de defensa.<\/p>\n\n\n\n<p>Las autoridades anunciaron adem\u00e1s que la Industria Militar Dominicana ampliar\u00e1 su l\u00ednea de blindados con nuevos modelos:<br>VBD-02, con capacidad para 9 soldados.<br>VBD-03, con capacidad para 22 soldados.<\/p>\n\n\n\n<p>En el acto tambi\u00e9n se destac\u00f3 que las Fuerzas Armadas avanzan hacia la autosuficiencia, no solo en el ensamblaje de veh\u00edculos blindados, sino tambi\u00e9n en la producci\u00f3n de uniformes y mobiliario escolar.<\/p>\n","protected":false},"excerpt":{"rendered":"<p>El presidente de la Rep\u00fablica, Luis Abinader, encabez\u00f3 este martes la presentaci\u00f3n del primer veh\u00edculo militar blindado ensamblado por la Industria Militar Dominicana, en un acto realizado junto al ministro de Defensa, teniente general Carlos Fern\u00e1ndez Onofre. El veh\u00edculo, denominado \u201cFURIA\u201d (Fuerza Unificada de Respuesta Inmediata Armada), corresponde a su primer modelo VBD-1 \u2013 Veh\u00edculo&#8230;<\/p>\n","protected":false},"author":4,"featured_media":6808,"comment_status":"open","ping_status":"open","sticky":false,"template":"","format":"standard","meta":{"_jetpack_memberships_contains_paid_content":false,"footnotes":""},"categories":[24],"tags":[2191,107,130,2906],"class_list":["post-6807","post","type-post","status-publish","format-standard","has-post-thumbnail","hentry","category-nacionales","tag-industria-militar","tag-luis-abinader","tag-presidente","tag-vehiculo-blindado"],"yoast_head":"<!-- This site is optimized with the Yoast SEO plugin v27.4 - https:\/\/yoast.com\/product\/yoast-seo-wordpress\/ -->\n<title>Presentan primer veh\u00edculo blindado ensamblado por la Industria Militar Dominicana - Bombazo Informativo<\/title>\n<meta name=\"description\" content=\"El presidente de la Rep\u00fablica, Luis Abinader, encabez\u00f3 este martes la presentaci\u00f3n del primer veh\u00edculo militar blindado ensamblado por la Industria Militar Dominicana, en un acto realizado junto al ministro de Defensa, teniente general Carlos Fern\u00e1ndez Onofre.\" \/>\n<meta name=\"robots\" content=\"index, follow, max-snippet:-1, max-image-preview:large, max-video-preview:-1\" \/>\n<link rel=\"canonical\" href=\"https:\/\/bombazoinformativo.com\/index.php\/2026\/01\/15\/presentan-primer-vehiculo-blindado-ensamblado-por-la-industria-militar-dominicana\/\" \/>\n<meta property=\"og:locale\" content=\"es_ES\" \/>\n<meta property=\"og:type\" content=\"article\" \/>\n<meta property=\"og:title\" content=\"Presentan primer veh\u00edculo blindado ensamblado por la Industria Militar Dominicana - Bombazo Informativo\" \/>\n<meta property=\"og:description\" content=\"El presidente de la Rep\u00fablica, Luis Abinader, encabez\u00f3 este martes la presentaci\u00f3n del primer veh\u00edculo militar blindado ensamblado por la Industria Militar Dominicana, en un acto realizado junto al ministro de Defensa, teniente general Carlos Fern\u00e1ndez Onofre.\" \/>\n<meta property=\"og:url\" content=\"https:\/\/bombazoinformativo.com\/index.php\/2026\/01\/15\/presentan-primer-vehiculo-blindado-ensamblado-por-la-industria-militar-dominicana\/\" \/>\n<meta property=\"og:site_name\" content=\"Bombazo Informativo\" \/>\n<meta property=\"article:published_time\" content=\"2026-01-15T18:21:41+00:00\" \/>\n<meta property=\"article:modified_time\" content=\"2026-01-15T18:21:42+00:00\" \/>\n<meta property=\"og:image\" content=\"https:\/\/bombazoinformativo.com\/wp-content\/uploads\/2026\/01\/WhatsApp-Image-2026-01-15-at-2.13.12-PM.jpeg\" \/>\n\t<meta property=\"og:image:width\" content=\"1080\" \/>\n\t<meta property=\"og:image:height\" content=\"1439\" \/>\n\t<meta property=\"og:image:type\" content=\"image\/jpeg\" \/>\n<meta name=\"author\" content=\"Bombazo Informativo\" \/>\n<meta name=\"twitter:card\" content=\"summary_large_image\" \/>\n<meta name=\"twitter:label1\" content=\"Written by\" \/>\n\t<meta name=\"twitter:data1\" content=\"Bombazo Informativo\" \/>\n\t<meta name=\"twitter:label2\" content=\"Est. reading time\" \/>\n\t<meta name=\"twitter:data2\" content=\"2 minutos\" \/>\n<script type=\"application\/ld+json\" class=\"yoast-schema-graph\">{\"@context\":\"https:\\\/\\\/schema.org\",\"@graph\":[{\"@type\":\"Article\",\"@id\":\"https:\\\/\\\/bombazoinformativo.com\\\/index.php\\\/2026\\\/01\\\/15\\\/presentan-primer-vehiculo-blindado-ensamblado-por-la-industria-militar-dominicana\\\/#article\",\"isPartOf\":{\"@id\":\"https:\\\/\\\/bombazoinformativo.com\\\/index.php\\\/2026\\\/01\\\/15\\\/presentan-primer-vehiculo-blindado-ensamblado-por-la-industria-militar-dominicana\\\/\"},\"author\":{\"name\":\"Bombazo Informativo\",\"@id\":\"https:\\\/\\\/bombazoinformativo.com\\\/#\\\/schema\\\/person\\\/8a14f30019ce669c2ff632f56c95babc\"},\"headline\":\"Presentan primer veh\u00edculo blindado ensamblado por la Industria Militar Dominicana\",\"datePublished\":\"2026-01-15T18:21:41+00:00\",\"dateModified\":\"2026-01-15T18:21:42+00:00\",\"mainEntityOfPage\":{\"@id\":\"https:\\\/\\\/bombazoinformativo.com\\\/index.php\\\/2026\\\/01\\\/15\\\/presentan-primer-vehiculo-blindado-ensamblado-por-la-industria-militar-dominicana\\\/\"},\"wordCount\":348,\"commentCount\":0,\"publisher\":{\"@id\":\"https:\\\/\\\/bombazoinformativo.com\\\/#organization\"},\"image\":{\"@id\":\"https:\\\/\\\/bombazoinformativo.com\\\/index.php\\\/2026\\\/01\\\/15\\\/presentan-primer-vehiculo-blindado-ensamblado-por-la-industria-militar-dominicana\\\/#primaryimage\"},\"thumbnailUrl\":\"https:\\\/\\\/bombazoinformativo.com\\\/wp-content\\\/uploads\\\/2026\\\/01\\\/WhatsApp-Image-2026-01-15-at-2.13.12-PM.jpeg\",\"keywords\":[\"Industria Militar\",\"Luis Abinader\",\"Presidente\",\"Veh\u00edculo blindado\"],\"articleSection\":[\"Nacionales\"],\"inLanguage\":\"es-DO\",\"potentialAction\":[{\"@type\":\"CommentAction\",\"name\":\"Comment\",\"target\":[\"https:\\\/\\\/bombazoinformativo.com\\\/index.php\\\/2026\\\/01\\\/15\\\/presentan-primer-vehiculo-blindado-ensamblado-por-la-industria-militar-dominicana\\\/#respond\"]}]},{\"@type\":\"WebPage\",\"@id\":\"https:\\\/\\\/bombazoinformativo.com\\\/index.php\\\/2026\\\/01\\\/15\\\/presentan-primer-vehiculo-blindado-ensamblado-por-la-industria-militar-dominicana\\\/\",\"url\":\"https:\\\/\\\/bombazoinformativo.com\\\/index.php\\\/2026\\\/01\\\/15\\\/presentan-primer-vehiculo-blindado-ensamblado-por-la-industria-militar-dominicana\\\/\",\"name\":\"Presentan primer veh\u00edculo blindado ensamblado por la Industria Militar Dominicana - Bombazo Informativo\",\"isPartOf\":{\"@id\":\"https:\\\/\\\/bombazoinformativo.com\\\/#website\"},\"primaryImageOfPage\":{\"@id\":\"https:\\\/\\\/bombazoinformativo.com\\\/index.php\\\/2026\\\/01\\\/15\\\/presentan-primer-vehiculo-blindado-ensamblado-por-la-industria-militar-dominicana\\\/#primaryimage\"},\"image\":{\"@id\":\"https:\\\/\\\/bombazoinformativo.com\\\/index.php\\\/2026\\\/01\\\/15\\\/presentan-primer-vehiculo-blindado-ensamblado-por-la-industria-militar-dominicana\\\/#primaryimage\"},\"thumbnailUrl\":\"https:\\\/\\\/bombazoinformativo.com\\\/wp-content\\\/uploads\\\/2026\\\/01\\\/WhatsApp-Image-2026-01-15-at-2.13.12-PM.jpeg\",\"datePublished\":\"2026-01-15T18:21:41+00:00\",\"dateModified\":\"2026-01-15T18:21:42+00:00\",\"description\":\"El presidente de la Rep\u00fablica, Luis Abinader, encabez\u00f3 este martes la presentaci\u00f3n del primer veh\u00edculo militar blindado ensamblado por la Industria Militar Dominicana, en un acto realizado junto al ministro de Defensa, teniente general Carlos Fern\u00e1ndez Onofre.\",\"breadcrumb\":{\"@id\":\"https:\\\/\\\/bombazoinformativo.com\\\/index.php\\\/2026\\\/01\\\/15\\\/presentan-primer-vehiculo-blindado-ensamblado-por-la-industria-militar-dominicana\\\/#breadcrumb\"},\"inLanguage\":\"es-DO\",\"potentialAction\":[{\"@type\":\"ReadAction\",\"target\":[\"https:\\\/\\\/bombazoinformativo.com\\\/index.php\\\/2026\\\/01\\\/15\\\/presentan-primer-vehiculo-blindado-ensamblado-por-la-industria-militar-dominicana\\\/\"]}]},{\"@type\":\"ImageObject\",\"inLanguage\":\"es-DO\",\"@id\":\"https:\\\/\\\/bombazoinformativo.com\\\/index.php\\\/2026\\\/01\\\/15\\\/presentan-primer-vehiculo-blindado-ensamblado-por-la-industria-militar-dominicana\\\/#primaryimage\",\"url\":\"https:\\\/\\\/bombazoinformativo.com\\\/wp-content\\\/uploads\\\/2026\\\/01\\\/WhatsApp-Image-2026-01-15-at-2.13.12-PM.jpeg\",\"contentUrl\":\"https:\\\/\\\/bombazoinformativo.com\\\/wp-content\\\/uploads\\\/2026\\\/01\\\/WhatsApp-Image-2026-01-15-at-2.13.12-PM.jpeg\",\"width\":1080,\"height\":1439},{\"@type\":\"BreadcrumbList\",\"@id\":\"https:\\\/\\\/bombazoinformativo.com\\\/index.php\\\/2026\\\/01\\\/15\\\/presentan-primer-vehiculo-blindado-ensamblado-por-la-industria-militar-dominicana\\\/#breadcrumb\",\"itemListElement\":[{\"@type\":\"ListItem\",\"position\":1,\"name\":\"Home\",\"item\":\"https:\\\/\\\/bombazoinformativo.com\\\/\"},{\"@type\":\"ListItem\",\"position\":2,\"name\":\"Presentan primer veh\u00edculo blindado ensamblado por la Industria Militar Dominicana\"}]},{\"@type\":\"WebSite\",\"@id\":\"https:\\\/\\\/bombazoinformativo.com\\\/#website\",\"url\":\"https:\\\/\\\/bombazoinformativo.com\\\/\",\"name\":\"Bombazo Informativo\",\"description\":\"En el Bombazo Informativo tenemos el objetivo de brindarte informaciones veraces, con claridad y objetividad.\",\"publisher\":{\"@id\":\"https:\\\/\\\/bombazoinformativo.com\\\/#organization\"},\"potentialAction\":[{\"@type\":\"SearchAction\",\"target\":{\"@type\":\"EntryPoint\",\"urlTemplate\":\"https:\\\/\\\/bombazoinformativo.com\\\/?s={search_term_string}\"},\"query-input\":{\"@type\":\"PropertyValueSpecification\",\"valueRequired\":true,\"valueName\":\"search_term_string\"}}],\"inLanguage\":\"es-DO\"},{\"@type\":\"Organization\",\"@id\":\"https:\\\/\\\/bombazoinformativo.com\\\/#organization\",\"name\":\"Bombazo Informativo\",\"url\":\"https:\\\/\\\/bombazoinformativo.com\\\/\",\"logo\":{\"@type\":\"ImageObject\",\"inLanguage\":\"es-DO\",\"@id\":\"https:\\\/\\\/bombazoinformativo.com\\\/#\\\/schema\\\/logo\\\/image\\\/\",\"url\":\"https:\\\/\\\/bombazoinformativo.com\\\/wp-content\\\/uploads\\\/2024\\\/11\\\/cropped-WhatsApp-Image-2024-11-29-at-12.01.48-PM.jpeg\",\"contentUrl\":\"https:\\\/\\\/bombazoinformativo.com\\\/wp-content\\\/uploads\\\/2024\\\/11\\\/cropped-WhatsApp-Image-2024-11-29-at-12.01.48-PM.jpeg\",\"width\":1599,\"height\":315,\"caption\":\"Bombazo Informativo\"},\"image\":{\"@id\":\"https:\\\/\\\/bombazoinformativo.com\\\/#\\\/schema\\\/logo\\\/image\\\/\"}},{\"@type\":\"Person\",\"@id\":\"https:\\\/\\\/bombazoinformativo.com\\\/#\\\/schema\\\/person\\\/8a14f30019ce669c2ff632f56c95babc\",\"name\":\"Bombazo Informativo\",\"image\":{\"@type\":\"ImageObject\",\"inLanguage\":\"es-DO\",\"@id\":\"https:\\\/\\\/bombazoinformativo.com\\\/wp-content\\\/litespeed\\\/avatar\\\/b076bbe918e43ad70d1f99495fbecd83.jpg?ver=1777262154\",\"url\":\"https:\\\/\\\/bombazoinformativo.com\\\/wp-content\\\/litespeed\\\/avatar\\\/b076bbe918e43ad70d1f99495fbecd83.jpg?ver=1777262154\",\"contentUrl\":\"https:\\\/\\\/bombazoinformativo.com\\\/wp-content\\\/litespeed\\\/avatar\\\/b076bbe918e43ad70d1f99495fbecd83.jpg?ver=1777262154\",\"caption\":\"Bombazo Informativo\"},\"url\":\"https:\\\/\\\/bombazoinformativo.com\\\/index.php\\\/author\\\/bombazo-informativo\\\/\"}]}<\/script>\n<!-- \/ Yoast SEO plugin. -->","yoast_head_json":{"title":"Presentan primer veh\u00edculo blindado ensamblado por la Industria Militar Dominicana - Bombazo Informativo","description":"El presidente de la Rep\u00fablica, Luis Abinader, encabez\u00f3 este martes la presentaci\u00f3n del primer veh\u00edculo militar blindado ensamblado por la Industria Militar Dominicana, en un acto realizado junto al ministro de Defensa, teniente general Carlos Fern\u00e1ndez Onofre.","robots":{"index":"index","follow":"follow","max-snippet":"max-snippet:-1","max-image-preview":"max-image-preview:large","max-video-preview":"max-video-preview:-1"},"canonical":"https:\/\/bombazoinformativo.com\/index.php\/2026\/01\/15\/presentan-primer-vehiculo-blindado-ensamblado-por-la-industria-militar-dominicana\/","og_locale":"es_ES","og_type":"article","og_title":"Presentan primer veh\u00edculo blindado ensamblado por la Industria Militar Dominicana - Bombazo Informativo","og_description":"El presidente de la Rep\u00fablica, Luis Abinader, encabez\u00f3 este martes la presentaci\u00f3n del primer veh\u00edculo militar blindado ensamblado por la Industria Militar Dominicana, en un acto realizado junto al ministro de Defensa, teniente general Carlos Fern\u00e1ndez Onofre.","og_url":"https:\/\/bombazoinformativo.com\/index.php\/2026\/01\/15\/presentan-primer-vehiculo-blindado-ensamblado-por-la-industria-militar-dominicana\/","og_site_name":"Bombazo Informativo","article_published_time":"2026-01-15T18:21:41+00:00","article_modified_time":"2026-01-15T18:21:42+00:00","og_image":[{"width":1080,"height":1439,"url":"https:\/\/bombazoinformativo.com\/wp-content\/uploads\/2026\/01\/WhatsApp-Image-2026-01-15-at-2.13.12-PM.jpeg","type":"image\/jpeg"}],"author":"Bombazo Informativo","twitter_card":"summary_large_image","twitter_misc":{"Written by":"Bombazo Informativo","Est. reading time":"2 minutos"},"schema":{"@context":"https:\/\/schema.org","@graph":[{"@type":"Article","@id":"https:\/\/bombazoinformativo.com\/index.php\/2026\/01\/15\/presentan-primer-vehiculo-blindado-ensamblado-por-la-industria-militar-dominicana\/#article","isPartOf":{"@id":"https:\/\/bombazoinformativo.com\/index.php\/2026\/01\/15\/presentan-primer-vehiculo-blindado-ensamblado-por-la-industria-militar-dominicana\/"},"author":{"name":"Bombazo Informativo","@id":"https:\/\/bombazoinformativo.com\/#\/schema\/person\/8a14f30019ce669c2ff632f56c95babc"},"headline":"Presentan primer veh\u00edculo blindado ensamblado por la Industria Militar Dominicana","datePublished":"2026-01-15T18:21:41+00:00","dateModified":"2026-01-15T18:21:42+00:00","mainEntityOfPage":{"@id":"https:\/\/bombazoinformativo.com\/index.php\/2026\/01\/15\/presentan-primer-vehiculo-blindado-ensamblado-por-la-industria-militar-dominicana\/"},"wordCount":348,"commentCount":0,"publisher":{"@id":"https:\/\/bombazoinformativo.com\/#organization"},"image":{"@id":"https:\/\/bombazoinformativo.com\/index.php\/2026\/01\/15\/presentan-primer-vehiculo-blindado-ensamblado-por-la-industria-militar-dominicana\/#primaryimage"},"thumbnailUrl":"https:\/\/bombazoinformativo.com\/wp-content\/uploads\/2026\/01\/WhatsApp-Image-2026-01-15-at-2.13.12-PM.jpeg","keywords":["Industria Militar","Luis Abinader","Presidente","Veh\u00edculo blindado"],"articleSection":["Nacionales"],"inLanguage":"es-DO","potentialAction":[{"@type":"CommentAction","name":"Comment","target":["https:\/\/bombazoinformativo.com\/index.php\/2026\/01\/15\/presentan-primer-vehiculo-blindado-ensamblado-por-la-industria-militar-dominicana\/#respond"]}]},{"@type":"WebPage","@id":"https:\/\/bombazoinformativo.com\/index.php\/2026\/01\/15\/presentan-primer-vehiculo-blindado-ensamblado-por-la-industria-militar-dominicana\/","url":"https:\/\/bombazoinformativo.com\/index.php\/2026\/01\/15\/presentan-primer-vehiculo-blindado-ensamblado-por-la-industria-militar-dominicana\/","name":"Presentan primer veh\u00edculo blindado ensamblado por la Industria Militar Dominicana - Bombazo Informativo","isPartOf":{"@id":"https:\/\/bombazoinformativo.com\/#website"},"primaryImageOfPage":{"@id":"https:\/\/bombazoinformativo.com\/index.php\/2026\/01\/15\/presentan-primer-vehiculo-blindado-ensamblado-por-la-industria-militar-dominicana\/#primaryimage"},"image":{"@id":"https:\/\/bombazoinformativo.com\/index.php\/2026\/01\/15\/presentan-primer-vehiculo-blindado-ensamblado-por-la-industria-militar-dominicana\/#primaryimage"},"thumbnailUrl":"https:\/\/bombazoinformativo.com\/wp-content\/uploads\/2026\/01\/WhatsApp-Image-2026-01-15-at-2.13.12-PM.jpeg","datePublished":"2026-01-15T18:21:41+00:00","dateModified":"2026-01-15T18:21:42+00:00","description":"El presidente de la Rep\u00fablica, Luis Abinader, encabez\u00f3 este martes la presentaci\u00f3n del primer veh\u00edculo militar blindado ensamblado por la Industria Militar Dominicana, en un acto realizado junto al ministro de Defensa, teniente general Carlos Fern\u00e1ndez Onofre.","breadcrumb":{"@id":"https:\/\/bombazoinformativo.com\/index.php\/2026\/01\/15\/presentan-primer-vehiculo-blindado-ensamblado-por-la-industria-militar-dominicana\/#breadcrumb"},"inLanguage":"es-DO","potentialAction":[{"@type":"ReadAction","target":["https:\/\/bombazoinformativo.com\/index.php\/2026\/01\/15\/presentan-primer-vehiculo-blindado-ensamblado-por-la-industria-militar-dominicana\/"]}]},{"@type":"ImageObject","inLanguage":"es-DO","@id":"https:\/\/bombazoinformativo.com\/index.php\/2026\/01\/15\/presentan-primer-vehiculo-blindado-ensamblado-por-la-industria-militar-dominicana\/#primaryimage","url":"https:\/\/bombazoinformativo.com\/wp-content\/uploads\/2026\/01\/WhatsApp-Image-2026-01-15-at-2.13.12-PM.jpeg","contentUrl":"https:\/\/bombazoinformativo.com\/wp-content\/uploads\/2026\/01\/WhatsApp-Image-2026-01-15-at-2.13.12-PM.jpeg","width":1080,"height":1439},{"@type":"BreadcrumbList","@id":"https:\/\/bombazoinformativo.com\/index.php\/2026\/01\/15\/presentan-primer-vehiculo-blindado-ensamblado-por-la-industria-militar-dominicana\/#breadcrumb","itemListElement":[{"@type":"ListItem","position":1,"name":"Home","item":"https:\/\/bombazoinformativo.com\/"},{"@type":"ListItem","position":2,"name":"Presentan primer veh\u00edculo blindado ensamblado por la Industria Militar Dominicana"}]},{"@type":"WebSite","@id":"https:\/\/bombazoinformativo.com\/#website","url":"https:\/\/bombazoinformativo.com\/","name":"Bombazo Informativo","description":"En el Bombazo Informativo tenemos el objetivo de brindarte informaciones veraces, con claridad y objetividad.","publisher":{"@id":"https:\/\/bombazoinformativo.com\/#organization"},"potentialAction":[{"@type":"SearchAction","target":{"@type":"EntryPoint","urlTemplate":"https:\/\/bombazoinformativo.com\/?s={search_term_string}"},"query-input":{"@type":"PropertyValueSpecification","valueRequired":true,"valueName":"search_term_string"}}],"inLanguage":"es-DO"},{"@type":"Organization","@id":"https:\/\/bombazoinformativo.com\/#organization","name":"Bombazo Informativo","url":"https:\/\/bombazoinformativo.com\/","logo":{"@type":"ImageObject","inLanguage":"es-DO","@id":"https:\/\/bombazoinformativo.com\/#\/schema\/logo\/image\/","url":"https:\/\/bombazoinformativo.com\/wp-content\/uploads\/2024\/11\/cropped-WhatsApp-Image-2024-11-29-at-12.01.48-PM.jpeg","contentUrl":"https:\/\/bombazoinformativo.com\/wp-content\/uploads\/2024\/11\/cropped-WhatsApp-Image-2024-11-29-at-12.01.48-PM.jpeg","width":1599,"height":315,"caption":"Bombazo Informativo"},"image":{"@id":"https:\/\/bombazoinformativo.com\/#\/schema\/logo\/image\/"}},{"@type":"Person","@id":"https:\/\/bombazoinformativo.com\/#\/schema\/person\/8a14f30019ce669c2ff632f56c95babc","name":"Bombazo Informativo","image":{"@type":"ImageObject","inLanguage":"es-DO","@id":"https:\/\/bombazoinformativo.com\/wp-content\/litespeed\/avatar\/b076bbe918e43ad70d1f99495fbecd83.jpg?ver=1777262154","url":"https:\/\/bombazoinformativo.com\/wp-content\/litespeed\/avatar\/b076bbe918e43ad70d1f99495fbecd83.jpg?ver=1777262154","contentUrl":"https:\/\/bombazoinformativo.com\/wp-content\/litespeed\/avatar\/b076bbe918e43ad70d1f99495fbecd83.jpg?ver=1777262154","caption":"Bombazo Informativo"},"url":"https:\/\/bombazoinformativo.com\/index.php\/author\/bombazo-informativo\/"}]}},"jetpack_featured_media_url":"https:\/\/bombazoinformativo.com\/wp-content\/uploads\/2026\/01\/WhatsApp-Image-2026-01-15-at-2.13.12-PM.jpeg","jetpack_sharing_enabled":true,"_links":{"self":[{"href":"https:\/\/bombazoinformativo.com\/index.php\/wp-json\/wp\/v2\/posts\/6807","targetHints":{"allow":["GET"]}}],"collection":[{"href":"https:\/\/bombazoinformativo.com\/index.php\/wp-json\/wp\/v2\/posts"}],"about":[{"href":"https:\/\/bombazoinformativo.com\/index.php\/wp-json\/wp\/v2\/types\/post"}],"author":[{"embeddable":true,"href":"https:\/\/bombazoinformativo.com\/index.php\/wp-json\/wp\/v2\/users\/4"}],"replies":[{"embeddable":true,"href":"https:\/\/bombazoinformativo.com\/index.php\/wp-json\/wp\/v2\/comments?post=6807"}],"version-history":[{"count":1,"href":"https:\/\/bombazoinformativo.com\/index.php\/wp-json\/wp\/v2\/posts\/6807\/revisions"}],"predecessor-version":[{"id":6809,"href":"https:\/\/bombazoinformativo.com\/index.php\/wp-json\/wp\/v2\/posts\/6807\/revisions\/6809"}],"wp:featuredmedia":[{"embeddable":true,"href":"https:\/\/bombazoinformativo.com\/index.php\/wp-json\/wp\/v2\/media\/6808"}],"wp:attachment":[{"href":"https:\/\/bombazoinformativo.com\/index.php\/wp-json\/wp\/v2\/media?parent=6807"}],"wp:term":[{"taxonomy":"category","embeddable":true,"href":"https:\/\/bombazoinformativo.com\/index.php\/wp-json\/wp\/v2\/categories?post=6807"},{"taxonomy":"post_tag","embeddable":true,"href":"https:\/\/bombazoinformativo.com\/index.php\/wp-json\/wp\/v2\/tags?post=6807"}],"curies":[{"name":"wp","href":"https:\/\/api.w.org\/{rel}","templated":true}]}}