{"id":6734,"date":"2026-01-04T14:24:37","date_gmt":"2026-01-04T18:24:37","guid":{"rendered":"https:\/\/bombazoinformativo.com\/?p=6734"},"modified":"2026-01-04T14:24:38","modified_gmt":"2026-01-04T18:24:38","slug":"educacion-reitera-segundo-periodo-ano-escolar-2025-2026-inicia-este-martes-6-de-enero","status":"publish","type":"post","link":"https:\/\/bombazoinformativo.com\/index.php\/2026\/01\/04\/educacion-reitera-segundo-periodo-ano-escolar-2025-2026-inicia-este-martes-6-de-enero\/","title":{"rendered":"Educaci\u00f3n reitera segundo per\u00edodo a\u00f1o escolar 2025-2026 inicia este martes 6 de enero"},"content":{"rendered":"\n<p>Santo Domingo.- El Ministerio de Educaci\u00f3n de la Rep\u00fablica Dominicana\u00a0<strong>(Minerd)<\/strong>\u00a0record\u00f3 a la comunidad educativa que el\u00a0<strong>segundo per\u00edodo de clases del A\u00f1o Escolar 2025-2026<\/strong>\u00a0inicia este\u00a0<strong>martes 6 de enero<\/strong>\u00a0en todos los centros educativos del pa\u00eds, conforme al\u00a0<strong>calendario escolar vigente.<\/strong><\/p>\n\n\n\n<p>La cartera educativa reiter\u00f3 el llamado a&nbsp;<strong>padres, madres y tutores<\/strong>&nbsp;a garantizar la&nbsp;<strong>asistencia y puntualidad<\/strong>&nbsp;de los estudiantes del&nbsp;<strong>sector p\u00fablico y privado<\/strong>, el primer d\u00eda de reinicio, como parte del esfuerzo conjunto para asegurar el&nbsp;<strong>aprovechamiento pleno&nbsp;<\/strong>del tiempo de clase.<\/p>\n\n\n\n<p>La instituci\u00f3n record\u00f3 que cada hora de docencia es fundamental para fortalecer los aprendizajes, reducir brechas educativas y avanzar hacia&nbsp;<strong>una educaci\u00f3n de mayor calidad para todos.<\/strong><\/p>\n","protected":false},"excerpt":{"rendered":"<p>Santo Domingo.- El Ministerio de Educaci\u00f3n de la Rep\u00fablica Dominicana\u00a0(Minerd)\u00a0record\u00f3 a la comunidad educativa que el\u00a0segundo per\u00edodo de clases del A\u00f1o Escolar 2025-2026\u00a0inicia este\u00a0martes 6 de enero\u00a0en todos los centros educativos del pa\u00eds, conforme al\u00a0calendario escolar vigente. La cartera educativa reiter\u00f3 el llamado a&nbsp;padres, madres y tutores&nbsp;a garantizar la&nbsp;asistencia y puntualidad&nbsp;de los estudiantes del&nbsp;sector p\u00fablico&#8230;<\/p>\n","protected":false},"author":4,"featured_media":1854,"comment_status":"open","ping_status":"open","sticky":false,"template":"","format":"standard","meta":{"_jetpack_memberships_contains_paid_content":false,"footnotes":""},"categories":[145],"tags":[770,184],"class_list":["post-6734","post","type-post","status-publish","format-standard","has-post-thumbnail","hentry","category-educacion","tag-ano-escolar","tag-minerd"],"yoast_head":"<!-- This site is optimized with the Yoast SEO plugin v27.4 - https:\/\/yoast.com\/product\/yoast-seo-wordpress\/ -->\n<title>Educaci\u00f3n reitera segundo per\u00edodo a\u00f1o escolar 2025-2026 inicia este martes 6 de enero - Bombazo Informativo<\/title>\n<meta name=\"description\" content=\"El Ministerio de Educaci\u00f3n de la Rep\u00fablica Dominicana\u00a0(Minerd)\u00a0record\u00f3 a la comunidad educativa que el\u00a0segundo per\u00edodo de clases del A\u00f1o Escolar 2025-2026\u00a0inicia este\u00a0martes 6 de enero\u00a0en todos los centros educativos del pa\u00eds, conforme al\u00a0calendario escolar vigente.\" \/>\n<meta name=\"robots\" content=\"index, follow, max-snippet:-1, max-image-preview:large, max-video-preview:-1\" \/>\n<link rel=\"canonical\" href=\"https:\/\/bombazoinformativo.com\/index.php\/2026\/01\/04\/educacion-reitera-segundo-periodo-ano-escolar-2025-2026-inicia-este-martes-6-de-enero\/\" \/>\n<meta property=\"og:locale\" content=\"es_ES\" \/>\n<meta property=\"og:type\" content=\"article\" \/>\n<meta property=\"og:title\" content=\"Educaci\u00f3n reitera segundo per\u00edodo a\u00f1o escolar 2025-2026 inicia este martes 6 de enero - Bombazo Informativo\" \/>\n<meta property=\"og:description\" content=\"El Ministerio de Educaci\u00f3n de la Rep\u00fablica Dominicana\u00a0(Minerd)\u00a0record\u00f3 a la comunidad educativa que el\u00a0segundo per\u00edodo de clases del A\u00f1o Escolar 2025-2026\u00a0inicia este\u00a0martes 6 de enero\u00a0en todos los centros educativos del pa\u00eds, conforme al\u00a0calendario escolar vigente.\" \/>\n<meta property=\"og:url\" content=\"https:\/\/bombazoinformativo.com\/index.php\/2026\/01\/04\/educacion-reitera-segundo-periodo-ano-escolar-2025-2026-inicia-este-martes-6-de-enero\/\" \/>\n<meta property=\"og:site_name\" content=\"Bombazo Informativo\" \/>\n<meta property=\"article:published_time\" content=\"2026-01-04T18:24:37+00:00\" \/>\n<meta property=\"article:modified_time\" content=\"2026-01-04T18:24:38+00:00\" \/>\n<meta property=\"og:image\" content=\"https:\/\/bombazoinformativo.com\/wp-content\/uploads\/2024\/05\/cf3b3f5b4be54768316659cc54bc83cf592399a6fachada-educacion-jpg.jpg\" \/>\n\t<meta property=\"og:image:width\" content=\"1280\" \/>\n\t<meta property=\"og:image:height\" content=\"850\" \/>\n\t<meta property=\"og:image:type\" content=\"image\/jpeg\" \/>\n<meta name=\"author\" content=\"Bombazo Informativo\" \/>\n<meta name=\"twitter:card\" content=\"summary_large_image\" \/>\n<meta name=\"twitter:label1\" content=\"Written by\" \/>\n\t<meta name=\"twitter:data1\" content=\"Bombazo Informativo\" \/>\n\t<meta name=\"twitter:label2\" content=\"Est. reading time\" \/>\n\t<meta name=\"twitter:data2\" content=\"1 minuto\" \/>\n<script type=\"application\/ld+json\" class=\"yoast-schema-graph\">{\"@context\":\"https:\\\/\\\/schema.org\",\"@graph\":[{\"@type\":\"Article\",\"@id\":\"https:\\\/\\\/bombazoinformativo.com\\\/index.php\\\/2026\\\/01\\\/04\\\/educacion-reitera-segundo-periodo-ano-escolar-2025-2026-inicia-este-martes-6-de-enero\\\/#article\",\"isPartOf\":{\"@id\":\"https:\\\/\\\/bombazoinformativo.com\\\/index.php\\\/2026\\\/01\\\/04\\\/educacion-reitera-segundo-periodo-ano-escolar-2025-2026-inicia-este-martes-6-de-enero\\\/\"},\"author\":{\"name\":\"Bombazo Informativo\",\"@id\":\"https:\\\/\\\/bombazoinformativo.com\\\/#\\\/schema\\\/person\\\/8a14f30019ce669c2ff632f56c95babc\"},\"headline\":\"Educaci\u00f3n reitera segundo per\u00edodo a\u00f1o escolar 2025-2026 inicia este martes 6 de enero\",\"datePublished\":\"2026-01-04T18:24:37+00:00\",\"dateModified\":\"2026-01-04T18:24:38+00:00\",\"mainEntityOfPage\":{\"@id\":\"https:\\\/\\\/bombazoinformativo.com\\\/index.php\\\/2026\\\/01\\\/04\\\/educacion-reitera-segundo-periodo-ano-escolar-2025-2026-inicia-este-martes-6-de-enero\\\/\"},\"wordCount\":147,\"commentCount\":0,\"publisher\":{\"@id\":\"https:\\\/\\\/bombazoinformativo.com\\\/#organization\"},\"image\":{\"@id\":\"https:\\\/\\\/bombazoinformativo.com\\\/index.php\\\/2026\\\/01\\\/04\\\/educacion-reitera-segundo-periodo-ano-escolar-2025-2026-inicia-este-martes-6-de-enero\\\/#primaryimage\"},\"thumbnailUrl\":\"https:\\\/\\\/bombazoinformativo.com\\\/wp-content\\\/uploads\\\/2024\\\/05\\\/cf3b3f5b4be54768316659cc54bc83cf592399a6fachada-educacion-jpg.jpg\",\"keywords\":[\"A\u00f1o escolar\",\"Minerd\"],\"articleSection\":[\"Educaci\u00f3n\"],\"inLanguage\":\"es-DO\",\"potentialAction\":[{\"@type\":\"CommentAction\",\"name\":\"Comment\",\"target\":[\"https:\\\/\\\/bombazoinformativo.com\\\/index.php\\\/2026\\\/01\\\/04\\\/educacion-reitera-segundo-periodo-ano-escolar-2025-2026-inicia-este-martes-6-de-enero\\\/#respond\"]}]},{\"@type\":\"WebPage\",\"@id\":\"https:\\\/\\\/bombazoinformativo.com\\\/index.php\\\/2026\\\/01\\\/04\\\/educacion-reitera-segundo-periodo-ano-escolar-2025-2026-inicia-este-martes-6-de-enero\\\/\",\"url\":\"https:\\\/\\\/bombazoinformativo.com\\\/index.php\\\/2026\\\/01\\\/04\\\/educacion-reitera-segundo-periodo-ano-escolar-2025-2026-inicia-este-martes-6-de-enero\\\/\",\"name\":\"Educaci\u00f3n reitera segundo per\u00edodo a\u00f1o escolar 2025-2026 inicia este martes 6 de enero - Bombazo Informativo\",\"isPartOf\":{\"@id\":\"https:\\\/\\\/bombazoinformativo.com\\\/#website\"},\"primaryImageOfPage\":{\"@id\":\"https:\\\/\\\/bombazoinformativo.com\\\/index.php\\\/2026\\\/01\\\/04\\\/educacion-reitera-segundo-periodo-ano-escolar-2025-2026-inicia-este-martes-6-de-enero\\\/#primaryimage\"},\"image\":{\"@id\":\"https:\\\/\\\/bombazoinformativo.com\\\/index.php\\\/2026\\\/01\\\/04\\\/educacion-reitera-segundo-periodo-ano-escolar-2025-2026-inicia-este-martes-6-de-enero\\\/#primaryimage\"},\"thumbnailUrl\":\"https:\\\/\\\/bombazoinformativo.com\\\/wp-content\\\/uploads\\\/2024\\\/05\\\/cf3b3f5b4be54768316659cc54bc83cf592399a6fachada-educacion-jpg.jpg\",\"datePublished\":\"2026-01-04T18:24:37+00:00\",\"dateModified\":\"2026-01-04T18:24:38+00:00\",\"description\":\"El Ministerio de Educaci\u00f3n de la Rep\u00fablica Dominicana\u00a0(Minerd)\u00a0record\u00f3 a la comunidad educativa que el\u00a0segundo per\u00edodo de clases del A\u00f1o Escolar 2025-2026\u00a0inicia este\u00a0martes 6 de enero\u00a0en todos los centros educativos del pa\u00eds, conforme al\u00a0calendario escolar vigente.\",\"breadcrumb\":{\"@id\":\"https:\\\/\\\/bombazoinformativo.com\\\/index.php\\\/2026\\\/01\\\/04\\\/educacion-reitera-segundo-periodo-ano-escolar-2025-2026-inicia-este-martes-6-de-enero\\\/#breadcrumb\"},\"inLanguage\":\"es-DO\",\"potentialAction\":[{\"@type\":\"ReadAction\",\"target\":[\"https:\\\/\\\/bombazoinformativo.com\\\/index.php\\\/2026\\\/01\\\/04\\\/educacion-reitera-segundo-periodo-ano-escolar-2025-2026-inicia-este-martes-6-de-enero\\\/\"]}]},{\"@type\":\"ImageObject\",\"inLanguage\":\"es-DO\",\"@id\":\"https:\\\/\\\/bombazoinformativo.com\\\/index.php\\\/2026\\\/01\\\/04\\\/educacion-reitera-segundo-periodo-ano-escolar-2025-2026-inicia-este-martes-6-de-enero\\\/#primaryimage\",\"url\":\"https:\\\/\\\/bombazoinformativo.com\\\/wp-content\\\/uploads\\\/2024\\\/05\\\/cf3b3f5b4be54768316659cc54bc83cf592399a6fachada-educacion-jpg.jpg\",\"contentUrl\":\"https:\\\/\\\/bombazoinformativo.com\\\/wp-content\\\/uploads\\\/2024\\\/05\\\/cf3b3f5b4be54768316659cc54bc83cf592399a6fachada-educacion-jpg.jpg\",\"width\":1280,\"height\":850},{\"@type\":\"BreadcrumbList\",\"@id\":\"https:\\\/\\\/bombazoinformativo.com\\\/index.php\\\/2026\\\/01\\\/04\\\/educacion-reitera-segundo-periodo-ano-escolar-2025-2026-inicia-este-martes-6-de-enero\\\/#breadcrumb\",\"itemListElement\":[{\"@type\":\"ListItem\",\"position\":1,\"name\":\"Home\",\"item\":\"https:\\\/\\\/bombazoinformativo.com\\\/\"},{\"@type\":\"ListItem\",\"position\":2,\"name\":\"Educaci\u00f3n reitera segundo per\u00edodo a\u00f1o escolar 2025-2026 inicia este martes 6 de enero\"}]},{\"@type\":\"WebSite\",\"@id\":\"https:\\\/\\\/bombazoinformativo.com\\\/#website\",\"url\":\"https:\\\/\\\/bombazoinformativo.com\\\/\",\"name\":\"Bombazo Informativo\",\"description\":\"En el Bombazo Informativo tenemos el objetivo de brindarte informaciones veraces, con claridad y objetividad.\",\"publisher\":{\"@id\":\"https:\\\/\\\/bombazoinformativo.com\\\/#organization\"},\"potentialAction\":[{\"@type\":\"SearchAction\",\"target\":{\"@type\":\"EntryPoint\",\"urlTemplate\":\"https:\\\/\\\/bombazoinformativo.com\\\/?s={search_term_string}\"},\"query-input\":{\"@type\":\"PropertyValueSpecification\",\"valueRequired\":true,\"valueName\":\"search_term_string\"}}],\"inLanguage\":\"es-DO\"},{\"@type\":\"Organization\",\"@id\":\"https:\\\/\\\/bombazoinformativo.com\\\/#organization\",\"name\":\"Bombazo Informativo\",\"url\":\"https:\\\/\\\/bombazoinformativo.com\\\/\",\"logo\":{\"@type\":\"ImageObject\",\"inLanguage\":\"es-DO\",\"@id\":\"https:\\\/\\\/bombazoinformativo.com\\\/#\\\/schema\\\/logo\\\/image\\\/\",\"url\":\"https:\\\/\\\/bombazoinformativo.com\\\/wp-content\\\/uploads\\\/2024\\\/11\\\/cropped-WhatsApp-Image-2024-11-29-at-12.01.48-PM.jpeg\",\"contentUrl\":\"https:\\\/\\\/bombazoinformativo.com\\\/wp-content\\\/uploads\\\/2024\\\/11\\\/cropped-WhatsApp-Image-2024-11-29-at-12.01.48-PM.jpeg\",\"width\":1599,\"height\":315,\"caption\":\"Bombazo Informativo\"},\"image\":{\"@id\":\"https:\\\/\\\/bombazoinformativo.com\\\/#\\\/schema\\\/logo\\\/image\\\/\"}},{\"@type\":\"Person\",\"@id\":\"https:\\\/\\\/bombazoinformativo.com\\\/#\\\/schema\\\/person\\\/8a14f30019ce669c2ff632f56c95babc\",\"name\":\"Bombazo Informativo\",\"image\":{\"@type\":\"ImageObject\",\"inLanguage\":\"es-DO\",\"@id\":\"https:\\\/\\\/bombazoinformativo.com\\\/wp-content\\\/litespeed\\\/avatar\\\/b076bbe918e43ad70d1f99495fbecd83.jpg?ver=1777262154\",\"url\":\"https:\\\/\\\/bombazoinformativo.com\\\/wp-content\\\/litespeed\\\/avatar\\\/b076bbe918e43ad70d1f99495fbecd83.jpg?ver=1777262154\",\"contentUrl\":\"https:\\\/\\\/bombazoinformativo.com\\\/wp-content\\\/litespeed\\\/avatar\\\/b076bbe918e43ad70d1f99495fbecd83.jpg?ver=1777262154\",\"caption\":\"Bombazo Informativo\"},\"url\":\"https:\\\/\\\/bombazoinformativo.com\\\/index.php\\\/author\\\/bombazo-informativo\\\/\"}]}<\/script>\n<!-- \/ Yoast SEO plugin. -->","yoast_head_json":{"title":"Educaci\u00f3n reitera segundo per\u00edodo a\u00f1o escolar 2025-2026 inicia este martes 6 de enero - Bombazo Informativo","description":"El Ministerio de Educaci\u00f3n de la Rep\u00fablica Dominicana\u00a0(Minerd)\u00a0record\u00f3 a la comunidad educativa que el\u00a0segundo per\u00edodo de clases del A\u00f1o Escolar 2025-2026\u00a0inicia este\u00a0martes 6 de enero\u00a0en todos los centros educativos del pa\u00eds, conforme al\u00a0calendario escolar vigente.","robots":{"index":"index","follow":"follow","max-snippet":"max-snippet:-1","max-image-preview":"max-image-preview:large","max-video-preview":"max-video-preview:-1"},"canonical":"https:\/\/bombazoinformativo.com\/index.php\/2026\/01\/04\/educacion-reitera-segundo-periodo-ano-escolar-2025-2026-inicia-este-martes-6-de-enero\/","og_locale":"es_ES","og_type":"article","og_title":"Educaci\u00f3n reitera segundo per\u00edodo a\u00f1o escolar 2025-2026 inicia este martes 6 de enero - Bombazo Informativo","og_description":"El Ministerio de Educaci\u00f3n de la Rep\u00fablica Dominicana\u00a0(Minerd)\u00a0record\u00f3 a la comunidad educativa que el\u00a0segundo per\u00edodo de clases del A\u00f1o Escolar 2025-2026\u00a0inicia este\u00a0martes 6 de enero\u00a0en todos los centros educativos del pa\u00eds, conforme al\u00a0calendario escolar vigente.","og_url":"https:\/\/bombazoinformativo.com\/index.php\/2026\/01\/04\/educacion-reitera-segundo-periodo-ano-escolar-2025-2026-inicia-este-martes-6-de-enero\/","og_site_name":"Bombazo Informativo","article_published_time":"2026-01-04T18:24:37+00:00","article_modified_time":"2026-01-04T18:24:38+00:00","og_image":[{"width":1280,"height":850,"url":"https:\/\/bombazoinformativo.com\/wp-content\/uploads\/2024\/05\/cf3b3f5b4be54768316659cc54bc83cf592399a6fachada-educacion-jpg.jpg","type":"image\/jpeg"}],"author":"Bombazo Informativo","twitter_card":"summary_large_image","twitter_misc":{"Written by":"Bombazo Informativo","Est. reading time":"1 minuto"},"schema":{"@context":"https:\/\/schema.org","@graph":[{"@type":"Article","@id":"https:\/\/bombazoinformativo.com\/index.php\/2026\/01\/04\/educacion-reitera-segundo-periodo-ano-escolar-2025-2026-inicia-este-martes-6-de-enero\/#article","isPartOf":{"@id":"https:\/\/bombazoinformativo.com\/index.php\/2026\/01\/04\/educacion-reitera-segundo-periodo-ano-escolar-2025-2026-inicia-este-martes-6-de-enero\/"},"author":{"name":"Bombazo Informativo","@id":"https:\/\/bombazoinformativo.com\/#\/schema\/person\/8a14f30019ce669c2ff632f56c95babc"},"headline":"Educaci\u00f3n reitera segundo per\u00edodo a\u00f1o escolar 2025-2026 inicia este martes 6 de enero","datePublished":"2026-01-04T18:24:37+00:00","dateModified":"2026-01-04T18:24:38+00:00","mainEntityOfPage":{"@id":"https:\/\/bombazoinformativo.com\/index.php\/2026\/01\/04\/educacion-reitera-segundo-periodo-ano-escolar-2025-2026-inicia-este-martes-6-de-enero\/"},"wordCount":147,"commentCount":0,"publisher":{"@id":"https:\/\/bombazoinformativo.com\/#organization"},"image":{"@id":"https:\/\/bombazoinformativo.com\/index.php\/2026\/01\/04\/educacion-reitera-segundo-periodo-ano-escolar-2025-2026-inicia-este-martes-6-de-enero\/#primaryimage"},"thumbnailUrl":"https:\/\/bombazoinformativo.com\/wp-content\/uploads\/2024\/05\/cf3b3f5b4be54768316659cc54bc83cf592399a6fachada-educacion-jpg.jpg","keywords":["A\u00f1o escolar","Minerd"],"articleSection":["Educaci\u00f3n"],"inLanguage":"es-DO","potentialAction":[{"@type":"CommentAction","name":"Comment","target":["https:\/\/bombazoinformativo.com\/index.php\/2026\/01\/04\/educacion-reitera-segundo-periodo-ano-escolar-2025-2026-inicia-este-martes-6-de-enero\/#respond"]}]},{"@type":"WebPage","@id":"https:\/\/bombazoinformativo.com\/index.php\/2026\/01\/04\/educacion-reitera-segundo-periodo-ano-escolar-2025-2026-inicia-este-martes-6-de-enero\/","url":"https:\/\/bombazoinformativo.com\/index.php\/2026\/01\/04\/educacion-reitera-segundo-periodo-ano-escolar-2025-2026-inicia-este-martes-6-de-enero\/","name":"Educaci\u00f3n reitera segundo per\u00edodo a\u00f1o escolar 2025-2026 inicia este martes 6 de enero - Bombazo Informativo","isPartOf":{"@id":"https:\/\/bombazoinformativo.com\/#website"},"primaryImageOfPage":{"@id":"https:\/\/bombazoinformativo.com\/index.php\/2026\/01\/04\/educacion-reitera-segundo-periodo-ano-escolar-2025-2026-inicia-este-martes-6-de-enero\/#primaryimage"},"image":{"@id":"https:\/\/bombazoinformativo.com\/index.php\/2026\/01\/04\/educacion-reitera-segundo-periodo-ano-escolar-2025-2026-inicia-este-martes-6-de-enero\/#primaryimage"},"thumbnailUrl":"https:\/\/bombazoinformativo.com\/wp-content\/uploads\/2024\/05\/cf3b3f5b4be54768316659cc54bc83cf592399a6fachada-educacion-jpg.jpg","datePublished":"2026-01-04T18:24:37+00:00","dateModified":"2026-01-04T18:24:38+00:00","description":"El Ministerio de Educaci\u00f3n de la Rep\u00fablica Dominicana\u00a0(Minerd)\u00a0record\u00f3 a la comunidad educativa que el\u00a0segundo per\u00edodo de clases del A\u00f1o Escolar 2025-2026\u00a0inicia este\u00a0martes 6 de enero\u00a0en todos los centros educativos del pa\u00eds, conforme al\u00a0calendario escolar vigente.","breadcrumb":{"@id":"https:\/\/bombazoinformativo.com\/index.php\/2026\/01\/04\/educacion-reitera-segundo-periodo-ano-escolar-2025-2026-inicia-este-martes-6-de-enero\/#breadcrumb"},"inLanguage":"es-DO","potentialAction":[{"@type":"ReadAction","target":["https:\/\/bombazoinformativo.com\/index.php\/2026\/01\/04\/educacion-reitera-segundo-periodo-ano-escolar-2025-2026-inicia-este-martes-6-de-enero\/"]}]},{"@type":"ImageObject","inLanguage":"es-DO","@id":"https:\/\/bombazoinformativo.com\/index.php\/2026\/01\/04\/educacion-reitera-segundo-periodo-ano-escolar-2025-2026-inicia-este-martes-6-de-enero\/#primaryimage","url":"https:\/\/bombazoinformativo.com\/wp-content\/uploads\/2024\/05\/cf3b3f5b4be54768316659cc54bc83cf592399a6fachada-educacion-jpg.jpg","contentUrl":"https:\/\/bombazoinformativo.com\/wp-content\/uploads\/2024\/05\/cf3b3f5b4be54768316659cc54bc83cf592399a6fachada-educacion-jpg.jpg","width":1280,"height":850},{"@type":"BreadcrumbList","@id":"https:\/\/bombazoinformativo.com\/index.php\/2026\/01\/04\/educacion-reitera-segundo-periodo-ano-escolar-2025-2026-inicia-este-martes-6-de-enero\/#breadcrumb","itemListElement":[{"@type":"ListItem","position":1,"name":"Home","item":"https:\/\/bombazoinformativo.com\/"},{"@type":"ListItem","position":2,"name":"Educaci\u00f3n reitera segundo per\u00edodo a\u00f1o escolar 2025-2026 inicia este martes 6 de enero"}]},{"@type":"WebSite","@id":"https:\/\/bombazoinformativo.com\/#website","url":"https:\/\/bombazoinformativo.com\/","name":"Bombazo Informativo","description":"En el Bombazo Informativo tenemos el objetivo de brindarte informaciones veraces, con claridad y objetividad.","publisher":{"@id":"https:\/\/bombazoinformativo.com\/#organization"},"potentialAction":[{"@type":"SearchAction","target":{"@type":"EntryPoint","urlTemplate":"https:\/\/bombazoinformativo.com\/?s={search_term_string}"},"query-input":{"@type":"PropertyValueSpecification","valueRequired":true,"valueName":"search_term_string"}}],"inLanguage":"es-DO"},{"@type":"Organization","@id":"https:\/\/bombazoinformativo.com\/#organization","name":"Bombazo Informativo","url":"https:\/\/bombazoinformativo.com\/","logo":{"@type":"ImageObject","inLanguage":"es-DO","@id":"https:\/\/bombazoinformativo.com\/#\/schema\/logo\/image\/","url":"https:\/\/bombazoinformativo.com\/wp-content\/uploads\/2024\/11\/cropped-WhatsApp-Image-2024-11-29-at-12.01.48-PM.jpeg","contentUrl":"https:\/\/bombazoinformativo.com\/wp-content\/uploads\/2024\/11\/cropped-WhatsApp-Image-2024-11-29-at-12.01.48-PM.jpeg","width":1599,"height":315,"caption":"Bombazo Informativo"},"image":{"@id":"https:\/\/bombazoinformativo.com\/#\/schema\/logo\/image\/"}},{"@type":"Person","@id":"https:\/\/bombazoinformativo.com\/#\/schema\/person\/8a14f30019ce669c2ff632f56c95babc","name":"Bombazo Informativo","image":{"@type":"ImageObject","inLanguage":"es-DO","@id":"https:\/\/bombazoinformativo.com\/wp-content\/litespeed\/avatar\/b076bbe918e43ad70d1f99495fbecd83.jpg?ver=1777262154","url":"https:\/\/bombazoinformativo.com\/wp-content\/litespeed\/avatar\/b076bbe918e43ad70d1f99495fbecd83.jpg?ver=1777262154","contentUrl":"https:\/\/bombazoinformativo.com\/wp-content\/litespeed\/avatar\/b076bbe918e43ad70d1f99495fbecd83.jpg?ver=1777262154","caption":"Bombazo Informativo"},"url":"https:\/\/bombazoinformativo.com\/index.php\/author\/bombazo-informativo\/"}]}},"jetpack_featured_media_url":"https:\/\/bombazoinformativo.com\/wp-content\/uploads\/2024\/05\/cf3b3f5b4be54768316659cc54bc83cf592399a6fachada-educacion-jpg.jpg","jetpack_sharing_enabled":true,"_links":{"self":[{"href":"https:\/\/bombazoinformativo.com\/index.php\/wp-json\/wp\/v2\/posts\/6734","targetHints":{"allow":["GET"]}}],"collection":[{"href":"https:\/\/bombazoinformativo.com\/index.php\/wp-json\/wp\/v2\/posts"}],"about":[{"href":"https:\/\/bombazoinformativo.com\/index.php\/wp-json\/wp\/v2\/types\/post"}],"author":[{"embeddable":true,"href":"https:\/\/bombazoinformativo.com\/index.php\/wp-json\/wp\/v2\/users\/4"}],"replies":[{"embeddable":true,"href":"https:\/\/bombazoinformativo.com\/index.php\/wp-json\/wp\/v2\/comments?post=6734"}],"version-history":[{"count":1,"href":"https:\/\/bombazoinformativo.com\/index.php\/wp-json\/wp\/v2\/posts\/6734\/revisions"}],"predecessor-version":[{"id":6735,"href":"https:\/\/bombazoinformativo.com\/index.php\/wp-json\/wp\/v2\/posts\/6734\/revisions\/6735"}],"wp:featuredmedia":[{"embeddable":true,"href":"https:\/\/bombazoinformativo.com\/index.php\/wp-json\/wp\/v2\/media\/1854"}],"wp:attachment":[{"href":"https:\/\/bombazoinformativo.com\/index.php\/wp-json\/wp\/v2\/media?parent=6734"}],"wp:term":[{"taxonomy":"category","embeddable":true,"href":"https:\/\/bombazoinformativo.com\/index.php\/wp-json\/wp\/v2\/categories?post=6734"},{"taxonomy":"post_tag","embeddable":true,"href":"https:\/\/bombazoinformativo.com\/index.php\/wp-json\/wp\/v2\/tags?post=6734"}],"curies":[{"name":"wp","href":"https:\/\/api.w.org\/{rel}","templated":true}]}}