{"id":6128,"date":"2025-08-29T09:14:00","date_gmt":"2025-08-29T13:14:00","guid":{"rendered":"https:\/\/bombazoinformativo.com\/?p=6128"},"modified":"2025-08-29T14:18:55","modified_gmt":"2025-08-29T18:18:55","slug":"presidente-anuncia-la-construccion-del-monorriel-de-santo-domingo","status":"publish","type":"post","link":"https:\/\/bombazoinformativo.com\/index.php\/2025\/08\/29\/presidente-anuncia-la-construccion-del-monorriel-de-santo-domingo\/","title":{"rendered":"Presidente anuncia la construcci\u00f3n del Monorriel de Santo Domingo"},"content":{"rendered":"\n<h2 class=\"wp-block-heading\">El sistema atravesar\u00e1 la autopista Las Am\u00e9ricas y la avenida 27 de Febrero<\/h2>\n\n\n\n<p>Santo Domingo.-&nbsp;<strong>El presidente Luis Abinader<\/strong>&nbsp;anunci\u00f3 este jueves la construcci\u00f3n del&nbsp;<strong>Monorriel de Santo Domingo,<\/strong>&nbsp;proyecto que formar\u00e1 parte del Sistema Integrado de Transporte de Santo Domingo&nbsp;<strong>(SIT-SD)<\/strong>, generando un efecto de red por el alto nivel de&nbsp;<strong>intermodalidad y conexi\u00f3n<\/strong>&nbsp;de servicios complementarios, especialmente con la&nbsp;<strong>L\u00ednea 1 y 2 del Metro de Santo Domingo<\/strong>.&nbsp;<\/p>\n\n\n\n<p>La construcci\u00f3n estar\u00e1 a cargo del Fideicomiso para el Desarrollo del Sistema de Transporte Masivo de la Rep\u00fablica Dominicana (<strong>Fitram<\/strong>).<\/p>\n\n\n\n<p>El Monorriel de Santo Domingo se establece como&nbsp;<strong>eje estructurante<\/strong>&nbsp;del \u00e1rea metropolitana de la ciudad, atravesando la autopista&nbsp;<strong>Las Am\u00e9ricas y la avenida 27 de Febrero,&nbsp;<\/strong>generando una oferta de transporte p\u00fablico de<strong>&nbsp;alta capacidad y disponibilidad<\/strong>&nbsp;que permitir\u00e1 atender la demanda de viajes prevista por la conexi\u00f3n de&nbsp;<strong>Santo Domingo Este y el Distrito Nacional.<\/strong><\/p>\n\n\n\n<p>El trazado del&nbsp;<strong>Monorriel de Santo Domingo<\/strong>, en su primera etapa, comprende una extensi\u00f3n&nbsp;<strong>10.5 Kil\u00f3metros y 12 estaciones<\/strong>, desde la avenida&nbsp;<strong>Charles de Gaulle,<\/strong>&nbsp;en Santo Domingo Este, hasta el&nbsp;<strong>Centro Ol\u00edmpico,<\/strong>&nbsp;en el Distrito Nacional, conectando con las&nbsp;<strong>L\u00edneas 1 y 2 del Metro.<\/strong><\/p>\n\n\n\n<p>En su segunda etapa, el Monorriel se extender\u00eda&nbsp;<strong>hacia Pintura<\/strong>, conectando la&nbsp;<strong>L\u00ednea 3 del Telef\u00e9rico,<\/strong>&nbsp;y en una tercera fase, hacia la&nbsp;<strong>autopista Duarte,<\/strong>&nbsp;conectando con la<strong>&nbsp;L\u00ednea 2C del Metro de Los Alcarrizos.<\/strong>&nbsp;<\/p>\n\n\n\n<p>En su primera etapa, el proyecto servir\u00e1 a una poblaci\u00f3n de&nbsp;<strong>m\u00e1s de 1 mill\u00f3n<\/strong>&nbsp;de habitantes entre Santo Domingo Este y el Distrito Nacional, y atender\u00e1 una demanda inicial de&nbsp;<strong>12,500 pasajeros&nbsp;<\/strong>por hora por sentido, en su tramo m\u00e1s cargado, y&nbsp;<strong>306,000 pasajeros al d\u00eda<\/strong>.&nbsp;<\/p>\n\n\n\n<p>La operaci\u00f3n inicial contar\u00e1 con trenes de&nbsp;<strong>4 vagones<\/strong>&nbsp;con capacidad de&nbsp;<strong>562 pasajeros<\/strong>&nbsp;por combinaci\u00f3n para una oferta de servicios de&nbsp;<strong>22,480 pasajeros<\/strong>&nbsp;por hora por sentido, con un intervalo de&nbsp;<strong>90 segundos entre trenes<\/strong>. El sistema est\u00e1 dise\u00f1ado para&nbsp;<strong>futuras ampliaciones<\/strong>&nbsp;en cantidad de trenes de seis vagones, alcanzando capacidades hasta&nbsp;<strong>34,160 pasajeros<\/strong>&nbsp;por hora por sentido, adaptado al crecimiento tendencial de la demanda de viajes de Santo Domingo Este. &nbsp;<\/p>\n\n\n\n<p>La opci\u00f3n del Monorriel fue seleccionada por el ahorro que representa la construcci\u00f3n elevada, en lugar del t\u00fanel minero que requer\u00edan los dem\u00e1s sistemas ferroviarios, ahorrando aproximadamente&nbsp;<strong>35 % del costo<\/strong>. Asimismo, el proyecto representa un&nbsp;<strong>aumento en la captaci\u00f3n de viajes<\/strong>&nbsp;por atender los sectores: Los Frailes, Ensanche Isabelita, Los Mameyes, Los Tres Ojos, Ensanche Ozama, Alma Rosa, Maquiteria, Villa Duarte, Villa Francisca, San L\u00e1zaro, San Carlos, Ciudad Colonial, Villa Consuelo, Don Bosco, Miraflores, Villa Juana, y el centro metropolitano de Santo Domingo, con los sectores de Naco, Esperilla, El Vergel y Evaristo Morales.&nbsp;<\/p>\n\n\n\n<p>El Monorriel de Santo Domingo est\u00e1 previsto construirse en&nbsp;<strong>tres fases<\/strong>:&nbsp; Tramo priorizado,&nbsp;<strong>fase 1,<\/strong>&nbsp;desde el Centro Ol\u00edmpico, conectando con L\u00ednea 1 y L\u00ednea 2 del Metro hasta el puente Rey Juan Carlos en la avenida Las Am\u00e9ricas, en Santo Domingo Este; extensi\u00f3n&nbsp;<strong>fase 2,<\/strong>&nbsp;desde Centro Ol\u00edmpico hasta Pintura por la avenida 27 de Febrero, conectando con el futuro tranv\u00eda y Telef\u00e9rico L\u00ednea 3 Santo Domingo Oeste, y la extensi\u00f3n&nbsp;<strong>fase 3,<\/strong>&nbsp;desde Pintura hasta la Prolongaci\u00f3n de la 27 de Febrero, conectando con la L\u00ednea 2 del Metro de Santo Domingo.<\/p>\n","protected":false},"excerpt":{"rendered":"<p>El sistema atravesar\u00e1 la autopista Las Am\u00e9ricas y la avenida 27 de Febrero Santo Domingo.-&nbsp;El presidente Luis Abinader&nbsp;anunci\u00f3 este jueves la construcci\u00f3n del&nbsp;Monorriel de Santo Domingo,&nbsp;proyecto que formar\u00e1 parte del Sistema Integrado de Transporte de Santo Domingo&nbsp;(SIT-SD), generando un efecto de red por el alto nivel de&nbsp;intermodalidad y conexi\u00f3n&nbsp;de servicios complementarios, especialmente con la&nbsp;L\u00ednea 1&#8230;<\/p>\n","protected":false},"author":4,"featured_media":6129,"comment_status":"open","ping_status":"open","sticky":false,"template":"","format":"standard","meta":{"_jetpack_memberships_contains_paid_content":false,"footnotes":""},"categories":[24],"tags":[2681,1195,107,209,130],"class_list":["post-6128","post","type-post","status-publish","format-standard","has-post-thumbnail","hentry","category-nacionales","tag-autopista-las-americas","tag-fitram","tag-luis-abinader","tag-monorriel","tag-presidente"],"yoast_head":"<!-- This site is optimized with the Yoast SEO plugin v27.5 - https:\/\/yoast.com\/product\/yoast-seo-wordpress\/ -->\n<title>Presidente anuncia la construcci\u00f3n del Monorriel de Santo Domingo - Bombazo Informativo<\/title>\n<meta name=\"description\" content=\"El presidente Luis Abinader\u00a0anunci\u00f3 este jueves la construcci\u00f3n del\u00a0Monorriel de Santo Domingo,\u00a0proyecto que formar\u00e1 parte del Sistema Integrado de Transporte de Santo Domingo\u00a0(SIT-SD).\" \/>\n<meta name=\"robots\" content=\"index, follow, max-snippet:-1, max-image-preview:large, max-video-preview:-1\" \/>\n<link rel=\"canonical\" href=\"https:\/\/bombazoinformativo.com\/index.php\/2025\/08\/29\/presidente-anuncia-la-construccion-del-monorriel-de-santo-domingo\/\" \/>\n<meta property=\"og:locale\" content=\"es_ES\" \/>\n<meta property=\"og:type\" content=\"article\" \/>\n<meta property=\"og:title\" content=\"Presidente anuncia la construcci\u00f3n del Monorriel de Santo Domingo - Bombazo Informativo\" \/>\n<meta property=\"og:description\" content=\"El presidente Luis Abinader\u00a0anunci\u00f3 este jueves la construcci\u00f3n del\u00a0Monorriel de Santo Domingo,\u00a0proyecto que formar\u00e1 parte del Sistema Integrado de Transporte de Santo Domingo\u00a0(SIT-SD).\" \/>\n<meta property=\"og:url\" content=\"https:\/\/bombazoinformativo.com\/index.php\/2025\/08\/29\/presidente-anuncia-la-construccion-del-monorriel-de-santo-domingo\/\" \/>\n<meta property=\"og:site_name\" content=\"Bombazo Informativo\" \/>\n<meta property=\"article:published_time\" content=\"2025-08-29T13:14:00+00:00\" \/>\n<meta property=\"article:modified_time\" content=\"2025-08-29T18:18:55+00:00\" \/>\n<meta property=\"og:image\" content=\"https:\/\/bombazoinformativo.com\/wp-content\/uploads\/2025\/08\/ca96b6cc-fbc6-4600-985a-19dce32ba8ba.jpeg\" \/>\n\t<meta property=\"og:image:width\" content=\"1300\" \/>\n\t<meta property=\"og:image:height\" content=\"731\" \/>\n\t<meta property=\"og:image:type\" content=\"image\/jpeg\" \/>\n<meta name=\"author\" content=\"Bombazo Informativo\" \/>\n<meta name=\"twitter:card\" content=\"summary_large_image\" \/>\n<meta name=\"twitter:label1\" content=\"Written by\" \/>\n\t<meta name=\"twitter:data1\" content=\"Bombazo Informativo\" \/>\n\t<meta name=\"twitter:label2\" content=\"Est. reading time\" \/>\n\t<meta name=\"twitter:data2\" content=\"3 minutos\" \/>\n<script type=\"application\/ld+json\" class=\"yoast-schema-graph\">{\"@context\":\"https:\\\/\\\/schema.org\",\"@graph\":[{\"@type\":\"Article\",\"@id\":\"https:\\\/\\\/bombazoinformativo.com\\\/index.php\\\/2025\\\/08\\\/29\\\/presidente-anuncia-la-construccion-del-monorriel-de-santo-domingo\\\/#article\",\"isPartOf\":{\"@id\":\"https:\\\/\\\/bombazoinformativo.com\\\/index.php\\\/2025\\\/08\\\/29\\\/presidente-anuncia-la-construccion-del-monorriel-de-santo-domingo\\\/\"},\"author\":{\"name\":\"Bombazo Informativo\",\"@id\":\"https:\\\/\\\/bombazoinformativo.com\\\/#\\\/schema\\\/person\\\/8a14f30019ce669c2ff632f56c95babc\"},\"headline\":\"Presidente anuncia la construcci\u00f3n del Monorriel de Santo Domingo\",\"datePublished\":\"2025-08-29T13:14:00+00:00\",\"dateModified\":\"2025-08-29T18:18:55+00:00\",\"mainEntityOfPage\":{\"@id\":\"https:\\\/\\\/bombazoinformativo.com\\\/index.php\\\/2025\\\/08\\\/29\\\/presidente-anuncia-la-construccion-del-monorriel-de-santo-domingo\\\/\"},\"wordCount\":623,\"commentCount\":0,\"publisher\":{\"@id\":\"https:\\\/\\\/bombazoinformativo.com\\\/#organization\"},\"image\":{\"@id\":\"https:\\\/\\\/bombazoinformativo.com\\\/index.php\\\/2025\\\/08\\\/29\\\/presidente-anuncia-la-construccion-del-monorriel-de-santo-domingo\\\/#primaryimage\"},\"thumbnailUrl\":\"https:\\\/\\\/bombazoinformativo.com\\\/wp-content\\\/uploads\\\/2025\\\/08\\\/ca96b6cc-fbc6-4600-985a-19dce32ba8ba.jpeg\",\"keywords\":[\"Autopista Las Am\u00e9ricas\",\"Fitram\",\"Luis Abinader\",\"Monorriel\",\"Presidente\"],\"articleSection\":[\"Nacionales\"],\"inLanguage\":\"es-DO\",\"potentialAction\":[{\"@type\":\"CommentAction\",\"name\":\"Comment\",\"target\":[\"https:\\\/\\\/bombazoinformativo.com\\\/index.php\\\/2025\\\/08\\\/29\\\/presidente-anuncia-la-construccion-del-monorriel-de-santo-domingo\\\/#respond\"]}]},{\"@type\":\"WebPage\",\"@id\":\"https:\\\/\\\/bombazoinformativo.com\\\/index.php\\\/2025\\\/08\\\/29\\\/presidente-anuncia-la-construccion-del-monorriel-de-santo-domingo\\\/\",\"url\":\"https:\\\/\\\/bombazoinformativo.com\\\/index.php\\\/2025\\\/08\\\/29\\\/presidente-anuncia-la-construccion-del-monorriel-de-santo-domingo\\\/\",\"name\":\"Presidente anuncia la construcci\u00f3n del Monorriel de Santo Domingo - Bombazo Informativo\",\"isPartOf\":{\"@id\":\"https:\\\/\\\/bombazoinformativo.com\\\/#website\"},\"primaryImageOfPage\":{\"@id\":\"https:\\\/\\\/bombazoinformativo.com\\\/index.php\\\/2025\\\/08\\\/29\\\/presidente-anuncia-la-construccion-del-monorriel-de-santo-domingo\\\/#primaryimage\"},\"image\":{\"@id\":\"https:\\\/\\\/bombazoinformativo.com\\\/index.php\\\/2025\\\/08\\\/29\\\/presidente-anuncia-la-construccion-del-monorriel-de-santo-domingo\\\/#primaryimage\"},\"thumbnailUrl\":\"https:\\\/\\\/bombazoinformativo.com\\\/wp-content\\\/uploads\\\/2025\\\/08\\\/ca96b6cc-fbc6-4600-985a-19dce32ba8ba.jpeg\",\"datePublished\":\"2025-08-29T13:14:00+00:00\",\"dateModified\":\"2025-08-29T18:18:55+00:00\",\"description\":\"El presidente Luis Abinader\u00a0anunci\u00f3 este jueves la construcci\u00f3n del\u00a0Monorriel de Santo Domingo,\u00a0proyecto que formar\u00e1 parte del Sistema Integrado de Transporte de Santo Domingo\u00a0(SIT-SD).\",\"breadcrumb\":{\"@id\":\"https:\\\/\\\/bombazoinformativo.com\\\/index.php\\\/2025\\\/08\\\/29\\\/presidente-anuncia-la-construccion-del-monorriel-de-santo-domingo\\\/#breadcrumb\"},\"inLanguage\":\"es-DO\",\"potentialAction\":[{\"@type\":\"ReadAction\",\"target\":[\"https:\\\/\\\/bombazoinformativo.com\\\/index.php\\\/2025\\\/08\\\/29\\\/presidente-anuncia-la-construccion-del-monorriel-de-santo-domingo\\\/\"]}]},{\"@type\":\"ImageObject\",\"inLanguage\":\"es-DO\",\"@id\":\"https:\\\/\\\/bombazoinformativo.com\\\/index.php\\\/2025\\\/08\\\/29\\\/presidente-anuncia-la-construccion-del-monorriel-de-santo-domingo\\\/#primaryimage\",\"url\":\"https:\\\/\\\/bombazoinformativo.com\\\/wp-content\\\/uploads\\\/2025\\\/08\\\/ca96b6cc-fbc6-4600-985a-19dce32ba8ba.jpeg\",\"contentUrl\":\"https:\\\/\\\/bombazoinformativo.com\\\/wp-content\\\/uploads\\\/2025\\\/08\\\/ca96b6cc-fbc6-4600-985a-19dce32ba8ba.jpeg\",\"width\":1300,\"height\":731},{\"@type\":\"BreadcrumbList\",\"@id\":\"https:\\\/\\\/bombazoinformativo.com\\\/index.php\\\/2025\\\/08\\\/29\\\/presidente-anuncia-la-construccion-del-monorriel-de-santo-domingo\\\/#breadcrumb\",\"itemListElement\":[{\"@type\":\"ListItem\",\"position\":1,\"name\":\"Home\",\"item\":\"https:\\\/\\\/bombazoinformativo.com\\\/\"},{\"@type\":\"ListItem\",\"position\":2,\"name\":\"Presidente anuncia la construcci\u00f3n del Monorriel de Santo Domingo\"}]},{\"@type\":\"WebSite\",\"@id\":\"https:\\\/\\\/bombazoinformativo.com\\\/#website\",\"url\":\"https:\\\/\\\/bombazoinformativo.com\\\/\",\"name\":\"Bombazo Informativo\",\"description\":\"En el Bombazo Informativo tenemos el objetivo de brindarte informaciones veraces, con claridad y objetividad.\",\"publisher\":{\"@id\":\"https:\\\/\\\/bombazoinformativo.com\\\/#organization\"},\"potentialAction\":[{\"@type\":\"SearchAction\",\"target\":{\"@type\":\"EntryPoint\",\"urlTemplate\":\"https:\\\/\\\/bombazoinformativo.com\\\/?s={search_term_string}\"},\"query-input\":{\"@type\":\"PropertyValueSpecification\",\"valueRequired\":true,\"valueName\":\"search_term_string\"}}],\"inLanguage\":\"es-DO\"},{\"@type\":\"Organization\",\"@id\":\"https:\\\/\\\/bombazoinformativo.com\\\/#organization\",\"name\":\"Bombazo Informativo\",\"url\":\"https:\\\/\\\/bombazoinformativo.com\\\/\",\"logo\":{\"@type\":\"ImageObject\",\"inLanguage\":\"es-DO\",\"@id\":\"https:\\\/\\\/bombazoinformativo.com\\\/#\\\/schema\\\/logo\\\/image\\\/\",\"url\":\"https:\\\/\\\/bombazoinformativo.com\\\/wp-content\\\/uploads\\\/2024\\\/11\\\/cropped-WhatsApp-Image-2024-11-29-at-12.01.48-PM.jpeg\",\"contentUrl\":\"https:\\\/\\\/bombazoinformativo.com\\\/wp-content\\\/uploads\\\/2024\\\/11\\\/cropped-WhatsApp-Image-2024-11-29-at-12.01.48-PM.jpeg\",\"width\":1599,\"height\":315,\"caption\":\"Bombazo Informativo\"},\"image\":{\"@id\":\"https:\\\/\\\/bombazoinformativo.com\\\/#\\\/schema\\\/logo\\\/image\\\/\"}},{\"@type\":\"Person\",\"@id\":\"https:\\\/\\\/bombazoinformativo.com\\\/#\\\/schema\\\/person\\\/8a14f30019ce669c2ff632f56c95babc\",\"name\":\"Bombazo Informativo\",\"image\":{\"@type\":\"ImageObject\",\"inLanguage\":\"es-DO\",\"@id\":\"https:\\\/\\\/bombazoinformativo.com\\\/wp-content\\\/litespeed\\\/avatar\\\/b076bbe918e43ad70d1f99495fbecd83.jpg?ver=1777262154\",\"url\":\"https:\\\/\\\/bombazoinformativo.com\\\/wp-content\\\/litespeed\\\/avatar\\\/b076bbe918e43ad70d1f99495fbecd83.jpg?ver=1777262154\",\"contentUrl\":\"https:\\\/\\\/bombazoinformativo.com\\\/wp-content\\\/litespeed\\\/avatar\\\/b076bbe918e43ad70d1f99495fbecd83.jpg?ver=1777262154\",\"caption\":\"Bombazo Informativo\"},\"url\":\"https:\\\/\\\/bombazoinformativo.com\\\/index.php\\\/author\\\/bombazo-informativo\\\/\"}]}<\/script>\n<!-- \/ Yoast SEO plugin. -->","yoast_head_json":{"title":"Presidente anuncia la construcci\u00f3n del Monorriel de Santo Domingo - Bombazo Informativo","description":"El presidente Luis Abinader\u00a0anunci\u00f3 este jueves la construcci\u00f3n del\u00a0Monorriel de Santo Domingo,\u00a0proyecto que formar\u00e1 parte del Sistema Integrado de Transporte de Santo Domingo\u00a0(SIT-SD).","robots":{"index":"index","follow":"follow","max-snippet":"max-snippet:-1","max-image-preview":"max-image-preview:large","max-video-preview":"max-video-preview:-1"},"canonical":"https:\/\/bombazoinformativo.com\/index.php\/2025\/08\/29\/presidente-anuncia-la-construccion-del-monorriel-de-santo-domingo\/","og_locale":"es_ES","og_type":"article","og_title":"Presidente anuncia la construcci\u00f3n del Monorriel de Santo Domingo - Bombazo Informativo","og_description":"El presidente Luis Abinader\u00a0anunci\u00f3 este jueves la construcci\u00f3n del\u00a0Monorriel de Santo Domingo,\u00a0proyecto que formar\u00e1 parte del Sistema Integrado de Transporte de Santo Domingo\u00a0(SIT-SD).","og_url":"https:\/\/bombazoinformativo.com\/index.php\/2025\/08\/29\/presidente-anuncia-la-construccion-del-monorriel-de-santo-domingo\/","og_site_name":"Bombazo Informativo","article_published_time":"2025-08-29T13:14:00+00:00","article_modified_time":"2025-08-29T18:18:55+00:00","og_image":[{"width":1300,"height":731,"url":"https:\/\/bombazoinformativo.com\/wp-content\/uploads\/2025\/08\/ca96b6cc-fbc6-4600-985a-19dce32ba8ba.jpeg","type":"image\/jpeg"}],"author":"Bombazo Informativo","twitter_card":"summary_large_image","twitter_misc":{"Written by":"Bombazo Informativo","Est. reading time":"3 minutos"},"schema":{"@context":"https:\/\/schema.org","@graph":[{"@type":"Article","@id":"https:\/\/bombazoinformativo.com\/index.php\/2025\/08\/29\/presidente-anuncia-la-construccion-del-monorriel-de-santo-domingo\/#article","isPartOf":{"@id":"https:\/\/bombazoinformativo.com\/index.php\/2025\/08\/29\/presidente-anuncia-la-construccion-del-monorriel-de-santo-domingo\/"},"author":{"name":"Bombazo Informativo","@id":"https:\/\/bombazoinformativo.com\/#\/schema\/person\/8a14f30019ce669c2ff632f56c95babc"},"headline":"Presidente anuncia la construcci\u00f3n del Monorriel de Santo Domingo","datePublished":"2025-08-29T13:14:00+00:00","dateModified":"2025-08-29T18:18:55+00:00","mainEntityOfPage":{"@id":"https:\/\/bombazoinformativo.com\/index.php\/2025\/08\/29\/presidente-anuncia-la-construccion-del-monorriel-de-santo-domingo\/"},"wordCount":623,"commentCount":0,"publisher":{"@id":"https:\/\/bombazoinformativo.com\/#organization"},"image":{"@id":"https:\/\/bombazoinformativo.com\/index.php\/2025\/08\/29\/presidente-anuncia-la-construccion-del-monorriel-de-santo-domingo\/#primaryimage"},"thumbnailUrl":"https:\/\/bombazoinformativo.com\/wp-content\/uploads\/2025\/08\/ca96b6cc-fbc6-4600-985a-19dce32ba8ba.jpeg","keywords":["Autopista Las Am\u00e9ricas","Fitram","Luis Abinader","Monorriel","Presidente"],"articleSection":["Nacionales"],"inLanguage":"es-DO","potentialAction":[{"@type":"CommentAction","name":"Comment","target":["https:\/\/bombazoinformativo.com\/index.php\/2025\/08\/29\/presidente-anuncia-la-construccion-del-monorriel-de-santo-domingo\/#respond"]}]},{"@type":"WebPage","@id":"https:\/\/bombazoinformativo.com\/index.php\/2025\/08\/29\/presidente-anuncia-la-construccion-del-monorriel-de-santo-domingo\/","url":"https:\/\/bombazoinformativo.com\/index.php\/2025\/08\/29\/presidente-anuncia-la-construccion-del-monorriel-de-santo-domingo\/","name":"Presidente anuncia la construcci\u00f3n del Monorriel de Santo Domingo - Bombazo Informativo","isPartOf":{"@id":"https:\/\/bombazoinformativo.com\/#website"},"primaryImageOfPage":{"@id":"https:\/\/bombazoinformativo.com\/index.php\/2025\/08\/29\/presidente-anuncia-la-construccion-del-monorriel-de-santo-domingo\/#primaryimage"},"image":{"@id":"https:\/\/bombazoinformativo.com\/index.php\/2025\/08\/29\/presidente-anuncia-la-construccion-del-monorriel-de-santo-domingo\/#primaryimage"},"thumbnailUrl":"https:\/\/bombazoinformativo.com\/wp-content\/uploads\/2025\/08\/ca96b6cc-fbc6-4600-985a-19dce32ba8ba.jpeg","datePublished":"2025-08-29T13:14:00+00:00","dateModified":"2025-08-29T18:18:55+00:00","description":"El presidente Luis Abinader\u00a0anunci\u00f3 este jueves la construcci\u00f3n del\u00a0Monorriel de Santo Domingo,\u00a0proyecto que formar\u00e1 parte del Sistema Integrado de Transporte de Santo Domingo\u00a0(SIT-SD).","breadcrumb":{"@id":"https:\/\/bombazoinformativo.com\/index.php\/2025\/08\/29\/presidente-anuncia-la-construccion-del-monorriel-de-santo-domingo\/#breadcrumb"},"inLanguage":"es-DO","potentialAction":[{"@type":"ReadAction","target":["https:\/\/bombazoinformativo.com\/index.php\/2025\/08\/29\/presidente-anuncia-la-construccion-del-monorriel-de-santo-domingo\/"]}]},{"@type":"ImageObject","inLanguage":"es-DO","@id":"https:\/\/bombazoinformativo.com\/index.php\/2025\/08\/29\/presidente-anuncia-la-construccion-del-monorriel-de-santo-domingo\/#primaryimage","url":"https:\/\/bombazoinformativo.com\/wp-content\/uploads\/2025\/08\/ca96b6cc-fbc6-4600-985a-19dce32ba8ba.jpeg","contentUrl":"https:\/\/bombazoinformativo.com\/wp-content\/uploads\/2025\/08\/ca96b6cc-fbc6-4600-985a-19dce32ba8ba.jpeg","width":1300,"height":731},{"@type":"BreadcrumbList","@id":"https:\/\/bombazoinformativo.com\/index.php\/2025\/08\/29\/presidente-anuncia-la-construccion-del-monorriel-de-santo-domingo\/#breadcrumb","itemListElement":[{"@type":"ListItem","position":1,"name":"Home","item":"https:\/\/bombazoinformativo.com\/"},{"@type":"ListItem","position":2,"name":"Presidente anuncia la construcci\u00f3n del Monorriel de Santo Domingo"}]},{"@type":"WebSite","@id":"https:\/\/bombazoinformativo.com\/#website","url":"https:\/\/bombazoinformativo.com\/","name":"Bombazo Informativo","description":"En el Bombazo Informativo tenemos el objetivo de brindarte informaciones veraces, con claridad y objetividad.","publisher":{"@id":"https:\/\/bombazoinformativo.com\/#organization"},"potentialAction":[{"@type":"SearchAction","target":{"@type":"EntryPoint","urlTemplate":"https:\/\/bombazoinformativo.com\/?s={search_term_string}"},"query-input":{"@type":"PropertyValueSpecification","valueRequired":true,"valueName":"search_term_string"}}],"inLanguage":"es-DO"},{"@type":"Organization","@id":"https:\/\/bombazoinformativo.com\/#organization","name":"Bombazo Informativo","url":"https:\/\/bombazoinformativo.com\/","logo":{"@type":"ImageObject","inLanguage":"es-DO","@id":"https:\/\/bombazoinformativo.com\/#\/schema\/logo\/image\/","url":"https:\/\/bombazoinformativo.com\/wp-content\/uploads\/2024\/11\/cropped-WhatsApp-Image-2024-11-29-at-12.01.48-PM.jpeg","contentUrl":"https:\/\/bombazoinformativo.com\/wp-content\/uploads\/2024\/11\/cropped-WhatsApp-Image-2024-11-29-at-12.01.48-PM.jpeg","width":1599,"height":315,"caption":"Bombazo Informativo"},"image":{"@id":"https:\/\/bombazoinformativo.com\/#\/schema\/logo\/image\/"}},{"@type":"Person","@id":"https:\/\/bombazoinformativo.com\/#\/schema\/person\/8a14f30019ce669c2ff632f56c95babc","name":"Bombazo Informativo","image":{"@type":"ImageObject","inLanguage":"es-DO","@id":"https:\/\/bombazoinformativo.com\/wp-content\/litespeed\/avatar\/b076bbe918e43ad70d1f99495fbecd83.jpg?ver=1777262154","url":"https:\/\/bombazoinformativo.com\/wp-content\/litespeed\/avatar\/b076bbe918e43ad70d1f99495fbecd83.jpg?ver=1777262154","contentUrl":"https:\/\/bombazoinformativo.com\/wp-content\/litespeed\/avatar\/b076bbe918e43ad70d1f99495fbecd83.jpg?ver=1777262154","caption":"Bombazo Informativo"},"url":"https:\/\/bombazoinformativo.com\/index.php\/author\/bombazo-informativo\/"}]}},"jetpack_featured_media_url":"https:\/\/bombazoinformativo.com\/wp-content\/uploads\/2025\/08\/ca96b6cc-fbc6-4600-985a-19dce32ba8ba.jpeg","jetpack_sharing_enabled":true,"_links":{"self":[{"href":"https:\/\/bombazoinformativo.com\/index.php\/wp-json\/wp\/v2\/posts\/6128","targetHints":{"allow":["GET"]}}],"collection":[{"href":"https:\/\/bombazoinformativo.com\/index.php\/wp-json\/wp\/v2\/posts"}],"about":[{"href":"https:\/\/bombazoinformativo.com\/index.php\/wp-json\/wp\/v2\/types\/post"}],"author":[{"embeddable":true,"href":"https:\/\/bombazoinformativo.com\/index.php\/wp-json\/wp\/v2\/users\/4"}],"replies":[{"embeddable":true,"href":"https:\/\/bombazoinformativo.com\/index.php\/wp-json\/wp\/v2\/comments?post=6128"}],"version-history":[{"count":1,"href":"https:\/\/bombazoinformativo.com\/index.php\/wp-json\/wp\/v2\/posts\/6128\/revisions"}],"predecessor-version":[{"id":6130,"href":"https:\/\/bombazoinformativo.com\/index.php\/wp-json\/wp\/v2\/posts\/6128\/revisions\/6130"}],"wp:featuredmedia":[{"embeddable":true,"href":"https:\/\/bombazoinformativo.com\/index.php\/wp-json\/wp\/v2\/media\/6129"}],"wp:attachment":[{"href":"https:\/\/bombazoinformativo.com\/index.php\/wp-json\/wp\/v2\/media?parent=6128"}],"wp:term":[{"taxonomy":"category","embeddable":true,"href":"https:\/\/bombazoinformativo.com\/index.php\/wp-json\/wp\/v2\/categories?post=6128"},{"taxonomy":"post_tag","embeddable":true,"href":"https:\/\/bombazoinformativo.com\/index.php\/wp-json\/wp\/v2\/tags?post=6128"}],"curies":[{"name":"wp","href":"https:\/\/api.w.org\/{rel}","templated":true}]}}