{"id":5836,"date":"2025-07-30T11:21:05","date_gmt":"2025-07-30T15:21:05","guid":{"rendered":"https:\/\/bombazoinformativo.com\/?p=5836"},"modified":"2025-07-30T11:21:06","modified_gmt":"2025-07-30T15:21:06","slug":"robert-polanco-dice-que-propeep-convertira-a-capotillo-en-una-galeria-de-arte-urbano","status":"publish","type":"post","link":"https:\/\/bombazoinformativo.com\/index.php\/2025\/07\/30\/robert-polanco-dice-que-propeep-convertira-a-capotillo-en-una-galeria-de-arte-urbano\/","title":{"rendered":"Robert Polanco dice que Propeep convertir\u00e1 a Capotillo en una galer\u00eda de arte urbano"},"content":{"rendered":"\n<p>Distrito Nacional -El director de Proyectos Estrat\u00e9gicos y Especiales de la Presidencia (Propeep), Robert Polanco, anunci\u00f3 este martes que el emblem\u00e1tico sector de Capotillo ser\u00e1 convertido en una galer\u00eda de arte urbano como parte del programa de intervenci\u00f3n social que ejecuta el gobierno del presidente Luis Abinader.<\/p>\n\n\n\n<p>El funcionario hizo el anuncio durante la entrega de un nuevo Paseo de los Colores, en ese populoso sector de la capital, donde se\u00f1al\u00f3 que la iniciativa es parte del esfuerzo de recuperaci\u00f3n de espacios p\u00fablicos y promoci\u00f3n de la identidad cultural comunitaria.<\/p>\n\n\n\n<p>Polanco indic\u00f3 que en Capotillo, el mural art\u00edstico fue plasmado sobre la verja perimetral de la escuela primaria El T\u00fanel, abarcando m\u00e1s de 300 metros cuadrados de colorido arte urbano.<\/p>\n\n\n\n<p>Se\u00f1al\u00f3 que la obra rinde homenaje a las Hermanas Mirabal, \u00edconos de la resistencia y la lucha por la libertad en Rep\u00fablica Dominicana, mediante retratos que evocan su valent\u00eda y legado hist\u00f3rico.<\/p>\n\n\n\n<p>El director de Propeep destac\u00f3 que la intervenci\u00f3n forma parte de un plan integral de inclusi\u00f3n social, instruido por el presidente Abinader, que busca mejorar la calidad de vida de los residentes en sectores vulnerables mediante el arte, la cultura y la dignificaci\u00f3n del entorno.<\/p>\n\n\n\n<p>\u201cCapotillo no solo ser\u00e1 recordado por su historia de lucha, sino tambi\u00e9n por convertirse en un referente del arte urbano comunitario. Este paseo es una muestra del compromiso del Gobierno con el rescate de los valores, la memoria hist\u00f3rica y la transformaci\u00f3n positiva de nuestros barrios\u201d, expres\u00f3 Polanco.<\/p>\n\n\n\n<p>En el sector Capotillo, Polanco tambi\u00e9n encabez\u00f3 el programa \u201cCerca de Ti\u201d donde estuvo acompa\u00f1ado de l\u00edderes comunitarios, entre ellos Daniel Ferreras, presidente de la uni\u00f3n de Juntas de Vecinos; David Luther, director de IDDI; Jos\u00e9 Cuello, presidente de Indarte, y Ar\u00edstides Arroyo presidente de la Fundaci\u00f3n Escoba.<\/p>\n\n\n\n<p>Adem\u00e1s, del presidente de la Comisi\u00f3n de Apoyo para el Desarrollo Barrial, Rolfis Rojas; la directora del Proyecto la 42, Gidette Tabar, la directora del programa Renacer Contigo, Carmen Blanc, el encargado del Programa Dominicana Cultural y Creativa, Lino Manuel Garc\u00eda, y de la regidora Jacqueline Beltr\u00e9.<\/p>\n\n\n\n<p>Paseo de los Colores en San Antonio de Guerra<\/p>\n\n\n\n<p>M\u00e1s adelante, Polanco se traslad\u00f3 al municipio San Antonio de Guerra, d\u00f3nde entreg\u00f3 otro Paseo de los Colores en el centro educativo Leonor M. Feltz, con m\u00e1s de 400 metros cuadros de arte urbano.<\/p>\n\n\n\n<p>Con estas acciones, Propeep contin\u00faa consolidando su misi\u00f3n de llevar soluciones creativas y sostenibles a las comunidades m\u00e1s necesitadas, fomentando el sentido de pertenencia y el orgullo local entre j\u00f3venes, ni\u00f1os y familias.<\/p>\n","protected":false},"excerpt":{"rendered":"<p>Distrito Nacional -El director de Proyectos Estrat\u00e9gicos y Especiales de la Presidencia (Propeep), Robert Polanco, anunci\u00f3 este martes que el emblem\u00e1tico sector de Capotillo ser\u00e1 convertido en una galer\u00eda de arte urbano como parte del programa de intervenci\u00f3n social que ejecuta el gobierno del presidente Luis Abinader. El funcionario hizo el anuncio durante la entrega&#8230;<\/p>\n","protected":false},"author":4,"featured_media":5837,"comment_status":"open","ping_status":"open","sticky":false,"template":"","format":"standard","meta":{"_jetpack_memberships_contains_paid_content":false,"footnotes":""},"categories":[24],"tags":[1984,2588,1349,2587],"class_list":["post-5836","post","type-post","status-publish","format-standard","has-post-thumbnail","hentry","category-nacionales","tag-capotillo","tag-galeria-de-arte-urbano","tag-propeep","tag-robert-polanco"],"yoast_head":"<!-- This site is optimized with the Yoast SEO plugin v27.5 - https:\/\/yoast.com\/product\/yoast-seo-wordpress\/ -->\n<title>Robert Polanco dice que Propeep convertir\u00e1 a Capotillo en una galer\u00eda de arte urbano - Bombazo Informativo<\/title>\n<meta name=\"description\" content=\"El director de Propeep, Robert Polanco, dijo este martes que el emblem\u00e1tico sector de Capotillo ser\u00e1 convertido en una galer\u00eda de arte urbano\" \/>\n<meta name=\"robots\" content=\"index, follow, max-snippet:-1, max-image-preview:large, max-video-preview:-1\" \/>\n<link rel=\"canonical\" href=\"https:\/\/bombazoinformativo.com\/index.php\/2025\/07\/30\/robert-polanco-dice-que-propeep-convertira-a-capotillo-en-una-galeria-de-arte-urbano\/\" \/>\n<meta property=\"og:locale\" content=\"es_ES\" \/>\n<meta property=\"og:type\" content=\"article\" \/>\n<meta property=\"og:title\" content=\"Robert Polanco dice que Propeep convertir\u00e1 a Capotillo en una galer\u00eda de arte urbano - Bombazo Informativo\" \/>\n<meta property=\"og:description\" content=\"El director de Propeep, Robert Polanco, dijo este martes que el emblem\u00e1tico sector de Capotillo ser\u00e1 convertido en una galer\u00eda de arte urbano\" \/>\n<meta property=\"og:url\" content=\"https:\/\/bombazoinformativo.com\/index.php\/2025\/07\/30\/robert-polanco-dice-que-propeep-convertira-a-capotillo-en-una-galeria-de-arte-urbano\/\" \/>\n<meta property=\"og:site_name\" content=\"Bombazo Informativo\" \/>\n<meta property=\"article:published_time\" content=\"2025-07-30T15:21:05+00:00\" \/>\n<meta property=\"article:modified_time\" content=\"2025-07-30T15:21:06+00:00\" \/>\n<meta property=\"og:image\" content=\"https:\/\/bombazoinformativo.com\/wp-content\/uploads\/2025\/07\/capotillo-galeria-de-arte.webp\" \/>\n\t<meta property=\"og:image:width\" content=\"1280\" \/>\n\t<meta property=\"og:image:height\" content=\"853\" \/>\n\t<meta property=\"og:image:type\" content=\"image\/webp\" \/>\n<meta name=\"author\" content=\"Bombazo Informativo\" \/>\n<meta name=\"twitter:card\" content=\"summary_large_image\" \/>\n<meta name=\"twitter:label1\" content=\"Written by\" \/>\n\t<meta name=\"twitter:data1\" content=\"Bombazo Informativo\" \/>\n\t<meta name=\"twitter:label2\" content=\"Est. reading time\" \/>\n\t<meta name=\"twitter:data2\" content=\"3 minutos\" \/>\n<script type=\"application\/ld+json\" class=\"yoast-schema-graph\">{\"@context\":\"https:\\\/\\\/schema.org\",\"@graph\":[{\"@type\":\"Article\",\"@id\":\"https:\\\/\\\/bombazoinformativo.com\\\/index.php\\\/2025\\\/07\\\/30\\\/robert-polanco-dice-que-propeep-convertira-a-capotillo-en-una-galeria-de-arte-urbano\\\/#article\",\"isPartOf\":{\"@id\":\"https:\\\/\\\/bombazoinformativo.com\\\/index.php\\\/2025\\\/07\\\/30\\\/robert-polanco-dice-que-propeep-convertira-a-capotillo-en-una-galeria-de-arte-urbano\\\/\"},\"author\":{\"name\":\"Bombazo Informativo\",\"@id\":\"https:\\\/\\\/bombazoinformativo.com\\\/#\\\/schema\\\/person\\\/8a14f30019ce669c2ff632f56c95babc\"},\"headline\":\"Robert Polanco dice que Propeep convertir\u00e1 a Capotillo en una galer\u00eda de arte urbano\",\"datePublished\":\"2025-07-30T15:21:05+00:00\",\"dateModified\":\"2025-07-30T15:21:06+00:00\",\"mainEntityOfPage\":{\"@id\":\"https:\\\/\\\/bombazoinformativo.com\\\/index.php\\\/2025\\\/07\\\/30\\\/robert-polanco-dice-que-propeep-convertira-a-capotillo-en-una-galeria-de-arte-urbano\\\/\"},\"wordCount\":466,\"commentCount\":0,\"publisher\":{\"@id\":\"https:\\\/\\\/bombazoinformativo.com\\\/#organization\"},\"image\":{\"@id\":\"https:\\\/\\\/bombazoinformativo.com\\\/index.php\\\/2025\\\/07\\\/30\\\/robert-polanco-dice-que-propeep-convertira-a-capotillo-en-una-galeria-de-arte-urbano\\\/#primaryimage\"},\"thumbnailUrl\":\"https:\\\/\\\/bombazoinformativo.com\\\/wp-content\\\/uploads\\\/2025\\\/07\\\/capotillo-galeria-de-arte.webp\",\"keywords\":[\"Capotillo\",\"Galer\u00eda de arte urbano\",\"Propeep\",\"Robert Polanco\"],\"articleSection\":[\"Nacionales\"],\"inLanguage\":\"es-DO\",\"potentialAction\":[{\"@type\":\"CommentAction\",\"name\":\"Comment\",\"target\":[\"https:\\\/\\\/bombazoinformativo.com\\\/index.php\\\/2025\\\/07\\\/30\\\/robert-polanco-dice-que-propeep-convertira-a-capotillo-en-una-galeria-de-arte-urbano\\\/#respond\"]}]},{\"@type\":\"WebPage\",\"@id\":\"https:\\\/\\\/bombazoinformativo.com\\\/index.php\\\/2025\\\/07\\\/30\\\/robert-polanco-dice-que-propeep-convertira-a-capotillo-en-una-galeria-de-arte-urbano\\\/\",\"url\":\"https:\\\/\\\/bombazoinformativo.com\\\/index.php\\\/2025\\\/07\\\/30\\\/robert-polanco-dice-que-propeep-convertira-a-capotillo-en-una-galeria-de-arte-urbano\\\/\",\"name\":\"Robert Polanco dice que Propeep convertir\u00e1 a Capotillo en una galer\u00eda de arte urbano - Bombazo Informativo\",\"isPartOf\":{\"@id\":\"https:\\\/\\\/bombazoinformativo.com\\\/#website\"},\"primaryImageOfPage\":{\"@id\":\"https:\\\/\\\/bombazoinformativo.com\\\/index.php\\\/2025\\\/07\\\/30\\\/robert-polanco-dice-que-propeep-convertira-a-capotillo-en-una-galeria-de-arte-urbano\\\/#primaryimage\"},\"image\":{\"@id\":\"https:\\\/\\\/bombazoinformativo.com\\\/index.php\\\/2025\\\/07\\\/30\\\/robert-polanco-dice-que-propeep-convertira-a-capotillo-en-una-galeria-de-arte-urbano\\\/#primaryimage\"},\"thumbnailUrl\":\"https:\\\/\\\/bombazoinformativo.com\\\/wp-content\\\/uploads\\\/2025\\\/07\\\/capotillo-galeria-de-arte.webp\",\"datePublished\":\"2025-07-30T15:21:05+00:00\",\"dateModified\":\"2025-07-30T15:21:06+00:00\",\"description\":\"El director de Propeep, Robert Polanco, dijo este martes que el emblem\u00e1tico sector de Capotillo ser\u00e1 convertido en una galer\u00eda de arte urbano\",\"breadcrumb\":{\"@id\":\"https:\\\/\\\/bombazoinformativo.com\\\/index.php\\\/2025\\\/07\\\/30\\\/robert-polanco-dice-que-propeep-convertira-a-capotillo-en-una-galeria-de-arte-urbano\\\/#breadcrumb\"},\"inLanguage\":\"es-DO\",\"potentialAction\":[{\"@type\":\"ReadAction\",\"target\":[\"https:\\\/\\\/bombazoinformativo.com\\\/index.php\\\/2025\\\/07\\\/30\\\/robert-polanco-dice-que-propeep-convertira-a-capotillo-en-una-galeria-de-arte-urbano\\\/\"]}]},{\"@type\":\"ImageObject\",\"inLanguage\":\"es-DO\",\"@id\":\"https:\\\/\\\/bombazoinformativo.com\\\/index.php\\\/2025\\\/07\\\/30\\\/robert-polanco-dice-que-propeep-convertira-a-capotillo-en-una-galeria-de-arte-urbano\\\/#primaryimage\",\"url\":\"https:\\\/\\\/bombazoinformativo.com\\\/wp-content\\\/uploads\\\/2025\\\/07\\\/capotillo-galeria-de-arte.webp\",\"contentUrl\":\"https:\\\/\\\/bombazoinformativo.com\\\/wp-content\\\/uploads\\\/2025\\\/07\\\/capotillo-galeria-de-arte.webp\",\"width\":1280,\"height\":853},{\"@type\":\"BreadcrumbList\",\"@id\":\"https:\\\/\\\/bombazoinformativo.com\\\/index.php\\\/2025\\\/07\\\/30\\\/robert-polanco-dice-que-propeep-convertira-a-capotillo-en-una-galeria-de-arte-urbano\\\/#breadcrumb\",\"itemListElement\":[{\"@type\":\"ListItem\",\"position\":1,\"name\":\"Home\",\"item\":\"https:\\\/\\\/bombazoinformativo.com\\\/\"},{\"@type\":\"ListItem\",\"position\":2,\"name\":\"Robert Polanco dice que Propeep convertir\u00e1 a Capotillo en una galer\u00eda de arte urbano\"}]},{\"@type\":\"WebSite\",\"@id\":\"https:\\\/\\\/bombazoinformativo.com\\\/#website\",\"url\":\"https:\\\/\\\/bombazoinformativo.com\\\/\",\"name\":\"Bombazo Informativo\",\"description\":\"En el Bombazo Informativo tenemos el objetivo de brindarte informaciones veraces, con claridad y objetividad.\",\"publisher\":{\"@id\":\"https:\\\/\\\/bombazoinformativo.com\\\/#organization\"},\"potentialAction\":[{\"@type\":\"SearchAction\",\"target\":{\"@type\":\"EntryPoint\",\"urlTemplate\":\"https:\\\/\\\/bombazoinformativo.com\\\/?s={search_term_string}\"},\"query-input\":{\"@type\":\"PropertyValueSpecification\",\"valueRequired\":true,\"valueName\":\"search_term_string\"}}],\"inLanguage\":\"es-DO\"},{\"@type\":\"Organization\",\"@id\":\"https:\\\/\\\/bombazoinformativo.com\\\/#organization\",\"name\":\"Bombazo Informativo\",\"url\":\"https:\\\/\\\/bombazoinformativo.com\\\/\",\"logo\":{\"@type\":\"ImageObject\",\"inLanguage\":\"es-DO\",\"@id\":\"https:\\\/\\\/bombazoinformativo.com\\\/#\\\/schema\\\/logo\\\/image\\\/\",\"url\":\"https:\\\/\\\/bombazoinformativo.com\\\/wp-content\\\/uploads\\\/2024\\\/11\\\/cropped-WhatsApp-Image-2024-11-29-at-12.01.48-PM.jpeg\",\"contentUrl\":\"https:\\\/\\\/bombazoinformativo.com\\\/wp-content\\\/uploads\\\/2024\\\/11\\\/cropped-WhatsApp-Image-2024-11-29-at-12.01.48-PM.jpeg\",\"width\":1599,\"height\":315,\"caption\":\"Bombazo Informativo\"},\"image\":{\"@id\":\"https:\\\/\\\/bombazoinformativo.com\\\/#\\\/schema\\\/logo\\\/image\\\/\"}},{\"@type\":\"Person\",\"@id\":\"https:\\\/\\\/bombazoinformativo.com\\\/#\\\/schema\\\/person\\\/8a14f30019ce669c2ff632f56c95babc\",\"name\":\"Bombazo Informativo\",\"image\":{\"@type\":\"ImageObject\",\"inLanguage\":\"es-DO\",\"@id\":\"https:\\\/\\\/bombazoinformativo.com\\\/wp-content\\\/litespeed\\\/avatar\\\/b076bbe918e43ad70d1f99495fbecd83.jpg?ver=1777262154\",\"url\":\"https:\\\/\\\/bombazoinformativo.com\\\/wp-content\\\/litespeed\\\/avatar\\\/b076bbe918e43ad70d1f99495fbecd83.jpg?ver=1777262154\",\"contentUrl\":\"https:\\\/\\\/bombazoinformativo.com\\\/wp-content\\\/litespeed\\\/avatar\\\/b076bbe918e43ad70d1f99495fbecd83.jpg?ver=1777262154\",\"caption\":\"Bombazo Informativo\"},\"url\":\"https:\\\/\\\/bombazoinformativo.com\\\/index.php\\\/author\\\/bombazo-informativo\\\/\"}]}<\/script>\n<!-- \/ Yoast SEO plugin. -->","yoast_head_json":{"title":"Robert Polanco dice que Propeep convertir\u00e1 a Capotillo en una galer\u00eda de arte urbano - Bombazo Informativo","description":"El director de Propeep, Robert Polanco, dijo este martes que el emblem\u00e1tico sector de Capotillo ser\u00e1 convertido en una galer\u00eda de arte urbano","robots":{"index":"index","follow":"follow","max-snippet":"max-snippet:-1","max-image-preview":"max-image-preview:large","max-video-preview":"max-video-preview:-1"},"canonical":"https:\/\/bombazoinformativo.com\/index.php\/2025\/07\/30\/robert-polanco-dice-que-propeep-convertira-a-capotillo-en-una-galeria-de-arte-urbano\/","og_locale":"es_ES","og_type":"article","og_title":"Robert Polanco dice que Propeep convertir\u00e1 a Capotillo en una galer\u00eda de arte urbano - Bombazo Informativo","og_description":"El director de Propeep, Robert Polanco, dijo este martes que el emblem\u00e1tico sector de Capotillo ser\u00e1 convertido en una galer\u00eda de arte urbano","og_url":"https:\/\/bombazoinformativo.com\/index.php\/2025\/07\/30\/robert-polanco-dice-que-propeep-convertira-a-capotillo-en-una-galeria-de-arte-urbano\/","og_site_name":"Bombazo Informativo","article_published_time":"2025-07-30T15:21:05+00:00","article_modified_time":"2025-07-30T15:21:06+00:00","og_image":[{"width":1280,"height":853,"url":"https:\/\/bombazoinformativo.com\/wp-content\/uploads\/2025\/07\/capotillo-galeria-de-arte.webp","type":"image\/webp"}],"author":"Bombazo Informativo","twitter_card":"summary_large_image","twitter_misc":{"Written by":"Bombazo Informativo","Est. reading time":"3 minutos"},"schema":{"@context":"https:\/\/schema.org","@graph":[{"@type":"Article","@id":"https:\/\/bombazoinformativo.com\/index.php\/2025\/07\/30\/robert-polanco-dice-que-propeep-convertira-a-capotillo-en-una-galeria-de-arte-urbano\/#article","isPartOf":{"@id":"https:\/\/bombazoinformativo.com\/index.php\/2025\/07\/30\/robert-polanco-dice-que-propeep-convertira-a-capotillo-en-una-galeria-de-arte-urbano\/"},"author":{"name":"Bombazo Informativo","@id":"https:\/\/bombazoinformativo.com\/#\/schema\/person\/8a14f30019ce669c2ff632f56c95babc"},"headline":"Robert Polanco dice que Propeep convertir\u00e1 a Capotillo en una galer\u00eda de arte urbano","datePublished":"2025-07-30T15:21:05+00:00","dateModified":"2025-07-30T15:21:06+00:00","mainEntityOfPage":{"@id":"https:\/\/bombazoinformativo.com\/index.php\/2025\/07\/30\/robert-polanco-dice-que-propeep-convertira-a-capotillo-en-una-galeria-de-arte-urbano\/"},"wordCount":466,"commentCount":0,"publisher":{"@id":"https:\/\/bombazoinformativo.com\/#organization"},"image":{"@id":"https:\/\/bombazoinformativo.com\/index.php\/2025\/07\/30\/robert-polanco-dice-que-propeep-convertira-a-capotillo-en-una-galeria-de-arte-urbano\/#primaryimage"},"thumbnailUrl":"https:\/\/bombazoinformativo.com\/wp-content\/uploads\/2025\/07\/capotillo-galeria-de-arte.webp","keywords":["Capotillo","Galer\u00eda de arte urbano","Propeep","Robert Polanco"],"articleSection":["Nacionales"],"inLanguage":"es-DO","potentialAction":[{"@type":"CommentAction","name":"Comment","target":["https:\/\/bombazoinformativo.com\/index.php\/2025\/07\/30\/robert-polanco-dice-que-propeep-convertira-a-capotillo-en-una-galeria-de-arte-urbano\/#respond"]}]},{"@type":"WebPage","@id":"https:\/\/bombazoinformativo.com\/index.php\/2025\/07\/30\/robert-polanco-dice-que-propeep-convertira-a-capotillo-en-una-galeria-de-arte-urbano\/","url":"https:\/\/bombazoinformativo.com\/index.php\/2025\/07\/30\/robert-polanco-dice-que-propeep-convertira-a-capotillo-en-una-galeria-de-arte-urbano\/","name":"Robert Polanco dice que Propeep convertir\u00e1 a Capotillo en una galer\u00eda de arte urbano - Bombazo Informativo","isPartOf":{"@id":"https:\/\/bombazoinformativo.com\/#website"},"primaryImageOfPage":{"@id":"https:\/\/bombazoinformativo.com\/index.php\/2025\/07\/30\/robert-polanco-dice-que-propeep-convertira-a-capotillo-en-una-galeria-de-arte-urbano\/#primaryimage"},"image":{"@id":"https:\/\/bombazoinformativo.com\/index.php\/2025\/07\/30\/robert-polanco-dice-que-propeep-convertira-a-capotillo-en-una-galeria-de-arte-urbano\/#primaryimage"},"thumbnailUrl":"https:\/\/bombazoinformativo.com\/wp-content\/uploads\/2025\/07\/capotillo-galeria-de-arte.webp","datePublished":"2025-07-30T15:21:05+00:00","dateModified":"2025-07-30T15:21:06+00:00","description":"El director de Propeep, Robert Polanco, dijo este martes que el emblem\u00e1tico sector de Capotillo ser\u00e1 convertido en una galer\u00eda de arte urbano","breadcrumb":{"@id":"https:\/\/bombazoinformativo.com\/index.php\/2025\/07\/30\/robert-polanco-dice-que-propeep-convertira-a-capotillo-en-una-galeria-de-arte-urbano\/#breadcrumb"},"inLanguage":"es-DO","potentialAction":[{"@type":"ReadAction","target":["https:\/\/bombazoinformativo.com\/index.php\/2025\/07\/30\/robert-polanco-dice-que-propeep-convertira-a-capotillo-en-una-galeria-de-arte-urbano\/"]}]},{"@type":"ImageObject","inLanguage":"es-DO","@id":"https:\/\/bombazoinformativo.com\/index.php\/2025\/07\/30\/robert-polanco-dice-que-propeep-convertira-a-capotillo-en-una-galeria-de-arte-urbano\/#primaryimage","url":"https:\/\/bombazoinformativo.com\/wp-content\/uploads\/2025\/07\/capotillo-galeria-de-arte.webp","contentUrl":"https:\/\/bombazoinformativo.com\/wp-content\/uploads\/2025\/07\/capotillo-galeria-de-arte.webp","width":1280,"height":853},{"@type":"BreadcrumbList","@id":"https:\/\/bombazoinformativo.com\/index.php\/2025\/07\/30\/robert-polanco-dice-que-propeep-convertira-a-capotillo-en-una-galeria-de-arte-urbano\/#breadcrumb","itemListElement":[{"@type":"ListItem","position":1,"name":"Home","item":"https:\/\/bombazoinformativo.com\/"},{"@type":"ListItem","position":2,"name":"Robert Polanco dice que Propeep convertir\u00e1 a Capotillo en una galer\u00eda de arte urbano"}]},{"@type":"WebSite","@id":"https:\/\/bombazoinformativo.com\/#website","url":"https:\/\/bombazoinformativo.com\/","name":"Bombazo Informativo","description":"En el Bombazo Informativo tenemos el objetivo de brindarte informaciones veraces, con claridad y objetividad.","publisher":{"@id":"https:\/\/bombazoinformativo.com\/#organization"},"potentialAction":[{"@type":"SearchAction","target":{"@type":"EntryPoint","urlTemplate":"https:\/\/bombazoinformativo.com\/?s={search_term_string}"},"query-input":{"@type":"PropertyValueSpecification","valueRequired":true,"valueName":"search_term_string"}}],"inLanguage":"es-DO"},{"@type":"Organization","@id":"https:\/\/bombazoinformativo.com\/#organization","name":"Bombazo Informativo","url":"https:\/\/bombazoinformativo.com\/","logo":{"@type":"ImageObject","inLanguage":"es-DO","@id":"https:\/\/bombazoinformativo.com\/#\/schema\/logo\/image\/","url":"https:\/\/bombazoinformativo.com\/wp-content\/uploads\/2024\/11\/cropped-WhatsApp-Image-2024-11-29-at-12.01.48-PM.jpeg","contentUrl":"https:\/\/bombazoinformativo.com\/wp-content\/uploads\/2024\/11\/cropped-WhatsApp-Image-2024-11-29-at-12.01.48-PM.jpeg","width":1599,"height":315,"caption":"Bombazo Informativo"},"image":{"@id":"https:\/\/bombazoinformativo.com\/#\/schema\/logo\/image\/"}},{"@type":"Person","@id":"https:\/\/bombazoinformativo.com\/#\/schema\/person\/8a14f30019ce669c2ff632f56c95babc","name":"Bombazo Informativo","image":{"@type":"ImageObject","inLanguage":"es-DO","@id":"https:\/\/bombazoinformativo.com\/wp-content\/litespeed\/avatar\/b076bbe918e43ad70d1f99495fbecd83.jpg?ver=1777262154","url":"https:\/\/bombazoinformativo.com\/wp-content\/litespeed\/avatar\/b076bbe918e43ad70d1f99495fbecd83.jpg?ver=1777262154","contentUrl":"https:\/\/bombazoinformativo.com\/wp-content\/litespeed\/avatar\/b076bbe918e43ad70d1f99495fbecd83.jpg?ver=1777262154","caption":"Bombazo Informativo"},"url":"https:\/\/bombazoinformativo.com\/index.php\/author\/bombazo-informativo\/"}]}},"jetpack_featured_media_url":"https:\/\/bombazoinformativo.com\/wp-content\/uploads\/2025\/07\/capotillo-galeria-de-arte.webp","jetpack_sharing_enabled":true,"_links":{"self":[{"href":"https:\/\/bombazoinformativo.com\/index.php\/wp-json\/wp\/v2\/posts\/5836","targetHints":{"allow":["GET"]}}],"collection":[{"href":"https:\/\/bombazoinformativo.com\/index.php\/wp-json\/wp\/v2\/posts"}],"about":[{"href":"https:\/\/bombazoinformativo.com\/index.php\/wp-json\/wp\/v2\/types\/post"}],"author":[{"embeddable":true,"href":"https:\/\/bombazoinformativo.com\/index.php\/wp-json\/wp\/v2\/users\/4"}],"replies":[{"embeddable":true,"href":"https:\/\/bombazoinformativo.com\/index.php\/wp-json\/wp\/v2\/comments?post=5836"}],"version-history":[{"count":1,"href":"https:\/\/bombazoinformativo.com\/index.php\/wp-json\/wp\/v2\/posts\/5836\/revisions"}],"predecessor-version":[{"id":5838,"href":"https:\/\/bombazoinformativo.com\/index.php\/wp-json\/wp\/v2\/posts\/5836\/revisions\/5838"}],"wp:featuredmedia":[{"embeddable":true,"href":"https:\/\/bombazoinformativo.com\/index.php\/wp-json\/wp\/v2\/media\/5837"}],"wp:attachment":[{"href":"https:\/\/bombazoinformativo.com\/index.php\/wp-json\/wp\/v2\/media?parent=5836"}],"wp:term":[{"taxonomy":"category","embeddable":true,"href":"https:\/\/bombazoinformativo.com\/index.php\/wp-json\/wp\/v2\/categories?post=5836"},{"taxonomy":"post_tag","embeddable":true,"href":"https:\/\/bombazoinformativo.com\/index.php\/wp-json\/wp\/v2\/tags?post=5836"}],"curies":[{"name":"wp","href":"https:\/\/api.w.org\/{rel}","templated":true}]}}