{"id":5833,"date":"2025-07-30T11:00:53","date_gmt":"2025-07-30T15:00:53","guid":{"rendered":"https:\/\/bombazoinformativo.com\/?p=5833"},"modified":"2025-07-30T11:00:55","modified_gmt":"2025-07-30T15:00:55","slug":"grupo-victoria-yeb-25-anos-marcando-el-rumbo-en-distribucion-farmaceutica","status":"publish","type":"post","link":"https:\/\/bombazoinformativo.com\/index.php\/2025\/07\/30\/grupo-victoria-yeb-25-anos-marcando-el-rumbo-en-distribucion-farmaceutica\/","title":{"rendered":"Grupo Victoria Yeb: 25 a\u00f1os marcando el rumbo en distribuci\u00f3n farmac\u00e9utica"},"content":{"rendered":"\n<p>SANTO DOMINGO. \u2013 El Grupo Victoria Yeb conmemor\u00f3 sus 25 a\u00f1os de operaciones con una celebraci\u00f3n que reuni\u00f3 a clientes, socios estrat\u00e9gicos, colaboradores y autoridades marcando un hito en su trayectoria como l\u00edder nacional en distribuci\u00f3n farmac\u00e9utica y productos de consumo masivo.<\/p>\n\n\n\n<p>Durante el evento, el fundador Alexis Victoria Yeb reflexion\u00f3 sobre el significado de este aniversario: \u00abHoy no solo conmemoramos una fecha. Celebramos un legado que trasciende generaciones, fruto de decisiones valientes, trabajo constante y una visi\u00f3n empresarial al servicio del pa\u00eds. Esta empresa no ha sido solo una empresa farmac\u00e9utica; ha sido una apuesta a la salud, la eficiencia y el bienestar de millones de dominicanos\u00bb.<\/p>\n\n\n\n<p>Inici\u00f3 en 1998 de manera personal con la distribuci\u00f3n de tarjetas de llamadas, con el tiempo se fue conformando el Grupo con la fundaci\u00f3n de la empresa Victoria Yeb, S.A., a finales del siglo pasado. A partir de esa fecha, el Grupo ha experimentado una transformaci\u00f3n que lo posiciona hoy como uno de los principales actores de la industria. La organizaci\u00f3n integra actualmente m\u00faltiples empresas como Victoria Yeb, Dronena, JD Guerrero, Robledo Logistics, todas operando bajo rigurosos est\u00e1ndares de calidad internacional.<\/p>\n\n\n\n<p>Su red comercial y log\u00edstica abastece m\u00e1s de 3,000 puntos de venta distribuidos, a trav\u00e9s de una plataforma propia, tanto de tecnolog\u00eda como de transporte, a farmacias, cl\u00ednicas, mayoristas, supermercados, tiendas de conveniencia y el sector institucional privado, con capacidad de almacenamiento respaldada por sistemas de temperatura controlada, trazabilidad digital y log\u00edstica en tiempo real.<\/p>\n\n\n\n<p>Recientemente, el Grupo incorpor\u00f3 en su almac\u00e9n log\u00edstico ubicado en la avenida Isabel Aguiar nuevas tecnolog\u00edas de vanguardia, destacando el sistema robotizado AutoStore, un modelo automatizado de almacenamiento y picking que minimiza los errores operacionales, acelera la preparaci\u00f3n de pedidos y optimiza el uso del espacio.<\/p>\n\n\n\n<p>El Grupo, en su b\u00fasqueda permanente de estrategias innovadoras fue uno de los primeros en integrarse, de manera voluntaria, al sistema de facturaci\u00f3n electr\u00f3nica de la Direcci\u00f3n General de Impuestos Internos (DGII), consolidando su liderazgo en transformaci\u00f3n digital. Entre sus innovaciones destacan c\u00f3digos QR para pedidos, sistemas CRM, plataformas de trade marketing y la implementaci\u00f3n de paneles solares que integran eficiencia operativa con sostenibilidad ambiental.<\/p>\n\n\n\n<p><strong>Certificaciones que avalan la excelencia<\/strong><\/p>\n\n\n\n<p>El compromiso con la calidad se refleja en m\u00faltiples acreditaciones nacionales e internacionales: ISO 9001:2015 de Gesti\u00f3n de Calidad, Buenas Pr\u00e1cticas de Almacenamiento (BPA), Certificaci\u00f3n Medioambiental y Operador Econ\u00f3mico Autorizado (OEA); adem\u00e1s, se encuentra en el proceso de certificaci\u00f3n la norma ISO 37001 de Gesti\u00f3n Antisoborno, as\u00ed como la de Operador Log\u00edstico. Estas acreditaciones posicionan al Grupo entre las empresas m\u00e1s confiables del pa\u00eds en eficiencia operativa, trazabilidad y cumplimiento regulatorio.<\/p>\n\n\n\n<p><strong>Responsabilidad social: m\u00e1s all\u00e1 del negocio<\/strong><\/p>\n\n\n\n<p>La Fundaci\u00f3n Alexis Victoria Yeb canaliza el compromiso social del Grupo a trav\u00e9s de programas estructurados en salud, educaci\u00f3n y vivienda. Entre sus principales iniciativas se destacan operativos m\u00e9dicos, cirug\u00edas bari\u00e1tricas, becas estudiantiles y proyectos de construcci\u00f3n de viviendas, consolid\u00e1ndose como una extensi\u00f3n natural del prop\u00f3sito del Grupo de generar impacto positivo m\u00e1s all\u00e1 del \u00e1mbito empresarial.<\/p>\n\n\n\n<p>\u00abNuestro equipo es el alma de esta empresa. Cada ruta, cada entrega, cada proceso representa el compromiso de personas que creen en lo que hacemos y lo hacen con excelencia\u00bb, destac\u00f3 Victoria Yeb sobre el factor humano como clave del \u00e9xito empresarial.<\/p>\n\n\n\n<p>El fundador subray\u00f3 que estos logros han sido posibles gracias al entorno de estabilidad institucional que vive Rep\u00fablica Dominicana: \u00abHacer empresa en nuestro pa\u00eds no solo es posible; hoy es estrat\u00e9gico. Y eso debe motivarnos a seguir apostando por esta tierra y por su gente\u00bb.<\/p>\n","protected":false},"excerpt":{"rendered":"<p>SANTO DOMINGO. \u2013 El Grupo Victoria Yeb conmemor\u00f3 sus 25 a\u00f1os de operaciones con una celebraci\u00f3n que reuni\u00f3 a clientes, socios estrat\u00e9gicos, colaboradores y autoridades marcando un hito en su trayectoria como l\u00edder nacional en distribuci\u00f3n farmac\u00e9utica y productos de consumo masivo. Durante el evento, el fundador Alexis Victoria Yeb reflexion\u00f3 sobre el significado de&#8230;<\/p>\n","protected":false},"author":4,"featured_media":5834,"comment_status":"open","ping_status":"open","sticky":false,"template":"","format":"standard","meta":{"_jetpack_memberships_contains_paid_content":false,"footnotes":""},"categories":[18],"tags":[2586,2585],"class_list":["post-5833","post","type-post","status-publish","format-standard","has-post-thumbnail","hentry","category-economia","tag-distribucion-farmaceutica","tag-victoria-yeb"],"yoast_head":"<!-- This site is optimized with the Yoast SEO plugin v27.5 - https:\/\/yoast.com\/product\/yoast-seo-wordpress\/ -->\n<title>Grupo Victoria Yeb: 25 a\u00f1os marcando el rumbo en distribuci\u00f3n farmac\u00e9utica - Bombazo Informativo<\/title>\n<meta name=\"description\" content=\"El Grupo Victoria Yeb conmemor\u00f3 sus 25 a\u00f1os de operaciones con una celebraci\u00f3n que reuni\u00f3 a clientes, socios estrat\u00e9gicos, colaboradores y autoridades.\" \/>\n<meta name=\"robots\" content=\"index, follow, max-snippet:-1, max-image-preview:large, max-video-preview:-1\" \/>\n<link rel=\"canonical\" href=\"https:\/\/bombazoinformativo.com\/index.php\/2025\/07\/30\/grupo-victoria-yeb-25-anos-marcando-el-rumbo-en-distribucion-farmaceutica\/\" \/>\n<meta property=\"og:locale\" content=\"es_ES\" \/>\n<meta property=\"og:type\" content=\"article\" \/>\n<meta property=\"og:title\" content=\"Grupo Victoria Yeb: 25 a\u00f1os marcando el rumbo en distribuci\u00f3n farmac\u00e9utica - Bombazo Informativo\" \/>\n<meta property=\"og:description\" content=\"El Grupo Victoria Yeb conmemor\u00f3 sus 25 a\u00f1os de operaciones con una celebraci\u00f3n que reuni\u00f3 a clientes, socios estrat\u00e9gicos, colaboradores y autoridades.\" \/>\n<meta property=\"og:url\" content=\"https:\/\/bombazoinformativo.com\/index.php\/2025\/07\/30\/grupo-victoria-yeb-25-anos-marcando-el-rumbo-en-distribucion-farmaceutica\/\" \/>\n<meta property=\"og:site_name\" content=\"Bombazo Informativo\" \/>\n<meta property=\"article:published_time\" content=\"2025-07-30T15:00:53+00:00\" \/>\n<meta property=\"article:modified_time\" content=\"2025-07-30T15:00:55+00:00\" \/>\n<meta property=\"og:image\" content=\"https:\/\/bombazoinformativo.com\/wp-content\/uploads\/2025\/07\/5c45bf8e-9f19-4385-a4e2-1a6fdaccef11.webp\" \/>\n\t<meta property=\"og:image:width\" content=\"1024\" \/>\n\t<meta property=\"og:image:height\" content=\"462\" \/>\n\t<meta property=\"og:image:type\" content=\"image\/webp\" \/>\n<meta name=\"author\" content=\"Bombazo Informativo\" \/>\n<meta name=\"twitter:card\" content=\"summary_large_image\" \/>\n<meta name=\"twitter:label1\" content=\"Written by\" \/>\n\t<meta name=\"twitter:data1\" content=\"Bombazo Informativo\" \/>\n\t<meta name=\"twitter:label2\" content=\"Est. reading time\" \/>\n\t<meta name=\"twitter:data2\" content=\"3 minutos\" \/>\n<script type=\"application\/ld+json\" class=\"yoast-schema-graph\">{\"@context\":\"https:\\\/\\\/schema.org\",\"@graph\":[{\"@type\":\"Article\",\"@id\":\"https:\\\/\\\/bombazoinformativo.com\\\/index.php\\\/2025\\\/07\\\/30\\\/grupo-victoria-yeb-25-anos-marcando-el-rumbo-en-distribucion-farmaceutica\\\/#article\",\"isPartOf\":{\"@id\":\"https:\\\/\\\/bombazoinformativo.com\\\/index.php\\\/2025\\\/07\\\/30\\\/grupo-victoria-yeb-25-anos-marcando-el-rumbo-en-distribucion-farmaceutica\\\/\"},\"author\":{\"name\":\"Bombazo Informativo\",\"@id\":\"https:\\\/\\\/bombazoinformativo.com\\\/#\\\/schema\\\/person\\\/8a14f30019ce669c2ff632f56c95babc\"},\"headline\":\"Grupo Victoria Yeb: 25 a\u00f1os marcando el rumbo en distribuci\u00f3n farmac\u00e9utica\",\"datePublished\":\"2025-07-30T15:00:53+00:00\",\"dateModified\":\"2025-07-30T15:00:55+00:00\",\"mainEntityOfPage\":{\"@id\":\"https:\\\/\\\/bombazoinformativo.com\\\/index.php\\\/2025\\\/07\\\/30\\\/grupo-victoria-yeb-25-anos-marcando-el-rumbo-en-distribucion-farmaceutica\\\/\"},\"wordCount\":647,\"commentCount\":0,\"publisher\":{\"@id\":\"https:\\\/\\\/bombazoinformativo.com\\\/#organization\"},\"image\":{\"@id\":\"https:\\\/\\\/bombazoinformativo.com\\\/index.php\\\/2025\\\/07\\\/30\\\/grupo-victoria-yeb-25-anos-marcando-el-rumbo-en-distribucion-farmaceutica\\\/#primaryimage\"},\"thumbnailUrl\":\"https:\\\/\\\/bombazoinformativo.com\\\/wp-content\\\/uploads\\\/2025\\\/07\\\/5c45bf8e-9f19-4385-a4e2-1a6fdaccef11.webp\",\"keywords\":[\"Distribuci\u00f3n farmac\u00e9utica\",\"Victoria Yeb\"],\"articleSection\":[\"Econom\u00eda\"],\"inLanguage\":\"es-DO\",\"potentialAction\":[{\"@type\":\"CommentAction\",\"name\":\"Comment\",\"target\":[\"https:\\\/\\\/bombazoinformativo.com\\\/index.php\\\/2025\\\/07\\\/30\\\/grupo-victoria-yeb-25-anos-marcando-el-rumbo-en-distribucion-farmaceutica\\\/#respond\"]}]},{\"@type\":\"WebPage\",\"@id\":\"https:\\\/\\\/bombazoinformativo.com\\\/index.php\\\/2025\\\/07\\\/30\\\/grupo-victoria-yeb-25-anos-marcando-el-rumbo-en-distribucion-farmaceutica\\\/\",\"url\":\"https:\\\/\\\/bombazoinformativo.com\\\/index.php\\\/2025\\\/07\\\/30\\\/grupo-victoria-yeb-25-anos-marcando-el-rumbo-en-distribucion-farmaceutica\\\/\",\"name\":\"Grupo Victoria Yeb: 25 a\u00f1os marcando el rumbo en distribuci\u00f3n farmac\u00e9utica - Bombazo Informativo\",\"isPartOf\":{\"@id\":\"https:\\\/\\\/bombazoinformativo.com\\\/#website\"},\"primaryImageOfPage\":{\"@id\":\"https:\\\/\\\/bombazoinformativo.com\\\/index.php\\\/2025\\\/07\\\/30\\\/grupo-victoria-yeb-25-anos-marcando-el-rumbo-en-distribucion-farmaceutica\\\/#primaryimage\"},\"image\":{\"@id\":\"https:\\\/\\\/bombazoinformativo.com\\\/index.php\\\/2025\\\/07\\\/30\\\/grupo-victoria-yeb-25-anos-marcando-el-rumbo-en-distribucion-farmaceutica\\\/#primaryimage\"},\"thumbnailUrl\":\"https:\\\/\\\/bombazoinformativo.com\\\/wp-content\\\/uploads\\\/2025\\\/07\\\/5c45bf8e-9f19-4385-a4e2-1a6fdaccef11.webp\",\"datePublished\":\"2025-07-30T15:00:53+00:00\",\"dateModified\":\"2025-07-30T15:00:55+00:00\",\"description\":\"El Grupo Victoria Yeb conmemor\u00f3 sus 25 a\u00f1os de operaciones con una celebraci\u00f3n que reuni\u00f3 a clientes, socios estrat\u00e9gicos, colaboradores y autoridades.\",\"breadcrumb\":{\"@id\":\"https:\\\/\\\/bombazoinformativo.com\\\/index.php\\\/2025\\\/07\\\/30\\\/grupo-victoria-yeb-25-anos-marcando-el-rumbo-en-distribucion-farmaceutica\\\/#breadcrumb\"},\"inLanguage\":\"es-DO\",\"potentialAction\":[{\"@type\":\"ReadAction\",\"target\":[\"https:\\\/\\\/bombazoinformativo.com\\\/index.php\\\/2025\\\/07\\\/30\\\/grupo-victoria-yeb-25-anos-marcando-el-rumbo-en-distribucion-farmaceutica\\\/\"]}]},{\"@type\":\"ImageObject\",\"inLanguage\":\"es-DO\",\"@id\":\"https:\\\/\\\/bombazoinformativo.com\\\/index.php\\\/2025\\\/07\\\/30\\\/grupo-victoria-yeb-25-anos-marcando-el-rumbo-en-distribucion-farmaceutica\\\/#primaryimage\",\"url\":\"https:\\\/\\\/bombazoinformativo.com\\\/wp-content\\\/uploads\\\/2025\\\/07\\\/5c45bf8e-9f19-4385-a4e2-1a6fdaccef11.webp\",\"contentUrl\":\"https:\\\/\\\/bombazoinformativo.com\\\/wp-content\\\/uploads\\\/2025\\\/07\\\/5c45bf8e-9f19-4385-a4e2-1a6fdaccef11.webp\",\"width\":1024,\"height\":462},{\"@type\":\"BreadcrumbList\",\"@id\":\"https:\\\/\\\/bombazoinformativo.com\\\/index.php\\\/2025\\\/07\\\/30\\\/grupo-victoria-yeb-25-anos-marcando-el-rumbo-en-distribucion-farmaceutica\\\/#breadcrumb\",\"itemListElement\":[{\"@type\":\"ListItem\",\"position\":1,\"name\":\"Home\",\"item\":\"https:\\\/\\\/bombazoinformativo.com\\\/\"},{\"@type\":\"ListItem\",\"position\":2,\"name\":\"Grupo Victoria Yeb: 25 a\u00f1os marcando el rumbo en distribuci\u00f3n farmac\u00e9utica\"}]},{\"@type\":\"WebSite\",\"@id\":\"https:\\\/\\\/bombazoinformativo.com\\\/#website\",\"url\":\"https:\\\/\\\/bombazoinformativo.com\\\/\",\"name\":\"Bombazo Informativo\",\"description\":\"En el Bombazo Informativo tenemos el objetivo de brindarte informaciones veraces, con claridad y objetividad.\",\"publisher\":{\"@id\":\"https:\\\/\\\/bombazoinformativo.com\\\/#organization\"},\"potentialAction\":[{\"@type\":\"SearchAction\",\"target\":{\"@type\":\"EntryPoint\",\"urlTemplate\":\"https:\\\/\\\/bombazoinformativo.com\\\/?s={search_term_string}\"},\"query-input\":{\"@type\":\"PropertyValueSpecification\",\"valueRequired\":true,\"valueName\":\"search_term_string\"}}],\"inLanguage\":\"es-DO\"},{\"@type\":\"Organization\",\"@id\":\"https:\\\/\\\/bombazoinformativo.com\\\/#organization\",\"name\":\"Bombazo Informativo\",\"url\":\"https:\\\/\\\/bombazoinformativo.com\\\/\",\"logo\":{\"@type\":\"ImageObject\",\"inLanguage\":\"es-DO\",\"@id\":\"https:\\\/\\\/bombazoinformativo.com\\\/#\\\/schema\\\/logo\\\/image\\\/\",\"url\":\"https:\\\/\\\/bombazoinformativo.com\\\/wp-content\\\/uploads\\\/2024\\\/11\\\/cropped-WhatsApp-Image-2024-11-29-at-12.01.48-PM.jpeg\",\"contentUrl\":\"https:\\\/\\\/bombazoinformativo.com\\\/wp-content\\\/uploads\\\/2024\\\/11\\\/cropped-WhatsApp-Image-2024-11-29-at-12.01.48-PM.jpeg\",\"width\":1599,\"height\":315,\"caption\":\"Bombazo Informativo\"},\"image\":{\"@id\":\"https:\\\/\\\/bombazoinformativo.com\\\/#\\\/schema\\\/logo\\\/image\\\/\"}},{\"@type\":\"Person\",\"@id\":\"https:\\\/\\\/bombazoinformativo.com\\\/#\\\/schema\\\/person\\\/8a14f30019ce669c2ff632f56c95babc\",\"name\":\"Bombazo Informativo\",\"image\":{\"@type\":\"ImageObject\",\"inLanguage\":\"es-DO\",\"@id\":\"https:\\\/\\\/bombazoinformativo.com\\\/wp-content\\\/litespeed\\\/avatar\\\/b076bbe918e43ad70d1f99495fbecd83.jpg?ver=1777262154\",\"url\":\"https:\\\/\\\/bombazoinformativo.com\\\/wp-content\\\/litespeed\\\/avatar\\\/b076bbe918e43ad70d1f99495fbecd83.jpg?ver=1777262154\",\"contentUrl\":\"https:\\\/\\\/bombazoinformativo.com\\\/wp-content\\\/litespeed\\\/avatar\\\/b076bbe918e43ad70d1f99495fbecd83.jpg?ver=1777262154\",\"caption\":\"Bombazo Informativo\"},\"url\":\"https:\\\/\\\/bombazoinformativo.com\\\/index.php\\\/author\\\/bombazo-informativo\\\/\"}]}<\/script>\n<!-- \/ Yoast SEO plugin. -->","yoast_head_json":{"title":"Grupo Victoria Yeb: 25 a\u00f1os marcando el rumbo en distribuci\u00f3n farmac\u00e9utica - Bombazo Informativo","description":"El Grupo Victoria Yeb conmemor\u00f3 sus 25 a\u00f1os de operaciones con una celebraci\u00f3n que reuni\u00f3 a clientes, socios estrat\u00e9gicos, colaboradores y autoridades.","robots":{"index":"index","follow":"follow","max-snippet":"max-snippet:-1","max-image-preview":"max-image-preview:large","max-video-preview":"max-video-preview:-1"},"canonical":"https:\/\/bombazoinformativo.com\/index.php\/2025\/07\/30\/grupo-victoria-yeb-25-anos-marcando-el-rumbo-en-distribucion-farmaceutica\/","og_locale":"es_ES","og_type":"article","og_title":"Grupo Victoria Yeb: 25 a\u00f1os marcando el rumbo en distribuci\u00f3n farmac\u00e9utica - Bombazo Informativo","og_description":"El Grupo Victoria Yeb conmemor\u00f3 sus 25 a\u00f1os de operaciones con una celebraci\u00f3n que reuni\u00f3 a clientes, socios estrat\u00e9gicos, colaboradores y autoridades.","og_url":"https:\/\/bombazoinformativo.com\/index.php\/2025\/07\/30\/grupo-victoria-yeb-25-anos-marcando-el-rumbo-en-distribucion-farmaceutica\/","og_site_name":"Bombazo Informativo","article_published_time":"2025-07-30T15:00:53+00:00","article_modified_time":"2025-07-30T15:00:55+00:00","og_image":[{"width":1024,"height":462,"url":"https:\/\/bombazoinformativo.com\/wp-content\/uploads\/2025\/07\/5c45bf8e-9f19-4385-a4e2-1a6fdaccef11.webp","type":"image\/webp"}],"author":"Bombazo Informativo","twitter_card":"summary_large_image","twitter_misc":{"Written by":"Bombazo Informativo","Est. reading time":"3 minutos"},"schema":{"@context":"https:\/\/schema.org","@graph":[{"@type":"Article","@id":"https:\/\/bombazoinformativo.com\/index.php\/2025\/07\/30\/grupo-victoria-yeb-25-anos-marcando-el-rumbo-en-distribucion-farmaceutica\/#article","isPartOf":{"@id":"https:\/\/bombazoinformativo.com\/index.php\/2025\/07\/30\/grupo-victoria-yeb-25-anos-marcando-el-rumbo-en-distribucion-farmaceutica\/"},"author":{"name":"Bombazo Informativo","@id":"https:\/\/bombazoinformativo.com\/#\/schema\/person\/8a14f30019ce669c2ff632f56c95babc"},"headline":"Grupo Victoria Yeb: 25 a\u00f1os marcando el rumbo en distribuci\u00f3n farmac\u00e9utica","datePublished":"2025-07-30T15:00:53+00:00","dateModified":"2025-07-30T15:00:55+00:00","mainEntityOfPage":{"@id":"https:\/\/bombazoinformativo.com\/index.php\/2025\/07\/30\/grupo-victoria-yeb-25-anos-marcando-el-rumbo-en-distribucion-farmaceutica\/"},"wordCount":647,"commentCount":0,"publisher":{"@id":"https:\/\/bombazoinformativo.com\/#organization"},"image":{"@id":"https:\/\/bombazoinformativo.com\/index.php\/2025\/07\/30\/grupo-victoria-yeb-25-anos-marcando-el-rumbo-en-distribucion-farmaceutica\/#primaryimage"},"thumbnailUrl":"https:\/\/bombazoinformativo.com\/wp-content\/uploads\/2025\/07\/5c45bf8e-9f19-4385-a4e2-1a6fdaccef11.webp","keywords":["Distribuci\u00f3n farmac\u00e9utica","Victoria Yeb"],"articleSection":["Econom\u00eda"],"inLanguage":"es-DO","potentialAction":[{"@type":"CommentAction","name":"Comment","target":["https:\/\/bombazoinformativo.com\/index.php\/2025\/07\/30\/grupo-victoria-yeb-25-anos-marcando-el-rumbo-en-distribucion-farmaceutica\/#respond"]}]},{"@type":"WebPage","@id":"https:\/\/bombazoinformativo.com\/index.php\/2025\/07\/30\/grupo-victoria-yeb-25-anos-marcando-el-rumbo-en-distribucion-farmaceutica\/","url":"https:\/\/bombazoinformativo.com\/index.php\/2025\/07\/30\/grupo-victoria-yeb-25-anos-marcando-el-rumbo-en-distribucion-farmaceutica\/","name":"Grupo Victoria Yeb: 25 a\u00f1os marcando el rumbo en distribuci\u00f3n farmac\u00e9utica - Bombazo Informativo","isPartOf":{"@id":"https:\/\/bombazoinformativo.com\/#website"},"primaryImageOfPage":{"@id":"https:\/\/bombazoinformativo.com\/index.php\/2025\/07\/30\/grupo-victoria-yeb-25-anos-marcando-el-rumbo-en-distribucion-farmaceutica\/#primaryimage"},"image":{"@id":"https:\/\/bombazoinformativo.com\/index.php\/2025\/07\/30\/grupo-victoria-yeb-25-anos-marcando-el-rumbo-en-distribucion-farmaceutica\/#primaryimage"},"thumbnailUrl":"https:\/\/bombazoinformativo.com\/wp-content\/uploads\/2025\/07\/5c45bf8e-9f19-4385-a4e2-1a6fdaccef11.webp","datePublished":"2025-07-30T15:00:53+00:00","dateModified":"2025-07-30T15:00:55+00:00","description":"El Grupo Victoria Yeb conmemor\u00f3 sus 25 a\u00f1os de operaciones con una celebraci\u00f3n que reuni\u00f3 a clientes, socios estrat\u00e9gicos, colaboradores y autoridades.","breadcrumb":{"@id":"https:\/\/bombazoinformativo.com\/index.php\/2025\/07\/30\/grupo-victoria-yeb-25-anos-marcando-el-rumbo-en-distribucion-farmaceutica\/#breadcrumb"},"inLanguage":"es-DO","potentialAction":[{"@type":"ReadAction","target":["https:\/\/bombazoinformativo.com\/index.php\/2025\/07\/30\/grupo-victoria-yeb-25-anos-marcando-el-rumbo-en-distribucion-farmaceutica\/"]}]},{"@type":"ImageObject","inLanguage":"es-DO","@id":"https:\/\/bombazoinformativo.com\/index.php\/2025\/07\/30\/grupo-victoria-yeb-25-anos-marcando-el-rumbo-en-distribucion-farmaceutica\/#primaryimage","url":"https:\/\/bombazoinformativo.com\/wp-content\/uploads\/2025\/07\/5c45bf8e-9f19-4385-a4e2-1a6fdaccef11.webp","contentUrl":"https:\/\/bombazoinformativo.com\/wp-content\/uploads\/2025\/07\/5c45bf8e-9f19-4385-a4e2-1a6fdaccef11.webp","width":1024,"height":462},{"@type":"BreadcrumbList","@id":"https:\/\/bombazoinformativo.com\/index.php\/2025\/07\/30\/grupo-victoria-yeb-25-anos-marcando-el-rumbo-en-distribucion-farmaceutica\/#breadcrumb","itemListElement":[{"@type":"ListItem","position":1,"name":"Home","item":"https:\/\/bombazoinformativo.com\/"},{"@type":"ListItem","position":2,"name":"Grupo Victoria Yeb: 25 a\u00f1os marcando el rumbo en distribuci\u00f3n farmac\u00e9utica"}]},{"@type":"WebSite","@id":"https:\/\/bombazoinformativo.com\/#website","url":"https:\/\/bombazoinformativo.com\/","name":"Bombazo Informativo","description":"En el Bombazo Informativo tenemos el objetivo de brindarte informaciones veraces, con claridad y objetividad.","publisher":{"@id":"https:\/\/bombazoinformativo.com\/#organization"},"potentialAction":[{"@type":"SearchAction","target":{"@type":"EntryPoint","urlTemplate":"https:\/\/bombazoinformativo.com\/?s={search_term_string}"},"query-input":{"@type":"PropertyValueSpecification","valueRequired":true,"valueName":"search_term_string"}}],"inLanguage":"es-DO"},{"@type":"Organization","@id":"https:\/\/bombazoinformativo.com\/#organization","name":"Bombazo Informativo","url":"https:\/\/bombazoinformativo.com\/","logo":{"@type":"ImageObject","inLanguage":"es-DO","@id":"https:\/\/bombazoinformativo.com\/#\/schema\/logo\/image\/","url":"https:\/\/bombazoinformativo.com\/wp-content\/uploads\/2024\/11\/cropped-WhatsApp-Image-2024-11-29-at-12.01.48-PM.jpeg","contentUrl":"https:\/\/bombazoinformativo.com\/wp-content\/uploads\/2024\/11\/cropped-WhatsApp-Image-2024-11-29-at-12.01.48-PM.jpeg","width":1599,"height":315,"caption":"Bombazo Informativo"},"image":{"@id":"https:\/\/bombazoinformativo.com\/#\/schema\/logo\/image\/"}},{"@type":"Person","@id":"https:\/\/bombazoinformativo.com\/#\/schema\/person\/8a14f30019ce669c2ff632f56c95babc","name":"Bombazo Informativo","image":{"@type":"ImageObject","inLanguage":"es-DO","@id":"https:\/\/bombazoinformativo.com\/wp-content\/litespeed\/avatar\/b076bbe918e43ad70d1f99495fbecd83.jpg?ver=1777262154","url":"https:\/\/bombazoinformativo.com\/wp-content\/litespeed\/avatar\/b076bbe918e43ad70d1f99495fbecd83.jpg?ver=1777262154","contentUrl":"https:\/\/bombazoinformativo.com\/wp-content\/litespeed\/avatar\/b076bbe918e43ad70d1f99495fbecd83.jpg?ver=1777262154","caption":"Bombazo Informativo"},"url":"https:\/\/bombazoinformativo.com\/index.php\/author\/bombazo-informativo\/"}]}},"jetpack_featured_media_url":"https:\/\/bombazoinformativo.com\/wp-content\/uploads\/2025\/07\/5c45bf8e-9f19-4385-a4e2-1a6fdaccef11.webp","jetpack_sharing_enabled":true,"_links":{"self":[{"href":"https:\/\/bombazoinformativo.com\/index.php\/wp-json\/wp\/v2\/posts\/5833","targetHints":{"allow":["GET"]}}],"collection":[{"href":"https:\/\/bombazoinformativo.com\/index.php\/wp-json\/wp\/v2\/posts"}],"about":[{"href":"https:\/\/bombazoinformativo.com\/index.php\/wp-json\/wp\/v2\/types\/post"}],"author":[{"embeddable":true,"href":"https:\/\/bombazoinformativo.com\/index.php\/wp-json\/wp\/v2\/users\/4"}],"replies":[{"embeddable":true,"href":"https:\/\/bombazoinformativo.com\/index.php\/wp-json\/wp\/v2\/comments?post=5833"}],"version-history":[{"count":1,"href":"https:\/\/bombazoinformativo.com\/index.php\/wp-json\/wp\/v2\/posts\/5833\/revisions"}],"predecessor-version":[{"id":5835,"href":"https:\/\/bombazoinformativo.com\/index.php\/wp-json\/wp\/v2\/posts\/5833\/revisions\/5835"}],"wp:featuredmedia":[{"embeddable":true,"href":"https:\/\/bombazoinformativo.com\/index.php\/wp-json\/wp\/v2\/media\/5834"}],"wp:attachment":[{"href":"https:\/\/bombazoinformativo.com\/index.php\/wp-json\/wp\/v2\/media?parent=5833"}],"wp:term":[{"taxonomy":"category","embeddable":true,"href":"https:\/\/bombazoinformativo.com\/index.php\/wp-json\/wp\/v2\/categories?post=5833"},{"taxonomy":"post_tag","embeddable":true,"href":"https:\/\/bombazoinformativo.com\/index.php\/wp-json\/wp\/v2\/tags?post=5833"}],"curies":[{"name":"wp","href":"https:\/\/api.w.org\/{rel}","templated":true}]}}