{"id":5576,"date":"2025-07-03T15:01:18","date_gmt":"2025-07-03T19:01:18","guid":{"rendered":"https:\/\/bombazoinformativo.com\/?p=5576"},"modified":"2025-07-03T15:02:27","modified_gmt":"2025-07-03T19:02:27","slug":"camara-de-diputados-celebra-vistas-publicas-sobre-proyecto-de-ley-de-alquileres","status":"publish","type":"post","link":"https:\/\/bombazoinformativo.com\/index.php\/2025\/07\/03\/camara-de-diputados-celebra-vistas-publicas-sobre-proyecto-de-ley-de-alquileres\/","title":{"rendered":"C\u00e1mara de Diputados celebra vistas p\u00fablicas sobre proyecto de ley de alquileres"},"content":{"rendered":"\n<h2 class=\"wp-block-heading\"><em>En la actividad participaron representantes de Acoprovi, de la ANJE y varias personas de manera particular<\/em><\/h2>\n\n\n\n<p>SANTO DOMINGO.- La Comisi\u00f3n Especial designada por la C\u00e1mara de Diputados para el estudio del Proyecto de Ley de Alquileres de Bienes Inmuebles y Desahucios celebr\u00f3\u00a0este jueves vistas p\u00fablicas para escuchar las opiniones de la sociedad en cuanto al tema.<\/p>\n\n\n\n<p>La Comisi\u00f3n encabezada por el diputado Amado D\u00edaz escuch\u00f3 por espacio de dos horas a decenas de ciudadanos, algunos independientes y otros en representaci\u00f3n de asociaciones como la de J\u00f3venes Empresarios (ANJE), la de Constructores y Promotores de Viviendas (ACOPROVI), el Colegio Dominicano de Notarios y el movimiento Patria Libre, entre otras.<\/p>\n\n\n\n<p>Al finalizar las Vistas P\u00fablicas, Amado D\u00edaz ponder\u00f3 la calidad de las ponencias, afirmando que enriquecer\u00e1n el debate sobre el proyecto de ley.<\/p>\n\n\n\n<p>\u201cNosotros siempre vamos a estar de acuerdo en que se escuche a la ciudadan\u00eda, en especial a las partes interesadas en los procesos, abrimos el espacio suficiente para que todo el que tenga alguna inquietud participe y ahora nos toca como Comisi\u00f3n Especial rendir un informe al pleno de la C\u00e1mara de Diputados\u201d, afirm\u00f3 D\u00edaz.<\/p>\n\n\n\n<p>El diputado inform\u00f3 que la comisi\u00f3n se reunir\u00e1&nbsp;el pr\u00f3ximo lunes a las 2:00 de la tarde, donde se analizar\u00e1n las inquietudes expresadas por la sociedad y a partir de ah\u00ed rendir un informe definitivo sobre el proyecto.<\/p>\n\n\n\n<p>\u201cVamos a ponderar todas las propuestas que se hicieron, estoy convencido de que muchas de ellas ser\u00e1n tomadas en cuenta y eso podr\u00eda modificar algunos aspectos presentes en el texto actual del proyecto\u201d, comunic\u00f3. &nbsp;<\/p>\n\n\n\n<p>La Comisi\u00f3n Especial est\u00e1 integrada por los diputados Amado Diaz, Jorge Tavarez, Mayobanex Mart\u00ednez, Onabel Aristy, Rosendy Polanco, Ydenia Do\u00f1\u00e9, Maria de los Angeles Rodr\u00edguez, Wandy Bautista, Indira de Jes\u00fas, Luis G\u00f3mez Benzo, M\u00e9lido Mercedes, El\u00edas Wessin Ch\u00e1vez, Carlos P\u00e9rez, Olfanny M\u00e9ndez y Rogelio Alfonso Genao Lanza.<\/p>\n","protected":false},"excerpt":{"rendered":"<p>En la actividad participaron representantes de Acoprovi, de la ANJE y varias personas de manera particular SANTO DOMINGO.- La Comisi\u00f3n Especial designada por la C\u00e1mara de Diputados para el estudio del Proyecto de Ley de Alquileres de Bienes Inmuebles y Desahucios celebr\u00f3\u00a0este jueves vistas p\u00fablicas para escuchar las opiniones de la sociedad en cuanto al&#8230;<\/p>\n","protected":false},"author":4,"featured_media":5577,"comment_status":"open","ping_status":"open","sticky":false,"template":"","format":"standard","meta":{"_jetpack_memberships_contains_paid_content":false,"footnotes":""},"categories":[24],"tags":[2486,640,714,2485,2484],"class_list":["post-5576","post","type-post","status-publish","format-standard","has-post-thumbnail","hentry","category-nacionales","tag-acoprovi","tag-anje","tag-camara-de-diputados","tag-ley-de-alquileres","tag-vistas-publicas"],"yoast_head":"<!-- This site is optimized with the Yoast SEO plugin v27.5 - https:\/\/yoast.com\/product\/yoast-seo-wordpress\/ -->\n<title>C\u00e1mara de Diputados celebra vistas p\u00fablicas sobre proyecto de ley de alquileres - Bombazo Informativo<\/title>\n<meta name=\"description\" content=\"La Comisi\u00f3n Especial designada para el estudio del Proyecto de Ley de Alquileres de Bienes Inmuebles y Desahucios celebr\u00f3\u00a0este jueves vistas p\u00fablicas para escuchar las opiniones de la sociedad\" \/>\n<meta name=\"robots\" content=\"index, follow, max-snippet:-1, max-image-preview:large, max-video-preview:-1\" \/>\n<link rel=\"canonical\" href=\"https:\/\/bombazoinformativo.com\/index.php\/2025\/07\/03\/camara-de-diputados-celebra-vistas-publicas-sobre-proyecto-de-ley-de-alquileres\/\" \/>\n<meta property=\"og:locale\" content=\"es_ES\" \/>\n<meta property=\"og:type\" content=\"article\" \/>\n<meta property=\"og:title\" content=\"C\u00e1mara de Diputados celebra vistas p\u00fablicas sobre proyecto de ley de alquileres - Bombazo Informativo\" \/>\n<meta property=\"og:description\" content=\"La Comisi\u00f3n Especial designada para el estudio del Proyecto de Ley de Alquileres de Bienes Inmuebles y Desahucios celebr\u00f3\u00a0este jueves vistas p\u00fablicas para escuchar las opiniones de la sociedad\" \/>\n<meta property=\"og:url\" content=\"https:\/\/bombazoinformativo.com\/index.php\/2025\/07\/03\/camara-de-diputados-celebra-vistas-publicas-sobre-proyecto-de-ley-de-alquileres\/\" \/>\n<meta property=\"og:site_name\" content=\"Bombazo Informativo\" \/>\n<meta property=\"article:published_time\" content=\"2025-07-03T19:01:18+00:00\" \/>\n<meta property=\"article:modified_time\" content=\"2025-07-03T19:02:27+00:00\" \/>\n<meta property=\"og:image\" content=\"https:\/\/bombazoinformativo.com\/wp-content\/uploads\/2025\/07\/LEG_7300.webp\" \/>\n\t<meta property=\"og:image:width\" content=\"696\" \/>\n\t<meta property=\"og:image:height\" content=\"464\" \/>\n\t<meta property=\"og:image:type\" content=\"image\/webp\" \/>\n<meta name=\"author\" content=\"Bombazo Informativo\" \/>\n<meta name=\"twitter:card\" content=\"summary_large_image\" \/>\n<meta name=\"twitter:label1\" content=\"Written by\" \/>\n\t<meta name=\"twitter:data1\" content=\"Bombazo Informativo\" \/>\n\t<meta name=\"twitter:label2\" content=\"Est. reading time\" \/>\n\t<meta name=\"twitter:data2\" content=\"2 minutos\" \/>\n<script type=\"application\/ld+json\" class=\"yoast-schema-graph\">{\"@context\":\"https:\\\/\\\/schema.org\",\"@graph\":[{\"@type\":\"Article\",\"@id\":\"https:\\\/\\\/bombazoinformativo.com\\\/index.php\\\/2025\\\/07\\\/03\\\/camara-de-diputados-celebra-vistas-publicas-sobre-proyecto-de-ley-de-alquileres\\\/#article\",\"isPartOf\":{\"@id\":\"https:\\\/\\\/bombazoinformativo.com\\\/index.php\\\/2025\\\/07\\\/03\\\/camara-de-diputados-celebra-vistas-publicas-sobre-proyecto-de-ley-de-alquileres\\\/\"},\"author\":{\"name\":\"Bombazo Informativo\",\"@id\":\"https:\\\/\\\/bombazoinformativo.com\\\/#\\\/schema\\\/person\\\/8a14f30019ce669c2ff632f56c95babc\"},\"headline\":\"C\u00e1mara de Diputados celebra vistas p\u00fablicas sobre proyecto de ley de alquileres\",\"datePublished\":\"2025-07-03T19:01:18+00:00\",\"dateModified\":\"2025-07-03T19:02:27+00:00\",\"mainEntityOfPage\":{\"@id\":\"https:\\\/\\\/bombazoinformativo.com\\\/index.php\\\/2025\\\/07\\\/03\\\/camara-de-diputados-celebra-vistas-publicas-sobre-proyecto-de-ley-de-alquileres\\\/\"},\"wordCount\":351,\"commentCount\":0,\"publisher\":{\"@id\":\"https:\\\/\\\/bombazoinformativo.com\\\/#organization\"},\"image\":{\"@id\":\"https:\\\/\\\/bombazoinformativo.com\\\/index.php\\\/2025\\\/07\\\/03\\\/camara-de-diputados-celebra-vistas-publicas-sobre-proyecto-de-ley-de-alquileres\\\/#primaryimage\"},\"thumbnailUrl\":\"https:\\\/\\\/bombazoinformativo.com\\\/wp-content\\\/uploads\\\/2025\\\/07\\\/LEG_7300.webp\",\"keywords\":[\"Acoprovi\",\"ANJE\",\"C\u00e1mara de Diputados\",\"Ley de alquileres\",\"Vistas p\u00fablicas\"],\"articleSection\":[\"Nacionales\"],\"inLanguage\":\"es-DO\",\"potentialAction\":[{\"@type\":\"CommentAction\",\"name\":\"Comment\",\"target\":[\"https:\\\/\\\/bombazoinformativo.com\\\/index.php\\\/2025\\\/07\\\/03\\\/camara-de-diputados-celebra-vistas-publicas-sobre-proyecto-de-ley-de-alquileres\\\/#respond\"]}]},{\"@type\":\"WebPage\",\"@id\":\"https:\\\/\\\/bombazoinformativo.com\\\/index.php\\\/2025\\\/07\\\/03\\\/camara-de-diputados-celebra-vistas-publicas-sobre-proyecto-de-ley-de-alquileres\\\/\",\"url\":\"https:\\\/\\\/bombazoinformativo.com\\\/index.php\\\/2025\\\/07\\\/03\\\/camara-de-diputados-celebra-vistas-publicas-sobre-proyecto-de-ley-de-alquileres\\\/\",\"name\":\"C\u00e1mara de Diputados celebra vistas p\u00fablicas sobre proyecto de ley de alquileres - Bombazo Informativo\",\"isPartOf\":{\"@id\":\"https:\\\/\\\/bombazoinformativo.com\\\/#website\"},\"primaryImageOfPage\":{\"@id\":\"https:\\\/\\\/bombazoinformativo.com\\\/index.php\\\/2025\\\/07\\\/03\\\/camara-de-diputados-celebra-vistas-publicas-sobre-proyecto-de-ley-de-alquileres\\\/#primaryimage\"},\"image\":{\"@id\":\"https:\\\/\\\/bombazoinformativo.com\\\/index.php\\\/2025\\\/07\\\/03\\\/camara-de-diputados-celebra-vistas-publicas-sobre-proyecto-de-ley-de-alquileres\\\/#primaryimage\"},\"thumbnailUrl\":\"https:\\\/\\\/bombazoinformativo.com\\\/wp-content\\\/uploads\\\/2025\\\/07\\\/LEG_7300.webp\",\"datePublished\":\"2025-07-03T19:01:18+00:00\",\"dateModified\":\"2025-07-03T19:02:27+00:00\",\"description\":\"La Comisi\u00f3n Especial designada para el estudio del Proyecto de Ley de Alquileres de Bienes Inmuebles y Desahucios celebr\u00f3\u00a0este jueves vistas p\u00fablicas para escuchar las opiniones de la sociedad\",\"breadcrumb\":{\"@id\":\"https:\\\/\\\/bombazoinformativo.com\\\/index.php\\\/2025\\\/07\\\/03\\\/camara-de-diputados-celebra-vistas-publicas-sobre-proyecto-de-ley-de-alquileres\\\/#breadcrumb\"},\"inLanguage\":\"es-DO\",\"potentialAction\":[{\"@type\":\"ReadAction\",\"target\":[\"https:\\\/\\\/bombazoinformativo.com\\\/index.php\\\/2025\\\/07\\\/03\\\/camara-de-diputados-celebra-vistas-publicas-sobre-proyecto-de-ley-de-alquileres\\\/\"]}]},{\"@type\":\"ImageObject\",\"inLanguage\":\"es-DO\",\"@id\":\"https:\\\/\\\/bombazoinformativo.com\\\/index.php\\\/2025\\\/07\\\/03\\\/camara-de-diputados-celebra-vistas-publicas-sobre-proyecto-de-ley-de-alquileres\\\/#primaryimage\",\"url\":\"https:\\\/\\\/bombazoinformativo.com\\\/wp-content\\\/uploads\\\/2025\\\/07\\\/LEG_7300.webp\",\"contentUrl\":\"https:\\\/\\\/bombazoinformativo.com\\\/wp-content\\\/uploads\\\/2025\\\/07\\\/LEG_7300.webp\",\"width\":696,\"height\":464},{\"@type\":\"BreadcrumbList\",\"@id\":\"https:\\\/\\\/bombazoinformativo.com\\\/index.php\\\/2025\\\/07\\\/03\\\/camara-de-diputados-celebra-vistas-publicas-sobre-proyecto-de-ley-de-alquileres\\\/#breadcrumb\",\"itemListElement\":[{\"@type\":\"ListItem\",\"position\":1,\"name\":\"Home\",\"item\":\"https:\\\/\\\/bombazoinformativo.com\\\/\"},{\"@type\":\"ListItem\",\"position\":2,\"name\":\"C\u00e1mara de Diputados celebra vistas p\u00fablicas sobre proyecto de ley de alquileres\"}]},{\"@type\":\"WebSite\",\"@id\":\"https:\\\/\\\/bombazoinformativo.com\\\/#website\",\"url\":\"https:\\\/\\\/bombazoinformativo.com\\\/\",\"name\":\"Bombazo Informativo\",\"description\":\"En el Bombazo Informativo tenemos el objetivo de brindarte informaciones veraces, con claridad y objetividad.\",\"publisher\":{\"@id\":\"https:\\\/\\\/bombazoinformativo.com\\\/#organization\"},\"potentialAction\":[{\"@type\":\"SearchAction\",\"target\":{\"@type\":\"EntryPoint\",\"urlTemplate\":\"https:\\\/\\\/bombazoinformativo.com\\\/?s={search_term_string}\"},\"query-input\":{\"@type\":\"PropertyValueSpecification\",\"valueRequired\":true,\"valueName\":\"search_term_string\"}}],\"inLanguage\":\"es-DO\"},{\"@type\":\"Organization\",\"@id\":\"https:\\\/\\\/bombazoinformativo.com\\\/#organization\",\"name\":\"Bombazo Informativo\",\"url\":\"https:\\\/\\\/bombazoinformativo.com\\\/\",\"logo\":{\"@type\":\"ImageObject\",\"inLanguage\":\"es-DO\",\"@id\":\"https:\\\/\\\/bombazoinformativo.com\\\/#\\\/schema\\\/logo\\\/image\\\/\",\"url\":\"https:\\\/\\\/bombazoinformativo.com\\\/wp-content\\\/uploads\\\/2024\\\/11\\\/cropped-WhatsApp-Image-2024-11-29-at-12.01.48-PM.jpeg\",\"contentUrl\":\"https:\\\/\\\/bombazoinformativo.com\\\/wp-content\\\/uploads\\\/2024\\\/11\\\/cropped-WhatsApp-Image-2024-11-29-at-12.01.48-PM.jpeg\",\"width\":1599,\"height\":315,\"caption\":\"Bombazo Informativo\"},\"image\":{\"@id\":\"https:\\\/\\\/bombazoinformativo.com\\\/#\\\/schema\\\/logo\\\/image\\\/\"}},{\"@type\":\"Person\",\"@id\":\"https:\\\/\\\/bombazoinformativo.com\\\/#\\\/schema\\\/person\\\/8a14f30019ce669c2ff632f56c95babc\",\"name\":\"Bombazo Informativo\",\"image\":{\"@type\":\"ImageObject\",\"inLanguage\":\"es-DO\",\"@id\":\"https:\\\/\\\/bombazoinformativo.com\\\/wp-content\\\/litespeed\\\/avatar\\\/b076bbe918e43ad70d1f99495fbecd83.jpg?ver=1777262154\",\"url\":\"https:\\\/\\\/bombazoinformativo.com\\\/wp-content\\\/litespeed\\\/avatar\\\/b076bbe918e43ad70d1f99495fbecd83.jpg?ver=1777262154\",\"contentUrl\":\"https:\\\/\\\/bombazoinformativo.com\\\/wp-content\\\/litespeed\\\/avatar\\\/b076bbe918e43ad70d1f99495fbecd83.jpg?ver=1777262154\",\"caption\":\"Bombazo Informativo\"},\"url\":\"https:\\\/\\\/bombazoinformativo.com\\\/index.php\\\/author\\\/bombazo-informativo\\\/\"}]}<\/script>\n<!-- \/ Yoast SEO plugin. -->","yoast_head_json":{"title":"C\u00e1mara de Diputados celebra vistas p\u00fablicas sobre proyecto de ley de alquileres - Bombazo Informativo","description":"La Comisi\u00f3n Especial designada para el estudio del Proyecto de Ley de Alquileres de Bienes Inmuebles y Desahucios celebr\u00f3\u00a0este jueves vistas p\u00fablicas para escuchar las opiniones de la sociedad","robots":{"index":"index","follow":"follow","max-snippet":"max-snippet:-1","max-image-preview":"max-image-preview:large","max-video-preview":"max-video-preview:-1"},"canonical":"https:\/\/bombazoinformativo.com\/index.php\/2025\/07\/03\/camara-de-diputados-celebra-vistas-publicas-sobre-proyecto-de-ley-de-alquileres\/","og_locale":"es_ES","og_type":"article","og_title":"C\u00e1mara de Diputados celebra vistas p\u00fablicas sobre proyecto de ley de alquileres - Bombazo Informativo","og_description":"La Comisi\u00f3n Especial designada para el estudio del Proyecto de Ley de Alquileres de Bienes Inmuebles y Desahucios celebr\u00f3\u00a0este jueves vistas p\u00fablicas para escuchar las opiniones de la sociedad","og_url":"https:\/\/bombazoinformativo.com\/index.php\/2025\/07\/03\/camara-de-diputados-celebra-vistas-publicas-sobre-proyecto-de-ley-de-alquileres\/","og_site_name":"Bombazo Informativo","article_published_time":"2025-07-03T19:01:18+00:00","article_modified_time":"2025-07-03T19:02:27+00:00","og_image":[{"width":696,"height":464,"url":"https:\/\/bombazoinformativo.com\/wp-content\/uploads\/2025\/07\/LEG_7300.webp","type":"image\/webp"}],"author":"Bombazo Informativo","twitter_card":"summary_large_image","twitter_misc":{"Written by":"Bombazo Informativo","Est. reading time":"2 minutos"},"schema":{"@context":"https:\/\/schema.org","@graph":[{"@type":"Article","@id":"https:\/\/bombazoinformativo.com\/index.php\/2025\/07\/03\/camara-de-diputados-celebra-vistas-publicas-sobre-proyecto-de-ley-de-alquileres\/#article","isPartOf":{"@id":"https:\/\/bombazoinformativo.com\/index.php\/2025\/07\/03\/camara-de-diputados-celebra-vistas-publicas-sobre-proyecto-de-ley-de-alquileres\/"},"author":{"name":"Bombazo Informativo","@id":"https:\/\/bombazoinformativo.com\/#\/schema\/person\/8a14f30019ce669c2ff632f56c95babc"},"headline":"C\u00e1mara de Diputados celebra vistas p\u00fablicas sobre proyecto de ley de alquileres","datePublished":"2025-07-03T19:01:18+00:00","dateModified":"2025-07-03T19:02:27+00:00","mainEntityOfPage":{"@id":"https:\/\/bombazoinformativo.com\/index.php\/2025\/07\/03\/camara-de-diputados-celebra-vistas-publicas-sobre-proyecto-de-ley-de-alquileres\/"},"wordCount":351,"commentCount":0,"publisher":{"@id":"https:\/\/bombazoinformativo.com\/#organization"},"image":{"@id":"https:\/\/bombazoinformativo.com\/index.php\/2025\/07\/03\/camara-de-diputados-celebra-vistas-publicas-sobre-proyecto-de-ley-de-alquileres\/#primaryimage"},"thumbnailUrl":"https:\/\/bombazoinformativo.com\/wp-content\/uploads\/2025\/07\/LEG_7300.webp","keywords":["Acoprovi","ANJE","C\u00e1mara de Diputados","Ley de alquileres","Vistas p\u00fablicas"],"articleSection":["Nacionales"],"inLanguage":"es-DO","potentialAction":[{"@type":"CommentAction","name":"Comment","target":["https:\/\/bombazoinformativo.com\/index.php\/2025\/07\/03\/camara-de-diputados-celebra-vistas-publicas-sobre-proyecto-de-ley-de-alquileres\/#respond"]}]},{"@type":"WebPage","@id":"https:\/\/bombazoinformativo.com\/index.php\/2025\/07\/03\/camara-de-diputados-celebra-vistas-publicas-sobre-proyecto-de-ley-de-alquileres\/","url":"https:\/\/bombazoinformativo.com\/index.php\/2025\/07\/03\/camara-de-diputados-celebra-vistas-publicas-sobre-proyecto-de-ley-de-alquileres\/","name":"C\u00e1mara de Diputados celebra vistas p\u00fablicas sobre proyecto de ley de alquileres - Bombazo Informativo","isPartOf":{"@id":"https:\/\/bombazoinformativo.com\/#website"},"primaryImageOfPage":{"@id":"https:\/\/bombazoinformativo.com\/index.php\/2025\/07\/03\/camara-de-diputados-celebra-vistas-publicas-sobre-proyecto-de-ley-de-alquileres\/#primaryimage"},"image":{"@id":"https:\/\/bombazoinformativo.com\/index.php\/2025\/07\/03\/camara-de-diputados-celebra-vistas-publicas-sobre-proyecto-de-ley-de-alquileres\/#primaryimage"},"thumbnailUrl":"https:\/\/bombazoinformativo.com\/wp-content\/uploads\/2025\/07\/LEG_7300.webp","datePublished":"2025-07-03T19:01:18+00:00","dateModified":"2025-07-03T19:02:27+00:00","description":"La Comisi\u00f3n Especial designada para el estudio del Proyecto de Ley de Alquileres de Bienes Inmuebles y Desahucios celebr\u00f3\u00a0este jueves vistas p\u00fablicas para escuchar las opiniones de la sociedad","breadcrumb":{"@id":"https:\/\/bombazoinformativo.com\/index.php\/2025\/07\/03\/camara-de-diputados-celebra-vistas-publicas-sobre-proyecto-de-ley-de-alquileres\/#breadcrumb"},"inLanguage":"es-DO","potentialAction":[{"@type":"ReadAction","target":["https:\/\/bombazoinformativo.com\/index.php\/2025\/07\/03\/camara-de-diputados-celebra-vistas-publicas-sobre-proyecto-de-ley-de-alquileres\/"]}]},{"@type":"ImageObject","inLanguage":"es-DO","@id":"https:\/\/bombazoinformativo.com\/index.php\/2025\/07\/03\/camara-de-diputados-celebra-vistas-publicas-sobre-proyecto-de-ley-de-alquileres\/#primaryimage","url":"https:\/\/bombazoinformativo.com\/wp-content\/uploads\/2025\/07\/LEG_7300.webp","contentUrl":"https:\/\/bombazoinformativo.com\/wp-content\/uploads\/2025\/07\/LEG_7300.webp","width":696,"height":464},{"@type":"BreadcrumbList","@id":"https:\/\/bombazoinformativo.com\/index.php\/2025\/07\/03\/camara-de-diputados-celebra-vistas-publicas-sobre-proyecto-de-ley-de-alquileres\/#breadcrumb","itemListElement":[{"@type":"ListItem","position":1,"name":"Home","item":"https:\/\/bombazoinformativo.com\/"},{"@type":"ListItem","position":2,"name":"C\u00e1mara de Diputados celebra vistas p\u00fablicas sobre proyecto de ley de alquileres"}]},{"@type":"WebSite","@id":"https:\/\/bombazoinformativo.com\/#website","url":"https:\/\/bombazoinformativo.com\/","name":"Bombazo Informativo","description":"En el Bombazo Informativo tenemos el objetivo de brindarte informaciones veraces, con claridad y objetividad.","publisher":{"@id":"https:\/\/bombazoinformativo.com\/#organization"},"potentialAction":[{"@type":"SearchAction","target":{"@type":"EntryPoint","urlTemplate":"https:\/\/bombazoinformativo.com\/?s={search_term_string}"},"query-input":{"@type":"PropertyValueSpecification","valueRequired":true,"valueName":"search_term_string"}}],"inLanguage":"es-DO"},{"@type":"Organization","@id":"https:\/\/bombazoinformativo.com\/#organization","name":"Bombazo Informativo","url":"https:\/\/bombazoinformativo.com\/","logo":{"@type":"ImageObject","inLanguage":"es-DO","@id":"https:\/\/bombazoinformativo.com\/#\/schema\/logo\/image\/","url":"https:\/\/bombazoinformativo.com\/wp-content\/uploads\/2024\/11\/cropped-WhatsApp-Image-2024-11-29-at-12.01.48-PM.jpeg","contentUrl":"https:\/\/bombazoinformativo.com\/wp-content\/uploads\/2024\/11\/cropped-WhatsApp-Image-2024-11-29-at-12.01.48-PM.jpeg","width":1599,"height":315,"caption":"Bombazo Informativo"},"image":{"@id":"https:\/\/bombazoinformativo.com\/#\/schema\/logo\/image\/"}},{"@type":"Person","@id":"https:\/\/bombazoinformativo.com\/#\/schema\/person\/8a14f30019ce669c2ff632f56c95babc","name":"Bombazo Informativo","image":{"@type":"ImageObject","inLanguage":"es-DO","@id":"https:\/\/bombazoinformativo.com\/wp-content\/litespeed\/avatar\/b076bbe918e43ad70d1f99495fbecd83.jpg?ver=1777262154","url":"https:\/\/bombazoinformativo.com\/wp-content\/litespeed\/avatar\/b076bbe918e43ad70d1f99495fbecd83.jpg?ver=1777262154","contentUrl":"https:\/\/bombazoinformativo.com\/wp-content\/litespeed\/avatar\/b076bbe918e43ad70d1f99495fbecd83.jpg?ver=1777262154","caption":"Bombazo Informativo"},"url":"https:\/\/bombazoinformativo.com\/index.php\/author\/bombazo-informativo\/"}]}},"jetpack_featured_media_url":"https:\/\/bombazoinformativo.com\/wp-content\/uploads\/2025\/07\/LEG_7300.webp","jetpack_sharing_enabled":true,"_links":{"self":[{"href":"https:\/\/bombazoinformativo.com\/index.php\/wp-json\/wp\/v2\/posts\/5576","targetHints":{"allow":["GET"]}}],"collection":[{"href":"https:\/\/bombazoinformativo.com\/index.php\/wp-json\/wp\/v2\/posts"}],"about":[{"href":"https:\/\/bombazoinformativo.com\/index.php\/wp-json\/wp\/v2\/types\/post"}],"author":[{"embeddable":true,"href":"https:\/\/bombazoinformativo.com\/index.php\/wp-json\/wp\/v2\/users\/4"}],"replies":[{"embeddable":true,"href":"https:\/\/bombazoinformativo.com\/index.php\/wp-json\/wp\/v2\/comments?post=5576"}],"version-history":[{"count":2,"href":"https:\/\/bombazoinformativo.com\/index.php\/wp-json\/wp\/v2\/posts\/5576\/revisions"}],"predecessor-version":[{"id":5579,"href":"https:\/\/bombazoinformativo.com\/index.php\/wp-json\/wp\/v2\/posts\/5576\/revisions\/5579"}],"wp:featuredmedia":[{"embeddable":true,"href":"https:\/\/bombazoinformativo.com\/index.php\/wp-json\/wp\/v2\/media\/5577"}],"wp:attachment":[{"href":"https:\/\/bombazoinformativo.com\/index.php\/wp-json\/wp\/v2\/media?parent=5576"}],"wp:term":[{"taxonomy":"category","embeddable":true,"href":"https:\/\/bombazoinformativo.com\/index.php\/wp-json\/wp\/v2\/categories?post=5576"},{"taxonomy":"post_tag","embeddable":true,"href":"https:\/\/bombazoinformativo.com\/index.php\/wp-json\/wp\/v2\/tags?post=5576"}],"curies":[{"name":"wp","href":"https:\/\/api.w.org\/{rel}","templated":true}]}}