{"id":1423,"date":"2024-04-02T12:06:17","date_gmt":"2024-04-02T16:06:17","guid":{"rendered":"https:\/\/bombazoinformativo.com\/?p=1423"},"modified":"2024-04-02T12:06:17","modified_gmt":"2024-04-02T16:06:17","slug":"alfredo-pacheco-dice-muerte-de-su-hijo-esta-bajo-investigacion","status":"publish","type":"post","link":"https:\/\/bombazoinformativo.com\/index.php\/2024\/04\/02\/alfredo-pacheco-dice-muerte-de-su-hijo-esta-bajo-investigacion\/","title":{"rendered":"Alfredo Pacheco dice muerte de su hijo est\u00e1 bajo investigaci\u00f3n"},"content":{"rendered":"\n<p><strong>Santo Domingo.-<\/strong>\u00a0El presidente de la\u00a0<strong>C\u00e1mara de Diputados, Alfredo Pacheco,<\/strong>\u00a0tras la muerte de su hijo\u00a0<strong>Luis Alfredo Pacheco<\/strong>\u00a0de 34 a\u00f1os, en un\u00a0<strong>tiroteo<\/strong>\u00a0en\u00a0<strong>Houston<\/strong>, inform\u00f3 que el hecho est\u00e1 actualmente<strong>\u00a0bajo investigaci\u00f3n.<\/strong><\/p>\n\n\n\n<p><strong>\u201cEste hecho est\u00e1 actualmente bajo investigaci\u00f3n. Agradezco sinceramente a los amigos y colegas por su solidaridad en este momento dif\u00edcil\u201d, dijo el diputado en su cuenta de X.<\/strong><\/p>\n\n\n\n<figure class=\"wp-block-image size-full\"><img decoding=\"async\" width=\"566\" height=\"331\" src=\"https:\/\/bombazoinformativo.com\/wp-content\/uploads\/2024\/04\/Captura.png\" alt=\"\" class=\"wp-image-1424\" srcset=\"https:\/\/bombazoinformativo.com\/wp-content\/uploads\/2024\/04\/Captura.png 566w, https:\/\/bombazoinformativo.com\/wp-content\/uploads\/2024\/04\/Captura-300x175.png 300w\" sizes=\"(max-width: 566px) 100vw, 566px\" \/><\/figure>\n\n\n\n<p>Pacheco solicit\u00f3 comprensi\u00f3n a los medios de comunicaci\u00f3n, a quienes mantendr\u00e1 debidamente informados.<\/p>\n\n\n\n<figure class=\"wp-block-image size-full\"><img decoding=\"async\" width=\"300\" height=\"180\" src=\"https:\/\/bombazoinformativo.com\/wp-content\/uploads\/2024\/04\/660c02044d14a_8133bc76-el-pikante-300x180.jpg.webp\" alt=\"\" class=\"wp-image-1425\"\/><\/figure>\n","protected":false},"excerpt":{"rendered":"<p>Santo Domingo.-\u00a0El presidente de la\u00a0C\u00e1mara de Diputados, Alfredo Pacheco,\u00a0tras la muerte de su hijo\u00a0Luis Alfredo Pacheco\u00a0de 34 a\u00f1os, en un\u00a0tiroteo\u00a0en\u00a0Houston, inform\u00f3 que el hecho est\u00e1 actualmente\u00a0bajo investigaci\u00f3n. \u201cEste hecho est\u00e1 actualmente bajo investigaci\u00f3n. Agradezco sinceramente a los amigos y colegas por su solidaridad en este momento dif\u00edcil\u201d, dijo el diputado en su cuenta de X&#8230;.<\/p>\n","protected":false},"author":4,"featured_media":1402,"comment_status":"open","ping_status":"open","sticky":false,"template":"","format":"standard","meta":{"_jetpack_memberships_contains_paid_content":false,"footnotes":""},"categories":[20],"tags":[712,110,181,713,139],"class_list":["post-1423","post","type-post","status-publish","format-standard","has-post-thumbnail","hentry","category-justicia","tag-alfredo-pacheco","tag-asesinato","tag-ee-uu","tag-hijo","tag-texas"],"yoast_head":"<!-- This site is optimized with the Yoast SEO plugin v27.5 - https:\/\/yoast.com\/product\/yoast-seo-wordpress\/ -->\n<title>Alfredo Pacheco dice muerte de su hijo est\u00e1 bajo investigaci\u00f3n - Bombazo Informativo<\/title>\n<meta name=\"robots\" content=\"index, follow, max-snippet:-1, max-image-preview:large, max-video-preview:-1\" \/>\n<link rel=\"canonical\" href=\"https:\/\/bombazoinformativo.com\/index.php\/2024\/04\/02\/alfredo-pacheco-dice-muerte-de-su-hijo-esta-bajo-investigacion\/\" \/>\n<meta property=\"og:locale\" content=\"es_ES\" \/>\n<meta property=\"og:type\" content=\"article\" \/>\n<meta property=\"og:title\" content=\"Alfredo Pacheco dice muerte de su hijo est\u00e1 bajo investigaci\u00f3n - Bombazo Informativo\" \/>\n<meta property=\"og:description\" content=\"Santo Domingo.-\u00a0El presidente de la\u00a0C\u00e1mara de Diputados, Alfredo Pacheco,\u00a0tras la muerte de su hijo\u00a0Luis Alfredo Pacheco\u00a0de 34 a\u00f1os, en un\u00a0tiroteo\u00a0en\u00a0Houston, inform\u00f3 que el hecho est\u00e1 actualmente\u00a0bajo investigaci\u00f3n. \u201cEste hecho est\u00e1 actualmente bajo investigaci\u00f3n. Agradezco sinceramente a los amigos y colegas por su solidaridad en este momento dif\u00edcil\u201d, dijo el diputado en su cuenta de X....\" \/>\n<meta property=\"og:url\" content=\"https:\/\/bombazoinformativo.com\/index.php\/2024\/04\/02\/alfredo-pacheco-dice-muerte-de-su-hijo-esta-bajo-investigacion\/\" \/>\n<meta property=\"og:site_name\" content=\"Bombazo Informativo\" \/>\n<meta property=\"article:published_time\" content=\"2024-04-02T16:06:17+00:00\" \/>\n<meta property=\"og:image\" content=\"https:\/\/bombazoinformativo.com\/wp-content\/uploads\/2024\/04\/Alfredo-Pacheco-anuncia-ocupara-por-un-ano-mas-presidencia-de-la-Camara-de-Diputados.webp\" \/>\n\t<meta property=\"og:image:width\" content=\"1280\" \/>\n\t<meta property=\"og:image:height\" content=\"720\" \/>\n\t<meta property=\"og:image:type\" content=\"image\/webp\" \/>\n<meta name=\"author\" content=\"Bombazo Informativo\" \/>\n<meta name=\"twitter:card\" content=\"summary_large_image\" \/>\n<meta name=\"twitter:label1\" content=\"Written by\" \/>\n\t<meta name=\"twitter:data1\" content=\"Bombazo Informativo\" \/>\n<script type=\"application\/ld+json\" class=\"yoast-schema-graph\">{\"@context\":\"https:\\\/\\\/schema.org\",\"@graph\":[{\"@type\":\"Article\",\"@id\":\"https:\\\/\\\/bombazoinformativo.com\\\/index.php\\\/2024\\\/04\\\/02\\\/alfredo-pacheco-dice-muerte-de-su-hijo-esta-bajo-investigacion\\\/#article\",\"isPartOf\":{\"@id\":\"https:\\\/\\\/bombazoinformativo.com\\\/index.php\\\/2024\\\/04\\\/02\\\/alfredo-pacheco-dice-muerte-de-su-hijo-esta-bajo-investigacion\\\/\"},\"author\":{\"name\":\"Bombazo Informativo\",\"@id\":\"https:\\\/\\\/bombazoinformativo.com\\\/#\\\/schema\\\/person\\\/8a14f30019ce669c2ff632f56c95babc\"},\"headline\":\"Alfredo Pacheco dice muerte de su hijo est\u00e1 bajo investigaci\u00f3n\",\"datePublished\":\"2024-04-02T16:06:17+00:00\",\"mainEntityOfPage\":{\"@id\":\"https:\\\/\\\/bombazoinformativo.com\\\/index.php\\\/2024\\\/04\\\/02\\\/alfredo-pacheco-dice-muerte-de-su-hijo-esta-bajo-investigacion\\\/\"},\"wordCount\":95,\"commentCount\":0,\"publisher\":{\"@id\":\"https:\\\/\\\/bombazoinformativo.com\\\/#organization\"},\"image\":{\"@id\":\"https:\\\/\\\/bombazoinformativo.com\\\/index.php\\\/2024\\\/04\\\/02\\\/alfredo-pacheco-dice-muerte-de-su-hijo-esta-bajo-investigacion\\\/#primaryimage\"},\"thumbnailUrl\":\"https:\\\/\\\/bombazoinformativo.com\\\/wp-content\\\/uploads\\\/2024\\\/04\\\/Alfredo-Pacheco-anuncia-ocupara-por-un-ano-mas-presidencia-de-la-Camara-de-Diputados.webp\",\"keywords\":[\"Alfredo Pacheco\",\"Asesinato\",\"EE.UU\",\"Hijo\",\"Texas\"],\"articleSection\":[\"Justicia\"],\"inLanguage\":\"es-DO\",\"potentialAction\":[{\"@type\":\"CommentAction\",\"name\":\"Comment\",\"target\":[\"https:\\\/\\\/bombazoinformativo.com\\\/index.php\\\/2024\\\/04\\\/02\\\/alfredo-pacheco-dice-muerte-de-su-hijo-esta-bajo-investigacion\\\/#respond\"]}]},{\"@type\":\"WebPage\",\"@id\":\"https:\\\/\\\/bombazoinformativo.com\\\/index.php\\\/2024\\\/04\\\/02\\\/alfredo-pacheco-dice-muerte-de-su-hijo-esta-bajo-investigacion\\\/\",\"url\":\"https:\\\/\\\/bombazoinformativo.com\\\/index.php\\\/2024\\\/04\\\/02\\\/alfredo-pacheco-dice-muerte-de-su-hijo-esta-bajo-investigacion\\\/\",\"name\":\"Alfredo Pacheco dice muerte de su hijo est\u00e1 bajo investigaci\u00f3n - Bombazo Informativo\",\"isPartOf\":{\"@id\":\"https:\\\/\\\/bombazoinformativo.com\\\/#website\"},\"primaryImageOfPage\":{\"@id\":\"https:\\\/\\\/bombazoinformativo.com\\\/index.php\\\/2024\\\/04\\\/02\\\/alfredo-pacheco-dice-muerte-de-su-hijo-esta-bajo-investigacion\\\/#primaryimage\"},\"image\":{\"@id\":\"https:\\\/\\\/bombazoinformativo.com\\\/index.php\\\/2024\\\/04\\\/02\\\/alfredo-pacheco-dice-muerte-de-su-hijo-esta-bajo-investigacion\\\/#primaryimage\"},\"thumbnailUrl\":\"https:\\\/\\\/bombazoinformativo.com\\\/wp-content\\\/uploads\\\/2024\\\/04\\\/Alfredo-Pacheco-anuncia-ocupara-por-un-ano-mas-presidencia-de-la-Camara-de-Diputados.webp\",\"datePublished\":\"2024-04-02T16:06:17+00:00\",\"breadcrumb\":{\"@id\":\"https:\\\/\\\/bombazoinformativo.com\\\/index.php\\\/2024\\\/04\\\/02\\\/alfredo-pacheco-dice-muerte-de-su-hijo-esta-bajo-investigacion\\\/#breadcrumb\"},\"inLanguage\":\"es-DO\",\"potentialAction\":[{\"@type\":\"ReadAction\",\"target\":[\"https:\\\/\\\/bombazoinformativo.com\\\/index.php\\\/2024\\\/04\\\/02\\\/alfredo-pacheco-dice-muerte-de-su-hijo-esta-bajo-investigacion\\\/\"]}]},{\"@type\":\"ImageObject\",\"inLanguage\":\"es-DO\",\"@id\":\"https:\\\/\\\/bombazoinformativo.com\\\/index.php\\\/2024\\\/04\\\/02\\\/alfredo-pacheco-dice-muerte-de-su-hijo-esta-bajo-investigacion\\\/#primaryimage\",\"url\":\"https:\\\/\\\/bombazoinformativo.com\\\/wp-content\\\/uploads\\\/2024\\\/04\\\/Alfredo-Pacheco-anuncia-ocupara-por-un-ano-mas-presidencia-de-la-Camara-de-Diputados.webp\",\"contentUrl\":\"https:\\\/\\\/bombazoinformativo.com\\\/wp-content\\\/uploads\\\/2024\\\/04\\\/Alfredo-Pacheco-anuncia-ocupara-por-un-ano-mas-presidencia-de-la-Camara-de-Diputados.webp\",\"width\":1280,\"height\":720},{\"@type\":\"BreadcrumbList\",\"@id\":\"https:\\\/\\\/bombazoinformativo.com\\\/index.php\\\/2024\\\/04\\\/02\\\/alfredo-pacheco-dice-muerte-de-su-hijo-esta-bajo-investigacion\\\/#breadcrumb\",\"itemListElement\":[{\"@type\":\"ListItem\",\"position\":1,\"name\":\"Home\",\"item\":\"https:\\\/\\\/bombazoinformativo.com\\\/\"},{\"@type\":\"ListItem\",\"position\":2,\"name\":\"Alfredo Pacheco dice muerte de su hijo est\u00e1 bajo investigaci\u00f3n\"}]},{\"@type\":\"WebSite\",\"@id\":\"https:\\\/\\\/bombazoinformativo.com\\\/#website\",\"url\":\"https:\\\/\\\/bombazoinformativo.com\\\/\",\"name\":\"Bombazo Informativo\",\"description\":\"En el Bombazo Informativo tenemos el objetivo de brindarte informaciones veraces, con claridad y objetividad.\",\"publisher\":{\"@id\":\"https:\\\/\\\/bombazoinformativo.com\\\/#organization\"},\"potentialAction\":[{\"@type\":\"SearchAction\",\"target\":{\"@type\":\"EntryPoint\",\"urlTemplate\":\"https:\\\/\\\/bombazoinformativo.com\\\/?s={search_term_string}\"},\"query-input\":{\"@type\":\"PropertyValueSpecification\",\"valueRequired\":true,\"valueName\":\"search_term_string\"}}],\"inLanguage\":\"es-DO\"},{\"@type\":\"Organization\",\"@id\":\"https:\\\/\\\/bombazoinformativo.com\\\/#organization\",\"name\":\"Bombazo Informativo\",\"url\":\"https:\\\/\\\/bombazoinformativo.com\\\/\",\"logo\":{\"@type\":\"ImageObject\",\"inLanguage\":\"es-DO\",\"@id\":\"https:\\\/\\\/bombazoinformativo.com\\\/#\\\/schema\\\/logo\\\/image\\\/\",\"url\":\"https:\\\/\\\/bombazoinformativo.com\\\/wp-content\\\/uploads\\\/2024\\\/11\\\/cropped-WhatsApp-Image-2024-11-29-at-12.01.48-PM.jpeg\",\"contentUrl\":\"https:\\\/\\\/bombazoinformativo.com\\\/wp-content\\\/uploads\\\/2024\\\/11\\\/cropped-WhatsApp-Image-2024-11-29-at-12.01.48-PM.jpeg\",\"width\":1599,\"height\":315,\"caption\":\"Bombazo Informativo\"},\"image\":{\"@id\":\"https:\\\/\\\/bombazoinformativo.com\\\/#\\\/schema\\\/logo\\\/image\\\/\"}},{\"@type\":\"Person\",\"@id\":\"https:\\\/\\\/bombazoinformativo.com\\\/#\\\/schema\\\/person\\\/8a14f30019ce669c2ff632f56c95babc\",\"name\":\"Bombazo Informativo\",\"image\":{\"@type\":\"ImageObject\",\"inLanguage\":\"es-DO\",\"@id\":\"https:\\\/\\\/bombazoinformativo.com\\\/wp-content\\\/litespeed\\\/avatar\\\/b076bbe918e43ad70d1f99495fbecd83.jpg?ver=1777262154\",\"url\":\"https:\\\/\\\/bombazoinformativo.com\\\/wp-content\\\/litespeed\\\/avatar\\\/b076bbe918e43ad70d1f99495fbecd83.jpg?ver=1777262154\",\"contentUrl\":\"https:\\\/\\\/bombazoinformativo.com\\\/wp-content\\\/litespeed\\\/avatar\\\/b076bbe918e43ad70d1f99495fbecd83.jpg?ver=1777262154\",\"caption\":\"Bombazo Informativo\"},\"url\":\"https:\\\/\\\/bombazoinformativo.com\\\/index.php\\\/author\\\/bombazo-informativo\\\/\"}]}<\/script>\n<!-- \/ Yoast SEO plugin. -->","yoast_head_json":{"title":"Alfredo Pacheco dice muerte de su hijo est\u00e1 bajo investigaci\u00f3n - Bombazo Informativo","robots":{"index":"index","follow":"follow","max-snippet":"max-snippet:-1","max-image-preview":"max-image-preview:large","max-video-preview":"max-video-preview:-1"},"canonical":"https:\/\/bombazoinformativo.com\/index.php\/2024\/04\/02\/alfredo-pacheco-dice-muerte-de-su-hijo-esta-bajo-investigacion\/","og_locale":"es_ES","og_type":"article","og_title":"Alfredo Pacheco dice muerte de su hijo est\u00e1 bajo investigaci\u00f3n - Bombazo Informativo","og_description":"Santo Domingo.-\u00a0El presidente de la\u00a0C\u00e1mara de Diputados, Alfredo Pacheco,\u00a0tras la muerte de su hijo\u00a0Luis Alfredo Pacheco\u00a0de 34 a\u00f1os, en un\u00a0tiroteo\u00a0en\u00a0Houston, inform\u00f3 que el hecho est\u00e1 actualmente\u00a0bajo investigaci\u00f3n. \u201cEste hecho est\u00e1 actualmente bajo investigaci\u00f3n. Agradezco sinceramente a los amigos y colegas por su solidaridad en este momento dif\u00edcil\u201d, dijo el diputado en su cuenta de X....","og_url":"https:\/\/bombazoinformativo.com\/index.php\/2024\/04\/02\/alfredo-pacheco-dice-muerte-de-su-hijo-esta-bajo-investigacion\/","og_site_name":"Bombazo Informativo","article_published_time":"2024-04-02T16:06:17+00:00","og_image":[{"width":1280,"height":720,"url":"https:\/\/bombazoinformativo.com\/wp-content\/uploads\/2024\/04\/Alfredo-Pacheco-anuncia-ocupara-por-un-ano-mas-presidencia-de-la-Camara-de-Diputados.webp","type":"image\/webp"}],"author":"Bombazo Informativo","twitter_card":"summary_large_image","twitter_misc":{"Written by":"Bombazo Informativo"},"schema":{"@context":"https:\/\/schema.org","@graph":[{"@type":"Article","@id":"https:\/\/bombazoinformativo.com\/index.php\/2024\/04\/02\/alfredo-pacheco-dice-muerte-de-su-hijo-esta-bajo-investigacion\/#article","isPartOf":{"@id":"https:\/\/bombazoinformativo.com\/index.php\/2024\/04\/02\/alfredo-pacheco-dice-muerte-de-su-hijo-esta-bajo-investigacion\/"},"author":{"name":"Bombazo Informativo","@id":"https:\/\/bombazoinformativo.com\/#\/schema\/person\/8a14f30019ce669c2ff632f56c95babc"},"headline":"Alfredo Pacheco dice muerte de su hijo est\u00e1 bajo investigaci\u00f3n","datePublished":"2024-04-02T16:06:17+00:00","mainEntityOfPage":{"@id":"https:\/\/bombazoinformativo.com\/index.php\/2024\/04\/02\/alfredo-pacheco-dice-muerte-de-su-hijo-esta-bajo-investigacion\/"},"wordCount":95,"commentCount":0,"publisher":{"@id":"https:\/\/bombazoinformativo.com\/#organization"},"image":{"@id":"https:\/\/bombazoinformativo.com\/index.php\/2024\/04\/02\/alfredo-pacheco-dice-muerte-de-su-hijo-esta-bajo-investigacion\/#primaryimage"},"thumbnailUrl":"https:\/\/bombazoinformativo.com\/wp-content\/uploads\/2024\/04\/Alfredo-Pacheco-anuncia-ocupara-por-un-ano-mas-presidencia-de-la-Camara-de-Diputados.webp","keywords":["Alfredo Pacheco","Asesinato","EE.UU","Hijo","Texas"],"articleSection":["Justicia"],"inLanguage":"es-DO","potentialAction":[{"@type":"CommentAction","name":"Comment","target":["https:\/\/bombazoinformativo.com\/index.php\/2024\/04\/02\/alfredo-pacheco-dice-muerte-de-su-hijo-esta-bajo-investigacion\/#respond"]}]},{"@type":"WebPage","@id":"https:\/\/bombazoinformativo.com\/index.php\/2024\/04\/02\/alfredo-pacheco-dice-muerte-de-su-hijo-esta-bajo-investigacion\/","url":"https:\/\/bombazoinformativo.com\/index.php\/2024\/04\/02\/alfredo-pacheco-dice-muerte-de-su-hijo-esta-bajo-investigacion\/","name":"Alfredo Pacheco dice muerte de su hijo est\u00e1 bajo investigaci\u00f3n - Bombazo Informativo","isPartOf":{"@id":"https:\/\/bombazoinformativo.com\/#website"},"primaryImageOfPage":{"@id":"https:\/\/bombazoinformativo.com\/index.php\/2024\/04\/02\/alfredo-pacheco-dice-muerte-de-su-hijo-esta-bajo-investigacion\/#primaryimage"},"image":{"@id":"https:\/\/bombazoinformativo.com\/index.php\/2024\/04\/02\/alfredo-pacheco-dice-muerte-de-su-hijo-esta-bajo-investigacion\/#primaryimage"},"thumbnailUrl":"https:\/\/bombazoinformativo.com\/wp-content\/uploads\/2024\/04\/Alfredo-Pacheco-anuncia-ocupara-por-un-ano-mas-presidencia-de-la-Camara-de-Diputados.webp","datePublished":"2024-04-02T16:06:17+00:00","breadcrumb":{"@id":"https:\/\/bombazoinformativo.com\/index.php\/2024\/04\/02\/alfredo-pacheco-dice-muerte-de-su-hijo-esta-bajo-investigacion\/#breadcrumb"},"inLanguage":"es-DO","potentialAction":[{"@type":"ReadAction","target":["https:\/\/bombazoinformativo.com\/index.php\/2024\/04\/02\/alfredo-pacheco-dice-muerte-de-su-hijo-esta-bajo-investigacion\/"]}]},{"@type":"ImageObject","inLanguage":"es-DO","@id":"https:\/\/bombazoinformativo.com\/index.php\/2024\/04\/02\/alfredo-pacheco-dice-muerte-de-su-hijo-esta-bajo-investigacion\/#primaryimage","url":"https:\/\/bombazoinformativo.com\/wp-content\/uploads\/2024\/04\/Alfredo-Pacheco-anuncia-ocupara-por-un-ano-mas-presidencia-de-la-Camara-de-Diputados.webp","contentUrl":"https:\/\/bombazoinformativo.com\/wp-content\/uploads\/2024\/04\/Alfredo-Pacheco-anuncia-ocupara-por-un-ano-mas-presidencia-de-la-Camara-de-Diputados.webp","width":1280,"height":720},{"@type":"BreadcrumbList","@id":"https:\/\/bombazoinformativo.com\/index.php\/2024\/04\/02\/alfredo-pacheco-dice-muerte-de-su-hijo-esta-bajo-investigacion\/#breadcrumb","itemListElement":[{"@type":"ListItem","position":1,"name":"Home","item":"https:\/\/bombazoinformativo.com\/"},{"@type":"ListItem","position":2,"name":"Alfredo Pacheco dice muerte de su hijo est\u00e1 bajo investigaci\u00f3n"}]},{"@type":"WebSite","@id":"https:\/\/bombazoinformativo.com\/#website","url":"https:\/\/bombazoinformativo.com\/","name":"Bombazo Informativo","description":"En el Bombazo Informativo tenemos el objetivo de brindarte informaciones veraces, con claridad y objetividad.","publisher":{"@id":"https:\/\/bombazoinformativo.com\/#organization"},"potentialAction":[{"@type":"SearchAction","target":{"@type":"EntryPoint","urlTemplate":"https:\/\/bombazoinformativo.com\/?s={search_term_string}"},"query-input":{"@type":"PropertyValueSpecification","valueRequired":true,"valueName":"search_term_string"}}],"inLanguage":"es-DO"},{"@type":"Organization","@id":"https:\/\/bombazoinformativo.com\/#organization","name":"Bombazo Informativo","url":"https:\/\/bombazoinformativo.com\/","logo":{"@type":"ImageObject","inLanguage":"es-DO","@id":"https:\/\/bombazoinformativo.com\/#\/schema\/logo\/image\/","url":"https:\/\/bombazoinformativo.com\/wp-content\/uploads\/2024\/11\/cropped-WhatsApp-Image-2024-11-29-at-12.01.48-PM.jpeg","contentUrl":"https:\/\/bombazoinformativo.com\/wp-content\/uploads\/2024\/11\/cropped-WhatsApp-Image-2024-11-29-at-12.01.48-PM.jpeg","width":1599,"height":315,"caption":"Bombazo Informativo"},"image":{"@id":"https:\/\/bombazoinformativo.com\/#\/schema\/logo\/image\/"}},{"@type":"Person","@id":"https:\/\/bombazoinformativo.com\/#\/schema\/person\/8a14f30019ce669c2ff632f56c95babc","name":"Bombazo Informativo","image":{"@type":"ImageObject","inLanguage":"es-DO","@id":"https:\/\/bombazoinformativo.com\/wp-content\/litespeed\/avatar\/b076bbe918e43ad70d1f99495fbecd83.jpg?ver=1777262154","url":"https:\/\/bombazoinformativo.com\/wp-content\/litespeed\/avatar\/b076bbe918e43ad70d1f99495fbecd83.jpg?ver=1777262154","contentUrl":"https:\/\/bombazoinformativo.com\/wp-content\/litespeed\/avatar\/b076bbe918e43ad70d1f99495fbecd83.jpg?ver=1777262154","caption":"Bombazo Informativo"},"url":"https:\/\/bombazoinformativo.com\/index.php\/author\/bombazo-informativo\/"}]}},"jetpack_featured_media_url":"https:\/\/bombazoinformativo.com\/wp-content\/uploads\/2024\/04\/Alfredo-Pacheco-anuncia-ocupara-por-un-ano-mas-presidencia-de-la-Camara-de-Diputados.webp","jetpack_sharing_enabled":true,"_links":{"self":[{"href":"https:\/\/bombazoinformativo.com\/index.php\/wp-json\/wp\/v2\/posts\/1423","targetHints":{"allow":["GET"]}}],"collection":[{"href":"https:\/\/bombazoinformativo.com\/index.php\/wp-json\/wp\/v2\/posts"}],"about":[{"href":"https:\/\/bombazoinformativo.com\/index.php\/wp-json\/wp\/v2\/types\/post"}],"author":[{"embeddable":true,"href":"https:\/\/bombazoinformativo.com\/index.php\/wp-json\/wp\/v2\/users\/4"}],"replies":[{"embeddable":true,"href":"https:\/\/bombazoinformativo.com\/index.php\/wp-json\/wp\/v2\/comments?post=1423"}],"version-history":[{"count":1,"href":"https:\/\/bombazoinformativo.com\/index.php\/wp-json\/wp\/v2\/posts\/1423\/revisions"}],"predecessor-version":[{"id":1426,"href":"https:\/\/bombazoinformativo.com\/index.php\/wp-json\/wp\/v2\/posts\/1423\/revisions\/1426"}],"wp:featuredmedia":[{"embeddable":true,"href":"https:\/\/bombazoinformativo.com\/index.php\/wp-json\/wp\/v2\/media\/1402"}],"wp:attachment":[{"href":"https:\/\/bombazoinformativo.com\/index.php\/wp-json\/wp\/v2\/media?parent=1423"}],"wp:term":[{"taxonomy":"category","embeddable":true,"href":"https:\/\/bombazoinformativo.com\/index.php\/wp-json\/wp\/v2\/categories?post=1423"},{"taxonomy":"post_tag","embeddable":true,"href":"https:\/\/bombazoinformativo.com\/index.php\/wp-json\/wp\/v2\/tags?post=1423"}],"curies":[{"name":"wp","href":"https:\/\/api.w.org\/{rel}","templated":true}]}}